{"id":566098,"date":"2024-10-13T19:37:20","date_gmt":"2024-10-13T23:37:20","guid":{"rendered":"https:\/\/diariodominicano.com\/?p=566098"},"modified":"2024-10-13T19:38:48","modified_gmt":"2024-10-13T23:38:48","slug":"aida-vasquez-yarull-conecto-arte-y-espiritualidad-en-fiarte-2024","status":"publish","type":"post","link":"https:\/\/diariodominicano.com\/?p=566098","title":{"rendered":"Aida V\u00e1squez Yarull conect\u00f3 arte y espiritualidad en FIARTE 2024"},"content":{"rendered":"\n<p>En el marco de la 4ta. edici\u00f3n de la Feria Internacional de Arte (FIARTE 2024), este 13 de octubre de 2024, la artista visual dominicana Aida V\u00e1squez Yarull ofreci\u00f3 una inspiradora charla titulada \u201cLa espiritualidad en el arte\u201d.<\/p>\n\n\n\n<p>Durante su presentaci\u00f3n, V\u00e1squez Yarull explor\u00f3 c\u00f3mo el arte puede servir como un veh\u00edculo para la reflexi\u00f3n interior, la meditaci\u00f3n y el despertar espiritual. La artista comparti\u00f3 su enfoque personal en la b\u00fasqueda de lo sublime a trav\u00e9s del color y la forma, profundizando en c\u00f3mo sus obras procuran crear una conexi\u00f3n \u00edntima entre el espectador y su ser interior.<\/p>\n\n\n\n<figure class=\"wp-block-gallery has-nested-images columns-default is-cropped wp-block-gallery-1 is-layout-flex wp-block-gallery-is-layout-flex\">\n<figure class=\"wp-block-image size-large\"><img loading=\"lazy\" decoding=\"async\" width=\"1024\" height=\"576\" data-id=\"566160\" src=\"https:\/\/diariodominicano.com\/wp-content\/uploads\/2024\/10\/Aida-Vasquez-Yarull-1024x576.jpeg\" alt=\"\" class=\"wp-image-566160\" srcset=\"https:\/\/diariodominicano.com\/wp-content\/uploads\/2024\/10\/Aida-Vasquez-Yarull-1024x576.jpeg 1024w, https:\/\/diariodominicano.com\/wp-content\/uploads\/2024\/10\/Aida-Vasquez-Yarull-300x169.jpeg 300w, https:\/\/diariodominicano.com\/wp-content\/uploads\/2024\/10\/Aida-Vasquez-Yarull-768x432.jpeg 768w, https:\/\/diariodominicano.com\/wp-content\/uploads\/2024\/10\/Aida-Vasquez-Yarull-1536x864.jpeg 1536w, https:\/\/diariodominicano.com\/wp-content\/uploads\/2024\/10\/Aida-Vasquez-Yarull-816x459.jpeg 816w, https:\/\/diariodominicano.com\/wp-content\/uploads\/2024\/10\/Aida-Vasquez-Yarull.jpeg 1600w\" sizes=\"auto, (max-width: 1024px) 100vw, 1024px\" \/><\/figure>\n<\/figure>\n\n\n\n<p>Conocida por su estilo expresionista abstracto, V\u00e1squez Yarull habl\u00f3 sobre la influencia de su formaci\u00f3n en psicolog\u00eda y sus experiencias personales en su proceso creativo, que comienza con una catarsis emocional y se transforma en composiciones vibrantes y llenas de significado. Sus obras abordan temas como la sanidad emocional, la introspecci\u00f3n y la importancia de vivir en el presente, plasmados en piezas trabajadas con t\u00e9cnicas como el espatulado.<\/p>\n\n\n\n<figure class=\"wp-block-gallery has-nested-images columns-default is-cropped wp-block-gallery-2 is-layout-flex wp-block-gallery-is-layout-flex\">\n<figure class=\"wp-block-image size-large\"><img loading=\"lazy\" decoding=\"async\" width=\"1024\" height=\"576\" data-id=\"566162\" src=\"https:\/\/diariodominicano.com\/wp-content\/uploads\/2024\/10\/Aida-Vasquez-Yarull-conecto-arte-y-espiritualidad-FIARTE-2024-1024x576.jpg\" alt=\"\" class=\"wp-image-566162\" srcset=\"https:\/\/diariodominicano.com\/wp-content\/uploads\/2024\/10\/Aida-Vasquez-Yarull-conecto-arte-y-espiritualidad-FIARTE-2024-1024x576.jpg 1024w, https:\/\/diariodominicano.com\/wp-content\/uploads\/2024\/10\/Aida-Vasquez-Yarull-conecto-arte-y-espiritualidad-FIARTE-2024-300x169.jpg 300w, https:\/\/diariodominicano.com\/wp-content\/uploads\/2024\/10\/Aida-Vasquez-Yarull-conecto-arte-y-espiritualidad-FIARTE-2024-768x432.jpg 768w, https:\/\/diariodominicano.com\/wp-content\/uploads\/2024\/10\/Aida-Vasquez-Yarull-conecto-arte-y-espiritualidad-FIARTE-2024-1536x864.jpg 1536w, https:\/\/diariodominicano.com\/wp-content\/uploads\/2024\/10\/Aida-Vasquez-Yarull-conecto-arte-y-espiritualidad-FIARTE-2024-816x459.jpg 816w, https:\/\/diariodominicano.com\/wp-content\/uploads\/2024\/10\/Aida-Vasquez-Yarull-conecto-arte-y-espiritualidad-FIARTE-2024.jpg 1600w\" sizes=\"auto, (max-width: 1024px) 100vw, 1024px\" \/><\/figure>\n<\/figure>\n\n\n\n<p>\u201cLa espiritualidad, para m\u00ed, es una invitaci\u00f3n a conectar con lo que somos en esencia. Mis obras buscan evocar esa conexi\u00f3n y abrir un espacio para la introspecci\u00f3n y el crecimiento personal\u201d, expres\u00f3 la artista durante su intervenci\u00f3n.<\/p>\n\n\n\n<p>El p\u00fablico asistente destac\u00f3 la profundidad y autenticidad de su mensaje, reconociendo el impacto de sus palabras al vincular el arte con la experiencia espiritual. Su charla fue uno de los momentos m\u00e1s significativos de FIARTE 2024, dejando una huella emocional en los participantes.<\/p>\n\n\n\n<figure class=\"wp-block-gallery has-nested-images columns-default is-cropped wp-block-gallery-3 is-layout-flex wp-block-gallery-is-layout-flex\">\n<figure class=\"wp-block-image size-large\"><img loading=\"lazy\" decoding=\"async\" width=\"1024\" height=\"576\" data-id=\"566161\" src=\"https:\/\/diariodominicano.com\/wp-content\/uploads\/2024\/10\/Aida-Vasquez-Yarull-conecto-arte-y-espiritualidad-en-FIARTE-2024-1024x576.jpeg\" alt=\"\" class=\"wp-image-566161\" srcset=\"https:\/\/diariodominicano.com\/wp-content\/uploads\/2024\/10\/Aida-Vasquez-Yarull-conecto-arte-y-espiritualidad-en-FIARTE-2024-1024x576.jpeg 1024w, https:\/\/diariodominicano.com\/wp-content\/uploads\/2024\/10\/Aida-Vasquez-Yarull-conecto-arte-y-espiritualidad-en-FIARTE-2024-300x169.jpeg 300w, https:\/\/diariodominicano.com\/wp-content\/uploads\/2024\/10\/Aida-Vasquez-Yarull-conecto-arte-y-espiritualidad-en-FIARTE-2024-768x432.jpeg 768w, https:\/\/diariodominicano.com\/wp-content\/uploads\/2024\/10\/Aida-Vasquez-Yarull-conecto-arte-y-espiritualidad-en-FIARTE-2024-1536x864.jpeg 1536w, https:\/\/diariodominicano.com\/wp-content\/uploads\/2024\/10\/Aida-Vasquez-Yarull-conecto-arte-y-espiritualidad-en-FIARTE-2024-816x459.jpeg 816w, https:\/\/diariodominicano.com\/wp-content\/uploads\/2024\/10\/Aida-Vasquez-Yarull-conecto-arte-y-espiritualidad-en-FIARTE-2024.jpeg 1600w\" sizes=\"auto, (max-width: 1024px) 100vw, 1024px\" \/><\/figure>\n<\/figure>\n\n\n\n<p><strong>Sobre FIARTE 2024<\/strong><strong><\/strong><\/p>\n\n\n\n<p>FIARTE contin\u00faa consolid\u00e1ndose como un evento de referencia en el arte contempor\u00e1neo, reuniendo a creadores nacionales e internacionales en un entorno que celebra la creatividad, la innovaci\u00f3n y la diversidad art\u00edstica. La edici\u00f3n 2024 se llev\u00f3 a cabo BlueMall Punta Cana del 9 al 13 de octubre.<\/p>\n\n\n\n<figure class=\"wp-block-gallery has-nested-images columns-default is-cropped wp-block-gallery-4 is-layout-flex wp-block-gallery-is-layout-flex\">\n<figure class=\"wp-block-image size-large\"><img loading=\"lazy\" decoding=\"async\" width=\"1024\" height=\"768\" data-id=\"566158\" src=\"https:\/\/diariodominicano.com\/wp-content\/uploads\/2024\/10\/Aida-Vasquez-Yarull-conecto-arte-y-espiritualidad-FIARTE-2024-1024x768.jpeg\" alt=\"\" class=\"wp-image-566158\" srcset=\"https:\/\/diariodominicano.com\/wp-content\/uploads\/2024\/10\/Aida-Vasquez-Yarull-conecto-arte-y-espiritualidad-FIARTE-2024-1024x768.jpeg 1024w, https:\/\/diariodominicano.com\/wp-content\/uploads\/2024\/10\/Aida-Vasquez-Yarull-conecto-arte-y-espiritualidad-FIARTE-2024-300x225.jpeg 300w, https:\/\/diariodominicano.com\/wp-content\/uploads\/2024\/10\/Aida-Vasquez-Yarull-conecto-arte-y-espiritualidad-FIARTE-2024-768x576.jpeg 768w, https:\/\/diariodominicano.com\/wp-content\/uploads\/2024\/10\/Aida-Vasquez-Yarull-conecto-arte-y-espiritualidad-FIARTE-2024-816x612.jpeg 816w, https:\/\/diariodominicano.com\/wp-content\/uploads\/2024\/10\/Aida-Vasquez-Yarull-conecto-arte-y-espiritualidad-FIARTE-2024.jpeg 1280w\" sizes=\"auto, (max-width: 1024px) 100vw, 1024px\" \/><\/figure>\n<\/figure>\n\n\n\n<p>Agradecimiento especial a: KahKow y BlueMall Puntacana como patrocinadores oficiales, el apoyo de la Fundaci\u00f3n don Roberto y do\u00f1a Yvonne Nader, Francisco Nader Arte Latinoamericano, Ta\u00edno, Brugal, Grupo Mateirosa, Maralda, Caf\u00e9 Santo Domingo.<\/p>\n\n\n\n<figure class=\"wp-block-gallery has-nested-images columns-default is-cropped wp-block-gallery-5 is-layout-flex wp-block-gallery-is-layout-flex\">\n<figure class=\"wp-block-image size-large\"><img loading=\"lazy\" decoding=\"async\" width=\"576\" height=\"1024\" data-id=\"566157\" src=\"https:\/\/diariodominicano.com\/wp-content\/uploads\/2024\/10\/Aida-Vasquez-Yarull--576x1024.jpeg\" alt=\"\" class=\"wp-image-566157\" srcset=\"https:\/\/diariodominicano.com\/wp-content\/uploads\/2024\/10\/Aida-Vasquez-Yarull--576x1024.jpeg 576w, https:\/\/diariodominicano.com\/wp-content\/uploads\/2024\/10\/Aida-Vasquez-Yarull--169x300.jpeg 169w, https:\/\/diariodominicano.com\/wp-content\/uploads\/2024\/10\/Aida-Vasquez-Yarull--768x1365.jpeg 768w, https:\/\/diariodominicano.com\/wp-content\/uploads\/2024\/10\/Aida-Vasquez-Yarull--864x1536.jpeg 864w, https:\/\/diariodominicano.com\/wp-content\/uploads\/2024\/10\/Aida-Vasquez-Yarull--816x1451.jpeg 816w, https:\/\/diariodominicano.com\/wp-content\/uploads\/2024\/10\/Aida-Vasquez-Yarull-.jpeg 900w\" sizes=\"auto, (max-width: 576px) 100vw, 576px\" \/><\/figure>\n<\/figure>\n\n\n\n<p>Al equipo de producci\u00f3n representado por: Francisco Nader (director), Camilo Paredes (editor), Ruth Brindis (log\u00edstica), Oscar Camino Mendoza (gestor), Abil Peralta Ag\u00fcero y Lilian Carrasco (asesores) y Jazer C\u00e1rdenas (dise\u00f1ador). A todos los artistas, colaboradores y p\u00fablico en general. <\/p>\n","protected":false},"excerpt":{"rendered":"<p>En el marco de la 4ta. edici\u00f3n de la Feria Internacional de Arte (FIARTE 2024), este 13 de octubre de 2024, la artista visual dominicana Aida V\u00e1squez Yarull ofreci\u00f3 una inspiradora charla titulada \u201cLa espiritualidad en el arte\u201d. Durante su presentaci\u00f3n, V\u00e1squez Yarull explor\u00f3 c\u00f3mo el arte puede servir como un veh\u00edculo para la reflexi\u00f3n [&hellip;]<\/p>\n","protected":false},"author":7,"featured_media":566156,"comment_status":"closed","ping_status":"closed","sticky":false,"template":"","format":"standard","meta":{"footnotes":""},"categories":[21],"tags":[210,436],"class_list":["post-566098","post","type-post","status-publish","format-standard","has-post-thumbnail","hentry","category-cultura","tag-aida-vasquez-yarull","tag-fiarte-2024"],"_links":{"self":[{"href":"https:\/\/diariodominicano.com\/index.php?rest_route=\/wp\/v2\/posts\/566098","targetHints":{"allow":["GET"]}}],"collection":[{"href":"https:\/\/diariodominicano.com\/index.php?rest_route=\/wp\/v2\/posts"}],"about":[{"href":"https:\/\/diariodominicano.com\/index.php?rest_route=\/wp\/v2\/types\/post"}],"author":[{"embeddable":true,"href":"https:\/\/diariodominicano.com\/index.php?rest_route=\/wp\/v2\/users\/7"}],"replies":[{"embeddable":true,"href":"https:\/\/diariodominicano.com\/index.php?rest_route=%2Fwp%2Fv2%2Fcomments&post=566098"}],"version-history":[{"count":1,"href":"https:\/\/diariodominicano.com\/index.php?rest_route=\/wp\/v2\/posts\/566098\/revisions"}],"predecessor-version":[{"id":566163,"href":"https:\/\/diariodominicano.com\/index.php?rest_route=\/wp\/v2\/posts\/566098\/revisions\/566163"}],"wp:featuredmedia":[{"embeddable":true,"href":"https:\/\/diariodominicano.com\/index.php?rest_route=\/wp\/v2\/media\/566156"}],"wp:attachment":[{"href":"https:\/\/diariodominicano.com\/index.php?rest_route=%2Fwp%2Fv2%2Fmedia&parent=566098"}],"wp:term":[{"taxonomy":"category","embeddable":true,"href":"https:\/\/diariodominicano.com\/index.php?rest_route=%2Fwp%2Fv2%2Fcategories&post=566098"},{"taxonomy":"post_tag","embeddable":true,"href":"https:\/\/diariodominicano.com\/index.php?rest_route=%2Fwp%2Fv2%2Ftags&post=566098"}],"curies":[{"name":"wp","href":"https:\/\/api.w.org\/{rel}","templated":true}]}}