{"id":56609,"date":"2020-02-07T11:44:15","date_gmt":"2020-02-07T11:44:15","guid":{"rendered":"http:\/\/diariodominicano.ddns.net\/?p=56609"},"modified":"2020-02-07T11:44:15","modified_gmt":"2020-02-07T11:44:15","slug":"el-ministro-de-cultura-asiste-a-la-apertura-del-tercer-congreso-nacional-de-cine-organizado-por-dgcine","status":"publish","type":"post","link":"https:\/\/diariodominicano.com\/?p=56609","title":{"rendered":"El ministro de Cultura asiste a la apertura del tercer Congreso Nacional de Cine organizado por DGCINE"},"content":{"rendered":"<p><body><\/p>\n<p><img decoding=\"async\" src=\"img3\/asist2.jpg\" \/><br \/><img decoding=\"async\" src=\"img3\/asist4.jpg\" \/>  <\/p>\n<p>Santo Domingo. &#8211; El ministro de Cultura, arquitecto Eduardo Selman, particip\u00f3 en la apertura del tercer Congreso Nacional de Cine, organizado por la Direcci\u00f3n General de Cine (DIGCINE), que fue inaugurado este jueves y que se extender\u00e1 hasta el s\u00e1bado 8 de febrero.<\/p>\n<\/p>\n<p>El c\u00f3nclave se desarrolla en el Centro de Convenciones del Ministerio de Relaciones Exteriores y est\u00e1 dedicado a la destacada cineasta dominicana Mar\u00eda Electa St\u00e9fani Espaillat, quien entreg\u00f3 su vida por completo a las filmaciones en celuloide blanco y negro en la d\u00e9cada de 1920.<\/p>\n<\/p>\n<p>El ministro de Cultura, Eduardo Selman, realiz\u00f3 el recorrido por los estands que promocionan la plataforma industrial de la cinematogr\u00e1fica dominicana, en compa\u00f1\u00eda del viceministro de Creatividad y Participaci\u00f3n Popular, Cayo Claudio Espinal, y la directora general de DGCINE, Yvette Marichal.<\/p>\n<\/p>\n<p>El funcionario apreci\u00f3 el montaje del Congreso de Cine, del que dijo, refleja el empe\u00f1o que el gobierno del presidente Danilo Medina ha estado poniendo en procura del desarrollo de la industria cinematogr\u00e1fica nacional.<\/p>\n<\/p>\n<p>Yvette Marichal agradeci\u00f3 el apoyo del Ministerio de Cultura y del Ministerio de Relaciones Exteriores para llevar a cabo la tercera edici\u00f3n del Congreso Nacional de Cine.<\/p>\n<\/p>\n<p>\u00abDesde su primera edici\u00f3n, el congreso ha servido como una plataforma interdisciplinaria de intercambio de ideas, donde los participantes tienen la oportunidad de interactuar con personalidades del sector y conocer los avances y desaf\u00edos de una industria en constante crecimiento\u00bb, puntualiz\u00f3 Marichal.<\/p>\n<\/p>\n<p>El congreso, que por espacio de tres d\u00edas reunir\u00e1 a representantes del sector cinematogr\u00e1fico y audiovisual de la Rep\u00fablica Dominicana, tiene como objetivo establecer un espacio de discusi\u00f3n y debate sobre la actualidad de la industria audiovisual en el pa\u00eds.  <\/p>\n<\/p>\n<p>Dedicatoria a Mar\u00eda Electa St\u00e9fani Espaillat<\/p>\n<\/p>\n<p>Mar\u00eda Electa fue la verdadera pionera del cine dominicano, quien a los 16 a\u00f1os tuvo la oportunidad de ver la primera pel\u00edcula de los hermanos Lumi\u00e8re en 1900, cuando el comerciante italiano Francesco Greco la present\u00f3 en el Teatro Curiel de Puerto Plata. Mar\u00eda Electa era nieta del expresidente Francisco Ulises Espaillat.<\/p>\n<\/p>\n<p>Fue la primera mujer en realizar la producci\u00f3n de la pel\u00edcula \u00abLa emboscada de Cupido\u00bb, estrenada el 19 de marzo de 1924. Fund\u00f3 el Gurabito Country Club de Santiago, ya que tambi\u00e9n era amante de los deportes, al igual que la poes\u00eda y la escritura. Impuls\u00f3 la celebraci\u00f3n del d\u00eda de las madres en su ciudad natal, Santiago, donde particip\u00f3 como reina del carnaval y fungi\u00f3 como organizadora de los eventos sociales de recaudaci\u00f3n para ayudar a personas de escasos recursos.<\/p>\n<\/p>\n<p>&#8212;<\/p>\n<p>Direcci\u00f3n de Comunicaciones<\/p>\n<p>Ministerio de Cultura de la Rep\u00fablica Dominicana<\/p>\n<\/p>\n<p>Descarga nuestra app MiCulturApp<\/p>\n<h6> 2020-02-07 11:44:15 <\/h6>\n<p><!--\n<link rel=\"stylesheet\" href=\"css\/bootstrap.min.css\">\n\n\n<ul class=\"pagination\">\n\t    \n\t\n\n<li >\n\t<a href='?page_no=851'>Previous<\/a>\n\t<\/li>\n\n\n       \n    \n\n<li><a href='?page_no=1'>1<\/a><\/li>\n\n\n\n<li><a href='?page_no=2'>2<\/a><\/li>\n\n\n\n<li><a>...<\/a><\/li>\n\n\n\n<li><a href='?page_no=850'>850<\/a><\/li>\n\n\n\n<li><a href='?page_no=851'>851<\/a><\/li>\n\n\n\n<li class='active'><a>852<\/a><\/li>\n\n\n\n<li><a href='?page_no=853'>853<\/a><\/li>\n\n\n\n<li><a href='?page_no=854'>854<\/a><\/li>\n\n\n\n<li><a>...<\/a><\/li>\n\n\n\n<li><a href='?page_no=22911'>22911<\/a><\/li>\n\n\n\n<li><a href='?page_no=22912'>22912<\/a><\/li>\n\n    \n\t\n\n<li >\n\t<a href='?page_no=853'>Next<\/a>\n\t<\/li>\n\n\n    \n\n<li><a href='?page_no=22912'>Last &rsaquo;&rsaquo;<\/a><\/li>\n\n<\/ul>\n\n\n--><br \/>\n<\/body><\/p>\n","protected":false},"excerpt":{"rendered":"<p>Santo Domingo. &#8211; El ministro de Cultura, arquitecto Eduardo Selman, particip\u00f3 en la apertura del tercer Congreso Nacional de Cine, organizado por la Direcci\u00f3n General de Cine (DIGCINE), que fue inaugurado este jueves y que se extender\u00e1 hasta el s\u00e1bado 8 de febrero. El c\u00f3nclave se desarrolla en el Centro de Convenciones del Ministerio de [&hellip;]<\/p>\n","protected":false},"author":3,"featured_media":0,"comment_status":"open","ping_status":"open","sticky":false,"template":"","format":"standard","meta":{"footnotes":""},"categories":[21],"tags":[],"class_list":["post-56609","post","type-post","status-publish","format-standard","hentry","category-cultura"],"_links":{"self":[{"href":"https:\/\/diariodominicano.com\/index.php?rest_route=\/wp\/v2\/posts\/56609","targetHints":{"allow":["GET"]}}],"collection":[{"href":"https:\/\/diariodominicano.com\/index.php?rest_route=\/wp\/v2\/posts"}],"about":[{"href":"https:\/\/diariodominicano.com\/index.php?rest_route=\/wp\/v2\/types\/post"}],"author":[{"embeddable":true,"href":"https:\/\/diariodominicano.com\/index.php?rest_route=\/wp\/v2\/users\/3"}],"replies":[{"embeddable":true,"href":"https:\/\/diariodominicano.com\/index.php?rest_route=%2Fwp%2Fv2%2Fcomments&post=56609"}],"version-history":[{"count":0,"href":"https:\/\/diariodominicano.com\/index.php?rest_route=\/wp\/v2\/posts\/56609\/revisions"}],"wp:attachment":[{"href":"https:\/\/diariodominicano.com\/index.php?rest_route=%2Fwp%2Fv2%2Fmedia&parent=56609"}],"wp:term":[{"taxonomy":"category","embeddable":true,"href":"https:\/\/diariodominicano.com\/index.php?rest_route=%2Fwp%2Fv2%2Fcategories&post=56609"},{"taxonomy":"post_tag","embeddable":true,"href":"https:\/\/diariodominicano.com\/index.php?rest_route=%2Fwp%2Fv2%2Ftags&post=56609"}],"curies":[{"name":"wp","href":"https:\/\/api.w.org\/{rel}","templated":true}]}}