{"id":566030,"date":"2024-10-13T17:28:43","date_gmt":"2024-10-13T21:28:43","guid":{"rendered":"https:\/\/diariodominicano.com\/?p=566030"},"modified":"2024-10-13T23:28:17","modified_gmt":"2024-10-14T03:28:17","slug":"directora-general-de-superate-presenta-logros-y-desafios-del-bono-de-emergencia-en-foro-sisca-y-banco-mundial","status":"publish","type":"post","link":"https:\/\/diariodominicano.com\/?p=566030","title":{"rendered":"Directora de Sup\u00e9rate presenta logros y desaf\u00edos del Bono de Emergencia en foro Sisca y Banco Mundial"},"content":{"rendered":"\n<p><em>Gloria Reyes destac\u00f3 que Sup\u00e9rate y el gobierno de Luis Abinader est\u00e1n comprometidos con evitar el agravamiento de la situaci\u00f3n de quienes se encuentran en situaci\u00f3n de riesgo y con la reducci\u00f3n de la pobreza.<\/em><\/p>\n\n\n\n<p><strong>Ciudad de Guatemala, Guatemala, 13 de octubre, 2024.-<\/strong>&nbsp;\u201cGracias a la implementaci\u00f3n del sistema de Protecci\u00f3n Social Adaptativa, el gobierno dominicano ha podido responder r\u00e1pida y eficientemente a la poblaci\u00f3n ante crisis provocadas por fen\u00f3menos clim\u00e1ticos y sociales\u201d, as\u00ed lo afirm\u00f3 la directora general de Sup\u00e9rate, Gloria Reyes, durante una ponencia en el foro Sisca y Banco Mundial, celebrado en Ciudad de Guatemala, Guatemala.<\/p>\n\n\n\n<figure class=\"wp-block-image\"><img decoding=\"async\" src=\"https:\/\/diariodominicano.com\/wp-content\/uploads\/2024\/10\/Directora-general-de-Superate-habla-de-la-experiencia-del-Bono-de-Emergencia-en-RD-en-foro-Sisca-y-Banco-Mundial-1024x683.jpg\" alt=\"\"\/><\/figure>\n\n\n\n<p>Destac\u00f3 que, gracias a la construcci\u00f3n de un sistema de Protecci\u00f3n Social Adaptativa, la Rep\u00fablica Dominicana ha logrado avances&nbsp;en \u00e1reas como la implementaci\u00f3n de programas, sistemas de prestaci\u00f3n, registros sociales, acuerdos institucionales y financieros.<\/p>\n\n\n\n<p>Reyes resalt\u00f3, ante representantes del Grupo Banco Mundial y de otros pa\u00edses de la regi\u00f3n, logros obtenidos del dise\u00f1o y distribuci\u00f3n del Bono de Emergencia, tales como los avances en el levantamiento de datos y la comunicaci\u00f3n con nuestros beneficiarios, permiti\u00e9ndoles verificar su elegibilidad a trav\u00e9s de canales digitales. \u201cTambi\u00e9n el fortalecimiento del liderazgo de nuestros colaboradores que trabajan en campo, generando confianza y acompa\u00f1amiento a los favorecidos antes, durante y despu\u00e9s del contexto de emergencia\u201d.<\/p>\n\n\n\n<p>Asimismo, expres\u00f3 que uno de los avances m\u00e1s visibles ha sido c\u00f3mo, \u201ca trav\u00e9s de estas transferencias monetarias en momentos de crisis, hemos podido mitigar la pobreza, espec\u00edficamente en un 6.89% durante la pandemia, y la implementaci\u00f3n de protocolos de desmonte para garantizar la temporalidad de la transferencia monetaria\u201d.<\/p>\n\n\n\n<p>Gloria Reyes indic\u00f3 que, en el a\u00f1o 2022, Sup\u00e9rate y diversos actores del Sistema de Protecci\u00f3n Social, multilaterales y organismos internacionales, iniciaron los trabajos los trabajos de redacci\u00f3n de la Gu\u00eda T\u00e9cnica del Bono de Emergencia, manual que trazar\u00eda las pautas para implementar este subsidio.<\/p>\n\n\n\n<p>&nbsp;\u201cY fue en ese mismo a\u00f1o, luego de finalizada la gu\u00eda, que Rep\u00fablica Dominicana fue impactada por los efectos del hurac\u00e1n Fiona, lo que nos sirvi\u00f3 como piloto de esa estrategia. Esto nos permiti\u00f3 la implementaci\u00f3n de diversos m\u00e9todos de pago que se ajustaran a la realidad del beneficiario. Asimismo, ejecutamos criterios de priorizaci\u00f3n con miras a la optimizaci\u00f3n de los recursos\u201d.<\/p>\n\n\n\n<p>Otro de los factores que destac\u00f3 la directora general de Sup\u00e9rate han contribuido a la eficiencia del sistema de Protecci\u00f3n Social Adaptativa en Rep\u00fablica Dominicana es el uso de herramientas tecnol\u00f3gicas, las cuales han sido de mucha utilidad en la georreferenciaci\u00f3n, drones para poder hacer estos levantamientos r\u00e1pido y tener una informaci\u00f3n certera a tiempo para poder llegar a las familias.<\/p>\n\n\n\n<p>En cuanto a los desaf\u00edos de la Protecci\u00f3n Social Adaptativa en Rep\u00fablica Dominicana, la funcionaria gubernamental se\u00f1al\u00f3 que conscientes de que el cambio clim\u00e1tico es una amenaza para Latinoam\u00e9rica y el Caribe, Sup\u00e9rate y el gobierno de Luis Abinader est\u00e1n comprometidos con evitar el agravamiento de la situaci\u00f3n de quienes se encuentran en situaci\u00f3n de riesgo y con la reducci\u00f3n de la pobreza.<\/p>\n\n\n\n<p>\u201cEn ese sentido, es necesario que trabajemos en la generaci\u00f3n de resiliencia para nuestros beneficiarios, asegur\u00e1ndoles una mejora en su calidad de vida; de lo contrario, pueden verse gravemente afectados por el cambio clim\u00e1tico. Por ello, como Sistema de Protecci\u00f3n Social, tenemos el compromiso de responder a estos desaf\u00edos y de seguir promoviendo una estrategia de protecci\u00f3n social adaptativa e integral, que permita una r\u00e1pida recuperaci\u00f3n, aumente la capacidad de recuperaci\u00f3n y promueva el desarrollo humano\u201d, asever\u00f3 Reyes en el referido evento.<\/p>\n\n\n\n<p>Como reto de la implementaci\u00f3n del sistema de Protecci\u00f3n Social Adaptativa en Rep\u00fablica Dominicana, Gloria Reyes&nbsp;apunt\u00f3 a la desactualizaci\u00f3n de la actual Ley de Gesti\u00f3n de Riesgos, la cual no establece la vinculaci\u00f3n de la protecci\u00f3n social en contextos de emergencia; indic\u00f3 que la gu\u00eda actual del Bono de Emergencia est\u00e1 centrada en situaciones hidrometeorol\u00f3gicas.<\/p>\n\n\n\n<p>El VII Foro consultivo regional de la Pol\u00edtica Centroamericana de Gesti\u00f3n Integral de Riesgo (PCGIR), cuya coordinaci\u00f3n y direcci\u00f3n est\u00e1 bajo la responsabilidad de la Presidencia Pro-Tempore que actualmente recae en el Gobierno de Panam\u00e1, fue celebrado los d\u00edas 8, 9 y 10 de octubre, en Ciudad de Guatemala, Guatemala.<\/p>\n\n\n\n<p><strong>Prensa Sup\u00e9rate.-<\/strong><strong><\/strong>&#8212;<br><strong>Prensa Sup\u00e9rate<\/strong><\/p>\n","protected":false},"excerpt":{"rendered":"<p>Gloria Reyes destac\u00f3 que Sup\u00e9rate y el gobierno de Luis Abinader est\u00e1n comprometidos con evitar el agravamiento de la situaci\u00f3n de quienes se encuentran en situaci\u00f3n de riesgo y con la reducci\u00f3n de la pobreza. Ciudad de Guatemala, Guatemala, 13 de octubre, 2024.-&nbsp;\u201cGracias a la implementaci\u00f3n del sistema de Protecci\u00f3n Social Adaptativa, el gobierno dominicano [&hellip;]<\/p>\n","protected":false},"author":7,"featured_media":566087,"comment_status":"closed","ping_status":"closed","sticky":false,"template":"","format":"standard","meta":{"footnotes":""},"categories":[20],"tags":[388],"class_list":["post-566030","post","type-post","status-publish","format-standard","has-post-thumbnail","hentry","category-dominicana-hoy","tag-superate"],"_links":{"self":[{"href":"https:\/\/diariodominicano.com\/index.php?rest_route=\/wp\/v2\/posts\/566030","targetHints":{"allow":["GET"]}}],"collection":[{"href":"https:\/\/diariodominicano.com\/index.php?rest_route=\/wp\/v2\/posts"}],"about":[{"href":"https:\/\/diariodominicano.com\/index.php?rest_route=\/wp\/v2\/types\/post"}],"author":[{"embeddable":true,"href":"https:\/\/diariodominicano.com\/index.php?rest_route=\/wp\/v2\/users\/7"}],"replies":[{"embeddable":true,"href":"https:\/\/diariodominicano.com\/index.php?rest_route=%2Fwp%2Fv2%2Fcomments&post=566030"}],"version-history":[{"count":2,"href":"https:\/\/diariodominicano.com\/index.php?rest_route=\/wp\/v2\/posts\/566030\/revisions"}],"predecessor-version":[{"id":566165,"href":"https:\/\/diariodominicano.com\/index.php?rest_route=\/wp\/v2\/posts\/566030\/revisions\/566165"}],"wp:featuredmedia":[{"embeddable":true,"href":"https:\/\/diariodominicano.com\/index.php?rest_route=\/wp\/v2\/media\/566087"}],"wp:attachment":[{"href":"https:\/\/diariodominicano.com\/index.php?rest_route=%2Fwp%2Fv2%2Fmedia&parent=566030"}],"wp:term":[{"taxonomy":"category","embeddable":true,"href":"https:\/\/diariodominicano.com\/index.php?rest_route=%2Fwp%2Fv2%2Fcategories&post=566030"},{"taxonomy":"post_tag","embeddable":true,"href":"https:\/\/diariodominicano.com\/index.php?rest_route=%2Fwp%2Fv2%2Ftags&post=566030"}],"curies":[{"name":"wp","href":"https:\/\/api.w.org\/{rel}","templated":true}]}}