{"id":566025,"date":"2024-10-13T14:20:08","date_gmt":"2024-10-13T18:20:08","guid":{"rendered":"https:\/\/diariodominicano.com\/?p=566025"},"modified":"2024-10-13T23:40:58","modified_gmt":"2024-10-14T03:40:58","slug":"para-romper-el-dominio-de-la-minoria-nacional","status":"publish","type":"post","link":"https:\/\/diariodominicano.com\/?p=566025","title":{"rendered":"Para romper el dominio de la minor\u00eda nacional"},"content":{"rendered":"\n<p>Por: Ram\u00f3n Antonio Veras.<\/p>\n\n\n\n<p>1.- Las clases sociales que representan el subdesarrollo, hoy dominan a la Rep\u00fablica Dominicana, y que siga siendo as\u00ed, no depende de su voluntad, sino del accionar de quienes se oponen a que predomine semejante situaci\u00f3n.<\/p>\n\n\n\n<p>2.- Los cambios sociales son obra de las mujeres y los hombres que creen que el porvenir llegar\u00e1, porque as\u00ed lo deciden los que hacen de actores de lo nuevo, los transformadores.<\/p>\n\n\n\n<p>3.- La confianza en s\u00ed mismo es lo que ha hecho posible que el ser humano domine la naturaleza, poni\u00e9ndola a su alcance y disposici\u00f3n.<\/p>\n\n\n\n<p>4.- La idea anterior sirvi\u00f3 a M\u00e1ximo Gorki, para razonar en el sentido de que: \u201cHay que hacer comprender al hombre que \u00e9l es el creador y el due\u00f1o del mundo, que sobre \u00e9l recae la responsabilidad de todo el mal de la tierra, pero que a \u00e9l le incumbe tambi\u00e9n la gloria de todo el bien de la vida\u201d.<\/p>\n\n\n\n<p>5.- La dif\u00edcil situaci\u00f3n que padece el pueblo dominicano no ser\u00e1 superada por lo que se benefician de la desgracia nacional, sino por quienes adversan las injusticias.<\/p>\n\n\n\n<p>6.- Corresponde a las personas sensibles detenerse a pensar que la raz\u00f3n de su existencia en el medio social dominicano no debe limitarse a compadecerse, sino batallar para que impere la alegr\u00eda.<\/p>\n\n\n\n<p>7.- En el territorio nacional, y no en el espacio sideral, est\u00e1n las fuerzas motrices llamadas a hacer desaparecer el modelo econ\u00f3mico que tiene a las masas populares hundidas en la pobreza.<\/p>\n\n\n\n<p>8.- Para que la mayor\u00eda de las dominicanas y los dominicanos vivan con dignidad no debemos limitarnos a la simple cr\u00edtica. Hay que actuar, decidirse por impugnar con acciones que pongan en entredicho el vigente r\u00e9gimen econ\u00f3mico.<\/p>\n\n\n\n<p>9.- Si la minor\u00eda nacional gobierna sin tropiezos, es porque los oprimidos se mantienen resignados y sin aliados que hagan causa com\u00fan con los indignados.<\/p>\n\n\n\n<p>10.- Los sectores democr\u00e1ticos permanecer inactivos, es no cumplir su rol de piedras angulares en todas las direcciones del progreso social, como es su deber.<\/p>\n\n\n\n<p>11.- Hasta ahora, se est\u00e1 comprobando que el pensamiento progresista del pa\u00eds est\u00e1 disperso, lo que impide coordinar acciones comunes contrarias al imperante dominio de los grupos m\u00e1s retr\u00f3grados.<\/p>\n\n\n\n<p>12.- Decidirse por integrarse a la lucha social, es cuesti\u00f3n de convicciones. Es sentirse obligado a trabajar pol\u00edticamente para que gente con nuevos ideales dirijan los destinos de la patria y lo hagan con decoro y respeto a la independencia y soberan\u00eda nacional.<\/p>\n\n\n\n<p>13.- Lo mejor de nuestro pueblo, los que hoy llevan una vida de pesares, est\u00e1n necesitando de personas con fuerza de voluntad para bregar de manera decidida por cambios verdaderos que solo se logran con determinaci\u00f3n y perseverancia hasta la victoria final.<\/p>\n\n\n\n<p>14.- Aqu\u00ed, y no en otro lugar, permanecen los activistas, los militantes que, con convencimiento, est\u00e1n comprometidos a que la situaci\u00f3n actual no se prolongue m\u00e1s por falta de resoluci\u00f3n y cumplimiento del deber c\u00edvico y social.<\/p>\n\n\n\n<p>15.- Las condiciones de pobreza que arrastra nuestra gente, no es para mujeres y hombres de ideas renovadoras comportarse pol\u00edticamente serenos, en calma, suave, muy sosegados.<\/p>\n\n\n\n<p>16.- La felicidad de la mayor\u00eda del pueblo dominicano depende de quienes no tienen nada que ver con el retardo y la ausencia de avance y desarrollo humano.<\/p>\n\n\n\n<p>Santiago de los Caballeros,<\/p>\n\n\n\n<p>2 de octubre de 2024.<\/p>\n","protected":false},"excerpt":{"rendered":"<p>Por: Ram\u00f3n Antonio Veras. 1.- Las clases sociales que representan el subdesarrollo, hoy dominan a la Rep\u00fablica Dominicana, y que siga siendo as\u00ed, no depende de su voluntad, sino del accionar de quienes se oponen a que predomine semejante situaci\u00f3n. 2.- Los cambios sociales son obra de las mujeres y los hombres que creen que [&hellip;]<\/p>\n","protected":false},"author":7,"featured_media":404710,"comment_status":"closed","ping_status":"closed","sticky":false,"template":"","format":"standard","meta":{"footnotes":""},"categories":[19,16],"tags":[426],"class_list":["post-566025","post","type-post","status-publish","format-standard","has-post-thumbnail","hentry","category-mi-voz","category-opiniones","tag-ramon-antonio-veras"],"_links":{"self":[{"href":"https:\/\/diariodominicano.com\/index.php?rest_route=\/wp\/v2\/posts\/566025","targetHints":{"allow":["GET"]}}],"collection":[{"href":"https:\/\/diariodominicano.com\/index.php?rest_route=\/wp\/v2\/posts"}],"about":[{"href":"https:\/\/diariodominicano.com\/index.php?rest_route=\/wp\/v2\/types\/post"}],"author":[{"embeddable":true,"href":"https:\/\/diariodominicano.com\/index.php?rest_route=\/wp\/v2\/users\/7"}],"replies":[{"embeddable":true,"href":"https:\/\/diariodominicano.com\/index.php?rest_route=%2Fwp%2Fv2%2Fcomments&post=566025"}],"version-history":[{"count":1,"href":"https:\/\/diariodominicano.com\/index.php?rest_route=\/wp\/v2\/posts\/566025\/revisions"}],"predecessor-version":[{"id":566033,"href":"https:\/\/diariodominicano.com\/index.php?rest_route=\/wp\/v2\/posts\/566025\/revisions\/566033"}],"wp:featuredmedia":[{"embeddable":true,"href":"https:\/\/diariodominicano.com\/index.php?rest_route=\/wp\/v2\/media\/404710"}],"wp:attachment":[{"href":"https:\/\/diariodominicano.com\/index.php?rest_route=%2Fwp%2Fv2%2Fmedia&parent=566025"}],"wp:term":[{"taxonomy":"category","embeddable":true,"href":"https:\/\/diariodominicano.com\/index.php?rest_route=%2Fwp%2Fv2%2Fcategories&post=566025"},{"taxonomy":"post_tag","embeddable":true,"href":"https:\/\/diariodominicano.com\/index.php?rest_route=%2Fwp%2Fv2%2Ftags&post=566025"}],"curies":[{"name":"wp","href":"https:\/\/api.w.org\/{rel}","templated":true}]}}