{"id":565997,"date":"2024-10-13T00:22:17","date_gmt":"2024-10-13T04:22:17","guid":{"rendered":"https:\/\/diariodominicano.com\/?p=565997"},"modified":"2024-10-13T00:39:23","modified_gmt":"2024-10-13T04:39:23","slug":"presidente-de-cuba-recuerda-saqueo-colonialista-de-america","status":"publish","type":"post","link":"https:\/\/diariodominicano.com\/?p=565997","title":{"rendered":"Presidente de Cuba recuerda saqueo colonialista de Am\u00e9rica"},"content":{"rendered":"\n<p>La Habana, 12 oct (Prensa Latina) El presidente de Cuba, Miguel D\u00edaz-Canel, rememor\u00f3 hoy la historia de saqueo iniciada el 12 de octubre de 1492, con la llegada a tierras americanas del navegante Crist\u00f3bal Col\u00f3n<\/p>\n\n\n\n<ul class=\"wp-block-list\">\n<li><a href=\"https:\/\/www.prensa-latina.cu\/2024\/10\/12\/\"><time>octubre 12, 2024 | 15:14<\/time><\/a><\/li>\n<\/ul>\n\n\n\n<ul class=\"wp-block-list\">\n<li><a href=\"https:\/\/www.prensa-latina.cu\/2024\/10\/12\/presidente-de-cuba-recuerda-saqueo-colonialista-de-america\/#\"><\/a><\/li>\n\n\n\n<li><a href=\"https:\/\/www.prensa-latina.cu\/2024\/10\/12\/presidente-de-cuba-recuerda-saqueo-colonialista-de-america\/#\"><\/a><\/li>\n\n\n\n<li><a href=\"https:\/\/www.prensa-latina.cu\/2024\/10\/12\/presidente-de-cuba-recuerda-saqueo-colonialista-de-america\/#\"><\/a><\/li>\n\n\n\n<li><a href=\"https:\/\/www.prensa-latina.cu\/2024\/10\/12\/presidente-de-cuba-recuerda-saqueo-colonialista-de-america\/#\"><\/a><\/li>\n<\/ul>\n\n\n\n<p>Nada que celebrar. La conquista y colonizaci\u00f3n de Am\u00e9rica convirtieron el inicial encuentro de dos culturas en una secuencia de saqueo y despojo subdesarrollante a la que se a\u00f1adir\u00eda una infamia mayor: la trata de esclavos, afirm\u00f3 el mandatario en X.<\/p>\n\n\n\n<p>Cuba conmemora el 12 de octubre insistiendo en la necesidad de reconocer y entender el proceso colonizador europeo y las violencias asociadas, en lugar de celebrarlo como un \u201cdescubrimiento\u00bb o el \u201cD\u00eda de las Raza\u201d.<\/p>\n\n\n\n<p>Esta jornada, la instituci\u00f3n cultural Casa de las Am\u00e9ricas, la Oficina del Programa Martiano y el Consejo Mundial del proyecto Jos\u00e9 Mart\u00ed de Solidaridad Internacional rechazaron la glorificaci\u00f3n de la colonizaci\u00f3n europea de Am\u00e9rica.<\/p>\n\n\n\n<p>A trav\u00e9s de una declaraci\u00f3n, esas organizaciones condenaron la violencia pasada y presente derivada de tal proceso, y denunciaron cualquier intento de \u201cimponer una leyenda rosa o glorificar a perpetradores e ide\u00f3logos de la colonizaci\u00f3n\u201d.<\/p>\n\n\n\n<p>El documento plantea que la llegada de europeos a tierras americanas fue el inicio de la colonizaci\u00f3n del mundo y de la conversaci\u00f3n de la historia de la humanidad en una sola historia. jcm\/evm<\/p>\n","protected":false},"excerpt":{"rendered":"<p>La Habana, 12 oct (Prensa Latina) El presidente de Cuba, Miguel D\u00edaz-Canel, rememor\u00f3 hoy la historia de saqueo iniciada el 12 de octubre de 1492, con la llegada a tierras americanas del navegante Crist\u00f3bal Col\u00f3n Nada que celebrar. La conquista y colonizaci\u00f3n de Am\u00e9rica convirtieron el inicial encuentro de dos culturas en una secuencia de [&hellip;]<\/p>\n","protected":false},"author":2,"featured_media":565998,"comment_status":"closed","ping_status":"closed","sticky":true,"template":"","format":"standard","meta":{"footnotes":""},"categories":[26,23],"tags":[],"class_list":["post-565997","post","type-post","status-publish","format-standard","has-post-thumbnail","hentry","category-efemerides","category-internacional"],"_links":{"self":[{"href":"https:\/\/diariodominicano.com\/index.php?rest_route=\/wp\/v2\/posts\/565997","targetHints":{"allow":["GET"]}}],"collection":[{"href":"https:\/\/diariodominicano.com\/index.php?rest_route=\/wp\/v2\/posts"}],"about":[{"href":"https:\/\/diariodominicano.com\/index.php?rest_route=\/wp\/v2\/types\/post"}],"author":[{"embeddable":true,"href":"https:\/\/diariodominicano.com\/index.php?rest_route=\/wp\/v2\/users\/2"}],"replies":[{"embeddable":true,"href":"https:\/\/diariodominicano.com\/index.php?rest_route=%2Fwp%2Fv2%2Fcomments&post=565997"}],"version-history":[{"count":2,"href":"https:\/\/diariodominicano.com\/index.php?rest_route=\/wp\/v2\/posts\/565997\/revisions"}],"predecessor-version":[{"id":566001,"href":"https:\/\/diariodominicano.com\/index.php?rest_route=\/wp\/v2\/posts\/565997\/revisions\/566001"}],"wp:featuredmedia":[{"embeddable":true,"href":"https:\/\/diariodominicano.com\/index.php?rest_route=\/wp\/v2\/media\/565998"}],"wp:attachment":[{"href":"https:\/\/diariodominicano.com\/index.php?rest_route=%2Fwp%2Fv2%2Fmedia&parent=565997"}],"wp:term":[{"taxonomy":"category","embeddable":true,"href":"https:\/\/diariodominicano.com\/index.php?rest_route=%2Fwp%2Fv2%2Fcategories&post=565997"},{"taxonomy":"post_tag","embeddable":true,"href":"https:\/\/diariodominicano.com\/index.php?rest_route=%2Fwp%2Fv2%2Ftags&post=565997"}],"curies":[{"name":"wp","href":"https:\/\/api.w.org\/{rel}","templated":true}]}}