{"id":565973,"date":"2024-10-12T20:54:15","date_gmt":"2024-10-13T00:54:15","guid":{"rendered":"https:\/\/diariodominicano.com\/?p=565973"},"modified":"2026-01-06T00:33:39","modified_gmt":"2026-01-06T04:33:39","slug":"kieffer-presenta-en-fiarte-2024-su-conferencia-raices-de-los-ensuenos-a-partir-del-pasado-aborigen","status":"publish","type":"post","link":"https:\/\/diariodominicano.com\/?p=565973","title":{"rendered":"Kieffer presenta en FIARTE 2024 su conferencia \u201cRa\u00edces de los ensue\u00f1os, a partir del pasado aborigen\u201d"},"content":{"rendered":"\n<p>En el marco de la 4ta. edici\u00f3n de la Feria Internacional de Arte y Esculturas (FIARTE), el renombrado fil\u00f3sofo y artista franc\u00e9s Gilbert Kieffer ofreci\u00f3 la conferencia \u201cRa\u00edces de los ensue\u00f1os, a partir del pasado aborigen\u201d en BlueMall Punta Cana. El evento, tuvo lugar el 12 de octubre y convoc\u00f3 a un p\u00fablico entusiasta que se sumergi\u00f3 en el fascinante universo de las culturas ancestrales que propone el autor y su impacto en el presente.\u2002<\/p>\n\n\n\n<figure class=\"wp-block-gallery has-nested-images columns-default is-cropped wp-block-gallery-1 is-layout-flex wp-block-gallery-is-layout-flex\">\n<figure class=\"wp-block-image size-large\"><img loading=\"lazy\" decoding=\"async\" width=\"1024\" height=\"768\" data-id=\"565980\" src=\"https:\/\/diariodominicano.com\/wp-content\/uploads\/2024\/10\/Kieffer-presenta-FIARTE-2024-su-conferencia-1024x768.jpg\" alt=\"\" class=\"wp-image-565980\" srcset=\"https:\/\/diariodominicano.com\/wp-content\/uploads\/2024\/10\/Kieffer-presenta-FIARTE-2024-su-conferencia-1024x768.jpg 1024w, https:\/\/diariodominicano.com\/wp-content\/uploads\/2024\/10\/Kieffer-presenta-FIARTE-2024-su-conferencia-300x225.jpg 300w, https:\/\/diariodominicano.com\/wp-content\/uploads\/2024\/10\/Kieffer-presenta-FIARTE-2024-su-conferencia-768x576.jpg 768w, https:\/\/diariodominicano.com\/wp-content\/uploads\/2024\/10\/Kieffer-presenta-FIARTE-2024-su-conferencia-816x612.jpg 816w, https:\/\/diariodominicano.com\/wp-content\/uploads\/2024\/10\/Kieffer-presenta-FIARTE-2024-su-conferencia.jpg 1280w\" sizes=\"auto, (max-width: 1024px) 100vw, 1024px\" \/><\/figure>\n<\/figure>\n\n\n\n<p><br>Kieffer, con una trayectoria que abarca m\u00faltiples disciplinas y escenarios internacionales, comparti\u00f3 su visi\u00f3n sobre las huellas espirituales dejadas por civilizaciones antiguas como las Nazca, Maya y Ta\u00edna. A trav\u00e9s de su disertaci\u00f3n, el artista destac\u00f3 c\u00f3mo estos signos representan la esencia de culturas olvidadas, opacadas por la l\u00f3gica del mercado, invitando al p\u00fablico a reconectar con la sabidur\u00eda del pasado para enriquecer el presente y proyectar un futuro m\u00e1s consciente.<\/p>\n\n\n\n<figure class=\"wp-block-gallery has-nested-images columns-default is-cropped wp-block-gallery-2 is-layout-flex wp-block-gallery-is-layout-flex\">\n<figure class=\"wp-block-image size-large\"><img loading=\"lazy\" decoding=\"async\" width=\"1024\" height=\"768\" data-id=\"565979\" src=\"https:\/\/diariodominicano.com\/wp-content\/uploads\/2024\/10\/Kieffer-presenta-FIARTE-2024-1024x768.jpg\" alt=\"\" class=\"wp-image-565979\" srcset=\"https:\/\/diariodominicano.com\/wp-content\/uploads\/2024\/10\/Kieffer-presenta-FIARTE-2024-1024x768.jpg 1024w, https:\/\/diariodominicano.com\/wp-content\/uploads\/2024\/10\/Kieffer-presenta-FIARTE-2024-300x225.jpg 300w, https:\/\/diariodominicano.com\/wp-content\/uploads\/2024\/10\/Kieffer-presenta-FIARTE-2024-768x576.jpg 768w, https:\/\/diariodominicano.com\/wp-content\/uploads\/2024\/10\/Kieffer-presenta-FIARTE-2024-816x612.jpg 816w, https:\/\/diariodominicano.com\/wp-content\/uploads\/2024\/10\/Kieffer-presenta-FIARTE-2024.jpg 1280w\" sizes=\"auto, (max-width: 1024px) 100vw, 1024px\" \/><\/figure>\n<\/figure>\n\n\n\n<p><br>El fil\u00f3sofo, doctor en filosof\u00eda por la Universidad de Par\u00eds X &#8211; Nanterre, ha dedicado gran parte de su vida a la investigaci\u00f3n de la No-Filosof\u00eda y ha integrado conceptos de Gesti\u00f3n Mental bajo la ense\u00f1anza de Antoine de la Garanderie. Adem\u00e1s de su labor acad\u00e9mica, ha expuesto su obra en instituciones de renombre como el Museo de Arte Moderno de Santo Domingo, el Instituto Cervantes en Nueva York, y el Festival of Art en Osaka, Jap\u00f3n. <\/p>\n\n\n\n<figure class=\"wp-block-gallery has-nested-images columns-default is-cropped wp-block-gallery-3 is-layout-flex wp-block-gallery-is-layout-flex\">\n<figure class=\"wp-block-image size-large\"><img loading=\"lazy\" decoding=\"async\" width=\"1024\" height=\"768\" data-id=\"565978\" src=\"https:\/\/diariodominicano.com\/wp-content\/uploads\/2024\/10\/Kieffer-presenta-en-FIARTE-2024-1024x768.jpg\" alt=\"\" class=\"wp-image-565978\" srcset=\"https:\/\/diariodominicano.com\/wp-content\/uploads\/2024\/10\/Kieffer-presenta-en-FIARTE-2024-1024x768.jpg 1024w, https:\/\/diariodominicano.com\/wp-content\/uploads\/2024\/10\/Kieffer-presenta-en-FIARTE-2024-300x225.jpg 300w, https:\/\/diariodominicano.com\/wp-content\/uploads\/2024\/10\/Kieffer-presenta-en-FIARTE-2024-768x576.jpg 768w, https:\/\/diariodominicano.com\/wp-content\/uploads\/2024\/10\/Kieffer-presenta-en-FIARTE-2024-816x612.jpg 816w, https:\/\/diariodominicano.com\/wp-content\/uploads\/2024\/10\/Kieffer-presenta-en-FIARTE-2024.jpg 1280w\" sizes=\"auto, (max-width: 1024px) 100vw, 1024px\" \/><\/figure>\n<\/figure>\n\n\n\n<p><br>El evento fue una oportunidad \u00fanica para explorar la profundidad del pensamiento de Kieffer, quien ha residido en pa\u00edses como Per\u00fa, El Salvador, Polonia, Francia y Rep\u00fablica Dominicana. Su discurso reson\u00f3 con la audiencia al transmitir un mensaje sobre la importancia de la virtud y el arte como herramientas para sublimar la experiencia humana. <\/p>\n\n\n\n<figure class=\"wp-block-gallery has-nested-images columns-default is-cropped wp-block-gallery-4 is-layout-flex wp-block-gallery-is-layout-flex\">\n<figure class=\"wp-block-image size-large\"><img loading=\"lazy\" decoding=\"async\" width=\"1024\" height=\"784\" data-id=\"565976\" src=\"https:\/\/diariodominicano.com\/wp-content\/uploads\/2024\/10\/Kieffer-FIARTE-2024-su-conferencia-1024x784.jpg\" alt=\"\" class=\"wp-image-565976\" srcset=\"https:\/\/diariodominicano.com\/wp-content\/uploads\/2024\/10\/Kieffer-FIARTE-2024-su-conferencia-1024x784.jpg 1024w, https:\/\/diariodominicano.com\/wp-content\/uploads\/2024\/10\/Kieffer-FIARTE-2024-su-conferencia-300x230.jpg 300w, https:\/\/diariodominicano.com\/wp-content\/uploads\/2024\/10\/Kieffer-FIARTE-2024-su-conferencia-768x588.jpg 768w, https:\/\/diariodominicano.com\/wp-content\/uploads\/2024\/10\/Kieffer-FIARTE-2024-su-conferencia-816x625.jpg 816w, https:\/\/diariodominicano.com\/wp-content\/uploads\/2024\/10\/Kieffer-FIARTE-2024-su-conferencia.jpg 1280w\" sizes=\"auto, (max-width: 1024px) 100vw, 1024px\" \/><\/figure>\n<\/figure>\n\n\n\n<p><br>FIARTE 2024 contin\u00faa consolid\u00e1ndose como un espacio fundamental para el di\u00e1logo cultural, conectando a creadores y pensadores de todo el mundo. La participaci\u00f3n de Gilbert Kieffer a\u00f1adi\u00f3 una dimensi\u00f3n filos\u00f3fica al evento, enriqueciendo a\u00fan m\u00e1s la experiencia de sus asistentes.<\/p>\n\n\n\n<figure class=\"wp-block-image size-large\"><img loading=\"lazy\" decoding=\"async\" width=\"1024\" height=\"851\" src=\"https:\/\/diariodominicano.com\/wp-content\/uploads\/2024\/10\/Kieffer-en-FIARTE-2024-1024x851.jpg\" alt=\"\" class=\"wp-image-565975\" srcset=\"https:\/\/diariodominicano.com\/wp-content\/uploads\/2024\/10\/Kieffer-en-FIARTE-2024-1024x851.jpg 1024w, https:\/\/diariodominicano.com\/wp-content\/uploads\/2024\/10\/Kieffer-en-FIARTE-2024-300x249.jpg 300w, https:\/\/diariodominicano.com\/wp-content\/uploads\/2024\/10\/Kieffer-en-FIARTE-2024-768x638.jpg 768w, https:\/\/diariodominicano.com\/wp-content\/uploads\/2024\/10\/Kieffer-en-FIARTE-2024-816x678.jpg 816w, https:\/\/diariodominicano.com\/wp-content\/uploads\/2024\/10\/Kieffer-en-FIARTE-2024.jpg 1280w\" sizes=\"auto, (max-width: 1024px) 100vw, 1024px\" \/><\/figure>\n\n\n\n<p><br>Agradecimiento especial a: KahKow y BlueMall Puntacana como patrocinadores oficiales, el apoyo de la Fundaci\u00f3n don Roberto y do\u00f1a Yvonne Nader, Francisco Nader Arte Latinoamericano, Ta\u00edno, Brugal, Grupo Mateirosa, Maralda, Caf\u00e9 Santo Domingo.<\/p>\n\n\n\n<figure class=\"wp-block-gallery has-nested-images columns-default is-cropped wp-block-gallery-5 is-layout-flex wp-block-gallery-is-layout-flex\">\n<figure class=\"wp-block-image size-large\"><img loading=\"lazy\" decoding=\"async\" width=\"1024\" height=\"930\" data-id=\"565974\" src=\"https:\/\/diariodominicano.com\/wp-content\/uploads\/2024\/10\/Kieffer-en-FIARTE-2024-su-conferencia-1024x930.jpg\" alt=\"\" class=\"wp-image-565974\" srcset=\"https:\/\/diariodominicano.com\/wp-content\/uploads\/2024\/10\/Kieffer-en-FIARTE-2024-su-conferencia-1024x930.jpg 1024w, https:\/\/diariodominicano.com\/wp-content\/uploads\/2024\/10\/Kieffer-en-FIARTE-2024-su-conferencia-300x272.jpg 300w, https:\/\/diariodominicano.com\/wp-content\/uploads\/2024\/10\/Kieffer-en-FIARTE-2024-su-conferencia-768x697.jpg 768w, https:\/\/diariodominicano.com\/wp-content\/uploads\/2024\/10\/Kieffer-en-FIARTE-2024-su-conferencia-816x741.jpg 816w, https:\/\/diariodominicano.com\/wp-content\/uploads\/2024\/10\/Kieffer-en-FIARTE-2024-su-conferencia.jpg 1280w\" sizes=\"auto, (max-width: 1024px) 100vw, 1024px\" \/><\/figure>\n<\/figure>\n\n\n\n<p><br>Al equipo de producci\u00f3n representado por: Francisco Nader (director), Camilo Paredes (editor), Ruth Brindis (log\u00edstica), Oscar Camino Mendoza (gestor), Abil Peralta Ag\u00fcero y Lilian Carrasco (asesores) y Jazer C\u00e1rdenas (dise\u00f1ador). A todos los artistas, colaboradores y p\u00fablico en general<\/p>\n","protected":false},"excerpt":{"rendered":"<p>En el marco de la 4ta. edici\u00f3n de la Feria Internacional de Arte y Esculturas (FIARTE), el renombrado fil\u00f3sofo y artista franc\u00e9s Gilbert Kieffer ofreci\u00f3 la conferencia \u201cRa\u00edces de los ensue\u00f1os, a partir del pasado aborigen\u201d en BlueMall Punta Cana. El evento, tuvo lugar el 12 de octubre y convoc\u00f3 a un p\u00fablico entusiasta que [&hellip;]<\/p>\n","protected":false},"author":7,"featured_media":565980,"comment_status":"closed","ping_status":"closed","sticky":false,"template":"","format":"standard","meta":{"footnotes":""},"categories":[21],"tags":[403,424,303],"class_list":["post-565973","post","type-post","status-publish","format-standard","has-post-thumbnail","hentry","category-cultura","tag-blue-mall","tag-gilbert-kieffer","tag-punta-cana"],"_links":{"self":[{"href":"https:\/\/diariodominicano.com\/index.php?rest_route=\/wp\/v2\/posts\/565973","targetHints":{"allow":["GET"]}}],"collection":[{"href":"https:\/\/diariodominicano.com\/index.php?rest_route=\/wp\/v2\/posts"}],"about":[{"href":"https:\/\/diariodominicano.com\/index.php?rest_route=\/wp\/v2\/types\/post"}],"author":[{"embeddable":true,"href":"https:\/\/diariodominicano.com\/index.php?rest_route=\/wp\/v2\/users\/7"}],"replies":[{"embeddable":true,"href":"https:\/\/diariodominicano.com\/index.php?rest_route=%2Fwp%2Fv2%2Fcomments&post=565973"}],"version-history":[{"count":3,"href":"https:\/\/diariodominicano.com\/index.php?rest_route=\/wp\/v2\/posts\/565973\/revisions"}],"predecessor-version":[{"id":566164,"href":"https:\/\/diariodominicano.com\/index.php?rest_route=\/wp\/v2\/posts\/565973\/revisions\/566164"}],"wp:featuredmedia":[{"embeddable":true,"href":"https:\/\/diariodominicano.com\/index.php?rest_route=\/wp\/v2\/media\/565980"}],"wp:attachment":[{"href":"https:\/\/diariodominicano.com\/index.php?rest_route=%2Fwp%2Fv2%2Fmedia&parent=565973"}],"wp:term":[{"taxonomy":"category","embeddable":true,"href":"https:\/\/diariodominicano.com\/index.php?rest_route=%2Fwp%2Fv2%2Fcategories&post=565973"},{"taxonomy":"post_tag","embeddable":true,"href":"https:\/\/diariodominicano.com\/index.php?rest_route=%2Fwp%2Fv2%2Ftags&post=565973"}],"curies":[{"name":"wp","href":"https:\/\/api.w.org\/{rel}","templated":true}]}}