{"id":565961,"date":"2024-10-12T18:07:50","date_gmt":"2024-10-12T22:07:50","guid":{"rendered":"https:\/\/diariodominicano.com\/?p=565961"},"modified":"2024-10-12T18:07:54","modified_gmt":"2024-10-12T22:07:54","slug":"secretario-del-alba-tcp-reafirma-12-de-octubre-dia-de-la-resistencia","status":"publish","type":"post","link":"https:\/\/diariodominicano.com\/?p=565961","title":{"rendered":"Secretario del ALBA-TCP reafirma 12 de octubre D\u00eda de la Resistencia"},"content":{"rendered":"\n<p>Caracas, 12 oct (Prensa Latina) El secretario ejecutivo de la Alianza Bolivariana para los Pueblos de Nuestra Am\u00e9rica-Tratado de Comercio de los Pueblos (ALBA-TCP), Jorge Arreaza, afirm\u00f3 hoy que el 12 de octubre ser\u00e1 siempre el D\u00eda de la Resistencia Ind\u00edgena.<\/p>\n\n\n\n<ul class=\"wp-block-list\">\n<li><a href=\"https:\/\/www.prensa-latina.cu\/2024\/10\/12\/\"><time>octubre 12, 2024 | 13:12<\/time><\/a><\/li>\n<\/ul>\n\n\n\n<ul class=\"wp-block-list\">\n<li><a href=\"https:\/\/www.prensa-latina.cu\/2024\/10\/12\/secretario-del-alba-tcp-reafirma-12-de-octubre-dia-de-la-resistencia\/#\"><\/a><\/li>\n\n\n\n<li><a href=\"https:\/\/www.prensa-latina.cu\/2024\/10\/12\/secretario-del-alba-tcp-reafirma-12-de-octubre-dia-de-la-resistencia\/#\"><\/a><\/li>\n\n\n\n<li><a href=\"https:\/\/www.prensa-latina.cu\/2024\/10\/12\/secretario-del-alba-tcp-reafirma-12-de-octubre-dia-de-la-resistencia\/#\"><\/a><\/li>\n\n\n\n<li><a href=\"https:\/\/www.prensa-latina.cu\/2024\/10\/12\/secretario-del-alba-tcp-reafirma-12-de-octubre-dia-de-la-resistencia\/#\"><\/a><\/li>\n<\/ul>\n\n\n\n<p>A trav\u00e9s de Telegram, el diplom\u00e1tico se\u00f1al\u00f3 que justamente en esa fecha Espa\u00f1a celebra su D\u00eda Nacional.<\/p>\n\n\n\n<p>\u201cSi eso no es una afrenta contra los pueblos originarios de Nuestra Am\u00e9rica Latina y Caribe\u00f1a, no sabr\u00eda decir qu\u00e9 otra cosa es\u201d, puntualiz\u00f3.<\/p>\n\n\n\n<p>El directivo del ALBA-TCP manifest\u00f3 que \u201cni un s\u00f3lo gesto de humildad y perd\u00f3n en 532 a\u00f1os\u201d.<\/p>\n\n\n\n<p>Arreaza asever\u00f3 que por mero respeto a la humanidad, \u201clo menos que podr\u00edan hacer las nuevas generaciones espa\u00f1olas es cambiar la fecha de su fiesta nacional\u201d.<\/p>\n\n\n\n<p>El 12 de octubre para nosotros es y ser\u00e1 el D\u00eda de la Resistencia Ind\u00edgena, \u201cun d\u00eda de dignidad y respeto a nuestros pueblos\u201d.<\/p>\n\n\n\n<p>Este s\u00e1bado el Gobierno de Venezuela resalt\u00f3 el valor de los pueblos originarios que legaron su ejemplo de firmeza, constancia y dignidad, a pesar de enfrentar la m\u00e1s feroz agresi\u00f3n conocida por la humanidad.<\/p>\n\n\n\n<p>Un comunicado de la Canciller\u00eda reiter\u00f3 la importancia de mantener viva la lucha y resistencia de \u00abnuestro pueblo ind\u00edgena y afrodescendiente, y valorar sus actuales aportes para el fortalecimiento de la sociedad\u00bb.<\/p>\n\n\n\n<p>Y sirva, adem\u00e1s, para la transici\u00f3n a una nueva \u00e9poca que deje atr\u00e1s la discriminaci\u00f3n, el supremacismo y la impunidad, acot\u00f3.<\/p>\n\n\n\n<p>Fiel a su tradici\u00f3n antiimperialista y anticolonialista, la Rep\u00fablica Bolivariana expres\u00f3 que el proceso de agresi\u00f3n a los pueblos de Nuestra Am\u00e9rica \u201cno se puede celebrar ni se puede calificar como una empresa civilizatoria\u201d. Se\u00f1al\u00f3 que esta ha sido responsable de -como escribi\u00f3 el Libertador Sim\u00f3n Bol\u00edvar- \u00abbarbaridades que la presente edad ha rechazado como fabulosas, porque parecen superiores a la perversidad humana; y jam\u00e1s ser\u00edan cre\u00eddas por los cr\u00edticos modernos si constantes y repetidos documentos no testificase estas infaustas verdades\u00bb.<\/p>\n\n\n\n<p>El gobierno bolivariano manifest\u00f3 que es responsabilidad de toda la humanidad promover canales para hacer efectivos el reconocimiento, la justicia y la reparaci\u00f3n de estos cr\u00edmenes de lesa humanidad.<\/p>\n\n\n\n<p>jcm\/jcd<\/p>\n","protected":false},"excerpt":{"rendered":"<p>Caracas, 12 oct (Prensa Latina) El secretario ejecutivo de la Alianza Bolivariana para los Pueblos de Nuestra Am\u00e9rica-Tratado de Comercio de los Pueblos (ALBA-TCP), Jorge Arreaza, afirm\u00f3 hoy que el 12 de octubre ser\u00e1 siempre el D\u00eda de la Resistencia Ind\u00edgena. A trav\u00e9s de Telegram, el diplom\u00e1tico se\u00f1al\u00f3 que justamente en esa fecha Espa\u00f1a celebra [&hellip;]<\/p>\n","protected":false},"author":2,"featured_media":565962,"comment_status":"closed","ping_status":"closed","sticky":true,"template":"","format":"standard","meta":{"footnotes":""},"categories":[26,23],"tags":[],"class_list":["post-565961","post","type-post","status-publish","format-standard","has-post-thumbnail","hentry","category-efemerides","category-internacional"],"_links":{"self":[{"href":"https:\/\/diariodominicano.com\/index.php?rest_route=\/wp\/v2\/posts\/565961","targetHints":{"allow":["GET"]}}],"collection":[{"href":"https:\/\/diariodominicano.com\/index.php?rest_route=\/wp\/v2\/posts"}],"about":[{"href":"https:\/\/diariodominicano.com\/index.php?rest_route=\/wp\/v2\/types\/post"}],"author":[{"embeddable":true,"href":"https:\/\/diariodominicano.com\/index.php?rest_route=\/wp\/v2\/users\/2"}],"replies":[{"embeddable":true,"href":"https:\/\/diariodominicano.com\/index.php?rest_route=%2Fwp%2Fv2%2Fcomments&post=565961"}],"version-history":[{"count":1,"href":"https:\/\/diariodominicano.com\/index.php?rest_route=\/wp\/v2\/posts\/565961\/revisions"}],"predecessor-version":[{"id":565963,"href":"https:\/\/diariodominicano.com\/index.php?rest_route=\/wp\/v2\/posts\/565961\/revisions\/565963"}],"wp:featuredmedia":[{"embeddable":true,"href":"https:\/\/diariodominicano.com\/index.php?rest_route=\/wp\/v2\/media\/565962"}],"wp:attachment":[{"href":"https:\/\/diariodominicano.com\/index.php?rest_route=%2Fwp%2Fv2%2Fmedia&parent=565961"}],"wp:term":[{"taxonomy":"category","embeddable":true,"href":"https:\/\/diariodominicano.com\/index.php?rest_route=%2Fwp%2Fv2%2Fcategories&post=565961"},{"taxonomy":"post_tag","embeddable":true,"href":"https:\/\/diariodominicano.com\/index.php?rest_route=%2Fwp%2Fv2%2Ftags&post=565961"}],"curies":[{"name":"wp","href":"https:\/\/api.w.org\/{rel}","templated":true}]}}