{"id":565922,"date":"2024-10-12T16:52:33","date_gmt":"2024-10-12T20:52:33","guid":{"rendered":"https:\/\/diariodominicano.com\/?p=565922"},"modified":"2024-10-12T16:52:37","modified_gmt":"2024-10-12T20:52:37","slug":"dia-nacional-de-guinea-ecuatorial","status":"publish","type":"post","link":"https:\/\/diariodominicano.com\/?p=565922","title":{"rendered":"D\u00eda Nacional de Guinea Ecuatorial"},"content":{"rendered":"\n<p>Antony J. Blinken, Secretario de Estado<\/p>\n\n\n\n<p>En nombre del Gobierno de los Estados Unidos de Am\u00e9rica, deseo expresar nuestras felicitaciones al pueblo de Guinea Ecuatorial en conmemoraci\u00f3n del 56\u00ba aniversario de su independencia, que se celebrar\u00e1 el 12 de octubre. Estados Unidos mantiene su compromiso de trabajar juntos para seguir desarrollando la Asociaci\u00f3n para la Cooperaci\u00f3n Atl\u00e1ntica, aprovechar la programaci\u00f3n ambiental y promover el crecimiento econ\u00f3mico. Estados Unidos reconoce los avances que ha logrado Guinea Ecuatorial en la ayuda a las v\u00edctimas de la trata de personas durante el a\u00f1o pasado. En el a\u00f1o que viene, esperamos profundizar nuestros v\u00ednculos econ\u00f3micos y seguir cooperando para fortalecer la buena gobernanza y la seguridad mar\u00edtima.<\/p>\n\n\n\n<p>Al celebrar otro a\u00f1o de independencia, enviamos nuestros deseos de un a\u00f1o pac\u00edfico y pr\u00f3spero para todos los ecuatoguineanos.<\/p>\n","protected":false},"excerpt":{"rendered":"<p>Antony J. Blinken, Secretario de Estado En nombre del Gobierno de los Estados Unidos de Am\u00e9rica, deseo expresar nuestras felicitaciones al pueblo de Guinea Ecuatorial en conmemoraci\u00f3n del 56\u00ba aniversario de su independencia, que se celebrar\u00e1 el 12 de octubre. Estados Unidos mantiene su compromiso de trabajar juntos para seguir desarrollando la Asociaci\u00f3n para la [&hellip;]<\/p>\n","protected":false},"author":2,"featured_media":565923,"comment_status":"closed","ping_status":"closed","sticky":true,"template":"","format":"standard","meta":{"footnotes":""},"categories":[26,23],"tags":[],"class_list":["post-565922","post","type-post","status-publish","format-standard","has-post-thumbnail","hentry","category-efemerides","category-internacional"],"_links":{"self":[{"href":"https:\/\/diariodominicano.com\/index.php?rest_route=\/wp\/v2\/posts\/565922","targetHints":{"allow":["GET"]}}],"collection":[{"href":"https:\/\/diariodominicano.com\/index.php?rest_route=\/wp\/v2\/posts"}],"about":[{"href":"https:\/\/diariodominicano.com\/index.php?rest_route=\/wp\/v2\/types\/post"}],"author":[{"embeddable":true,"href":"https:\/\/diariodominicano.com\/index.php?rest_route=\/wp\/v2\/users\/2"}],"replies":[{"embeddable":true,"href":"https:\/\/diariodominicano.com\/index.php?rest_route=%2Fwp%2Fv2%2Fcomments&post=565922"}],"version-history":[{"count":1,"href":"https:\/\/diariodominicano.com\/index.php?rest_route=\/wp\/v2\/posts\/565922\/revisions"}],"predecessor-version":[{"id":565924,"href":"https:\/\/diariodominicano.com\/index.php?rest_route=\/wp\/v2\/posts\/565922\/revisions\/565924"}],"wp:featuredmedia":[{"embeddable":true,"href":"https:\/\/diariodominicano.com\/index.php?rest_route=\/wp\/v2\/media\/565923"}],"wp:attachment":[{"href":"https:\/\/diariodominicano.com\/index.php?rest_route=%2Fwp%2Fv2%2Fmedia&parent=565922"}],"wp:term":[{"taxonomy":"category","embeddable":true,"href":"https:\/\/diariodominicano.com\/index.php?rest_route=%2Fwp%2Fv2%2Fcategories&post=565922"},{"taxonomy":"post_tag","embeddable":true,"href":"https:\/\/diariodominicano.com\/index.php?rest_route=%2Fwp%2Fv2%2Ftags&post=565922"}],"curies":[{"name":"wp","href":"https:\/\/api.w.org\/{rel}","templated":true}]}}