{"id":565898,"date":"2024-10-12T13:59:50","date_gmt":"2024-10-12T17:59:50","guid":{"rendered":"https:\/\/diariodominicano.com\/?p=565898"},"modified":"2024-10-12T13:59:54","modified_gmt":"2024-10-12T17:59:54","slug":"luigui-lopez-gana-premio-glamour-music-award-rd-en-la-categoria-artista-cristiano-del-ano","status":"publish","type":"post","link":"https:\/\/diariodominicano.com\/?p=565898","title":{"rendered":"Luigui L\u00f3pez gana premio Glamour M\u00fasic Award RD en la categor\u00eda \u00abArtista Cristiano del A\u00f1o\u00bb"},"content":{"rendered":"\n<p>Santo Domingo, R. D. El talentoso comunicador y artista cristiano Luigui L\u00f3pez, gan\u00f3 el premio Glamour Music Award RD 2024, en la categor\u00eda \u00abArtista Cristiano del A\u00f1o\u00bb, a\u00f1adiendo un punto sumamente importante a su ya destaca carrera musical.<\/p>\n\n\n\n<p>\u00abMe siento muy agradecido de que los premios Glamour, en su tercera entrega, hayan reconocido nuestro trabajo. Eso me compromete a continuar apostando a la excelencia en cada paso que demos en nuestra carrera musical\u00bb, extern\u00f3 L\u00f3pez.<\/p>\n\n\n\n<p>En ese mismo tenor, el int\u00e9rprete de \u00abUn d\u00eda en tu casa\u00bb, explic\u00f3 que m\u00e1s que ganar como cantante del a\u00f1o su premiacion la ve como un reconocimiento a su trayectoria.<\/p>\n\n\n\n<figure class=\"wp-block-image\"><img decoding=\"async\" src=\"https:\/\/diariodominicano.com\/wp-content\/uploads\/2024\/10\/Luigui-Lopez-gana-premio-Glamour-Music-Award-RD-en-la-categoria-Artista-Cristiano-del-Ano-996x1024.jpeg\" alt=\"\"\/><\/figure>\n\n\n\n<p>\u00abNos sentimos muy contentos que, despu\u00e9s de 15 a\u00f1os de carrera, comenzamos a ver frutos y reconocimientos, sobre todo, de una premiaci\u00f3n tan importante \u00ab, confes\u00f3.<\/p>\n\n\n\n<p>De igual manera, el emprendedor artista agradeci\u00f3 el hecho de que siendo los premios Glamour Music Award RD, del medio secular, hayan incluido una categor\u00eda cristiana.<\/p>\n\n\n\n<p>\u00abPara nosotros, los artistas cristianos, es una puerta m\u00e1s que se nos abre y que reconoce el esfuerzo que realizamos, de compartir nuestro ministerio siempre con los niveles de calidad requeridos, porque Dios no merece menos\u00bb, afirm\u00f3.<\/p>\n\n\n\n<p>Asimismo, Luigui felicit\u00f3 a los organizadores de la esperada actividad, por la depurada producci\u00f3n que presentaron y a los dem\u00e1s nominados y ganadores, exhortandolos a \u00absiempre ir tras sus sue\u00f1os y trabajar para siempre mostrar la mejor versi\u00f3n de s\u00ed mismos\u00bb.<\/p>\n\n\n\n<p>Por \u00faltimo, L\u00f3pez aprovech\u00f3 para informar que el d\u00eda 21 del presente mes, viajar\u00e1 a Bogot\u00e1, Colombia, junto al equipo de su portal T\u00f3malo al D\u00eda, para participar en los premios Praise Music Award.<\/p>\n\n\n\n<p>\u00abEstamos nominados en las categor\u00edas \u00abPeri\u00f3dico Digital del A\u00f1o\u00bb y \u00abPortal Web del A\u00f1o\u00bb. Definitivamente, este ha sido un a\u00f1o de muchas bendiciones para nosotros \u00ab, afirm\u00f3 el artista.<\/p>\n","protected":false},"excerpt":{"rendered":"<p>Santo Domingo, R. D. El talentoso comunicador y artista cristiano Luigui L\u00f3pez, gan\u00f3 el premio Glamour Music Award RD 2024, en la categor\u00eda \u00abArtista Cristiano del A\u00f1o\u00bb, a\u00f1adiendo un punto sumamente importante a su ya destaca carrera musical. \u00abMe siento muy agradecido de que los premios Glamour, en su tercera entrega, hayan reconocido nuestro trabajo. [&hellip;]<\/p>\n","protected":false},"author":7,"featured_media":565917,"comment_status":"closed","ping_status":"closed","sticky":false,"template":"","format":"standard","meta":{"footnotes":""},"categories":[25],"tags":[418,417],"class_list":["post-565898","post","type-post","status-publish","format-standard","has-post-thumbnail","hentry","category-gente","tag-glamour-music-award","tag-luigui-lopez"],"_links":{"self":[{"href":"https:\/\/diariodominicano.com\/index.php?rest_route=\/wp\/v2\/posts\/565898","targetHints":{"allow":["GET"]}}],"collection":[{"href":"https:\/\/diariodominicano.com\/index.php?rest_route=\/wp\/v2\/posts"}],"about":[{"href":"https:\/\/diariodominicano.com\/index.php?rest_route=\/wp\/v2\/types\/post"}],"author":[{"embeddable":true,"href":"https:\/\/diariodominicano.com\/index.php?rest_route=\/wp\/v2\/users\/7"}],"replies":[{"embeddable":true,"href":"https:\/\/diariodominicano.com\/index.php?rest_route=%2Fwp%2Fv2%2Fcomments&post=565898"}],"version-history":[{"count":1,"href":"https:\/\/diariodominicano.com\/index.php?rest_route=\/wp\/v2\/posts\/565898\/revisions"}],"predecessor-version":[{"id":565919,"href":"https:\/\/diariodominicano.com\/index.php?rest_route=\/wp\/v2\/posts\/565898\/revisions\/565919"}],"wp:featuredmedia":[{"embeddable":true,"href":"https:\/\/diariodominicano.com\/index.php?rest_route=\/wp\/v2\/media\/565917"}],"wp:attachment":[{"href":"https:\/\/diariodominicano.com\/index.php?rest_route=%2Fwp%2Fv2%2Fmedia&parent=565898"}],"wp:term":[{"taxonomy":"category","embeddable":true,"href":"https:\/\/diariodominicano.com\/index.php?rest_route=%2Fwp%2Fv2%2Fcategories&post=565898"},{"taxonomy":"post_tag","embeddable":true,"href":"https:\/\/diariodominicano.com\/index.php?rest_route=%2Fwp%2Fv2%2Ftags&post=565898"}],"curies":[{"name":"wp","href":"https:\/\/api.w.org\/{rel}","templated":true}]}}