{"id":565879,"date":"2024-10-12T10:31:43","date_gmt":"2024-10-12T14:31:43","guid":{"rendered":"https:\/\/diariodominicano.com\/?p=565879"},"modified":"2024-10-12T10:31:51","modified_gmt":"2024-10-12T14:31:51","slug":"jacobo-ramos-aboga-por-la-conservacion-del-consenso-en-la-reforma-laboral","status":"publish","type":"post","link":"https:\/\/diariodominicano.com\/?p=565879","title":{"rendered":"Jacobo Ramos aboga por la conservaci\u00f3n del consenso en la reforma laboral"},"content":{"rendered":"\n<p>diariodominicano.com<\/p>\n\n\n\n<p>Santo Domingo, R.  D.,\u200212\u2002de octubre, 2024.-\u2002El presidente de la Confederaci\u00f3n Nacional de Trabajadores Dominicanos (CNTD), Jacobo Ramos, expres\u00f3 este viernes su confianza en que los congresistas mantengan el contenido de la reforma laboral, por ser el producto del consenso alcanzado entre las partes involucradas.<\/p>\n\n\n\n<p>Ramos advirti\u00f3 que cualquier modificaci\u00f3n al texto propuesto podr\u00eda ser \u201cuna estocada mortal al di\u00e1logo que se ha cultivado en el pa\u00eds, generando resultados positivos y paz social en los \u00faltimos a\u00f1os\u201d.<\/p>\n\n\n\n<p>Destac\u00f3 que, aunque es posible mejorar el contenido, es imperativo que no se eliminen los derechos adquiridos por los trabajadores ni las conquistas logradas mediante un di\u00e1logo amplio y respetuoso entre los sectores tripartitos.<\/p>\n\n\n\n<p>El sindicalista habl\u00f3 sobre el tema al ser entrevistado por los comunicadores Jaime Rinc\u00f3n, Aneudy Ram\u00edrez, Julio Samuel Sierra, Raquel Rodr\u00edguez y Nison Batista en el programa \u201cEl Nuevo Diario en la Tarde\u201d, transmitido por la plataforma digital El Nuevo Diario TV.<\/p>\n\n\n\n<p>El tambi\u00e9n diputado de la Rep\u00fablica, dijo que la propuesta de reforma laboral, depositada en el Congreso Nacional, es el resultado de un extenso proceso de discusi\u00f3n y negociaci\u00f3n.<\/p>\n\n\n\n<p>En ese sentido, explic\u00f3 que, tras una serie de reuniones en el Consejo Econ\u00f3mico y Social, donde el Poder Ejecutivo present\u00f3 12 reformas, la laboral fue abordada en particular por el Ministerio de Trabajo y el Consejo Consultivo del Trabajo.<\/p>\n\n\n\n<p>\u201cDurante un a\u00f1o y medio, y a trav\u00e9s de m\u00e1s de cien reuniones, logramos consensuar los temas que ahora se presentan al Congreso\u201d, subray\u00f3 Ramos.<\/p>\n\n\n\n<p>\u201cAunque no se lleg\u00f3 a un acuerdo sobre la cesant\u00eda, la reforma incluye elementos significativos como el teletrabajo, el trabajo dom\u00e9stico, las vacaciones y aspectos procesales y de conciliaci\u00f3n laboral\u201d, recalc\u00f3.<\/p>\n\n\n\n<p>Asimismo, resalt\u00f3 que este esfuerzo se ha llevado a cabo bajo la administraci\u00f3n del presidente Luis Abinader, contrastando con la gesti\u00f3n anterior del presidente Danilo Medina, donde las discusiones se prolongaron durante ocho a\u00f1os sin resultados concretos.\u00a0<\/p>\n\n\n\n<figure class=\"wp-block-table\"><table><tbody><tr><td><strong>NOTA DE PRENSA END<\/strong><\/td><\/tr><\/tbody><\/table><\/figure>\n","protected":false},"excerpt":{"rendered":"<p>diariodominicano.com Santo Domingo, R. D.,\u200212\u2002de octubre, 2024.-\u2002El presidente de la Confederaci\u00f3n Nacional de Trabajadores Dominicanos (CNTD), Jacobo Ramos, expres\u00f3 este viernes su confianza en que los congresistas mantengan el contenido de la reforma laboral, por ser el producto del consenso alcanzado entre las partes involucradas. Ramos advirti\u00f3 que cualquier modificaci\u00f3n al texto propuesto podr\u00eda ser [&hellip;]<\/p>\n","protected":false},"author":5,"featured_media":565880,"comment_status":"closed","ping_status":"closed","sticky":true,"template":"","format":"standard","meta":{"footnotes":""},"categories":[20,27],"tags":[],"class_list":["post-565879","post","type-post","status-publish","format-standard","has-post-thumbnail","hentry","category-dominicana-hoy","category-portada"],"_links":{"self":[{"href":"https:\/\/diariodominicano.com\/index.php?rest_route=\/wp\/v2\/posts\/565879","targetHints":{"allow":["GET"]}}],"collection":[{"href":"https:\/\/diariodominicano.com\/index.php?rest_route=\/wp\/v2\/posts"}],"about":[{"href":"https:\/\/diariodominicano.com\/index.php?rest_route=\/wp\/v2\/types\/post"}],"author":[{"embeddable":true,"href":"https:\/\/diariodominicano.com\/index.php?rest_route=\/wp\/v2\/users\/5"}],"replies":[{"embeddable":true,"href":"https:\/\/diariodominicano.com\/index.php?rest_route=%2Fwp%2Fv2%2Fcomments&post=565879"}],"version-history":[{"count":1,"href":"https:\/\/diariodominicano.com\/index.php?rest_route=\/wp\/v2\/posts\/565879\/revisions"}],"predecessor-version":[{"id":565881,"href":"https:\/\/diariodominicano.com\/index.php?rest_route=\/wp\/v2\/posts\/565879\/revisions\/565881"}],"wp:featuredmedia":[{"embeddable":true,"href":"https:\/\/diariodominicano.com\/index.php?rest_route=\/wp\/v2\/media\/565880"}],"wp:attachment":[{"href":"https:\/\/diariodominicano.com\/index.php?rest_route=%2Fwp%2Fv2%2Fmedia&parent=565879"}],"wp:term":[{"taxonomy":"category","embeddable":true,"href":"https:\/\/diariodominicano.com\/index.php?rest_route=%2Fwp%2Fv2%2Fcategories&post=565879"},{"taxonomy":"post_tag","embeddable":true,"href":"https:\/\/diariodominicano.com\/index.php?rest_route=%2Fwp%2Fv2%2Ftags&post=565879"}],"curies":[{"name":"wp","href":"https:\/\/api.w.org\/{rel}","templated":true}]}}