{"id":565873,"date":"2024-10-12T10:02:15","date_gmt":"2024-10-12T14:02:15","guid":{"rendered":"https:\/\/diariodominicano.com\/?p=565873"},"modified":"2024-10-12T10:03:15","modified_gmt":"2024-10-12T14:03:15","slug":"panama-y-colombia-inician-consultas-para-proteger-fronteras-en-zona-de-darien-y-evitar-migracion-ilegal","status":"publish","type":"post","link":"https:\/\/diariodominicano.com\/?p=565873","title":{"rendered":"Panam\u00e1 y Colombia inician consultas para proteger fronteras en zona de Dari\u00e9n y evitar migraci\u00f3n ilegal"},"content":{"rendered":"\n<p>diariodominicano.com<\/p>\n\n\n\n<p>Ciudad de Panam\u00e1, 12 oct ( Prensa Latina) La migraci\u00f3n irregular centr\u00f3 la IV Reuni\u00f3n del Mecanismo de Consultas P\u00fablicas entre Panam\u00e1 y Colombia, trascendi\u00f3 hoy.<\/p>\n\n\n\n<p>Un informe oficial del Ministerio de Relaciones Exteriores se\u00f1ala que as\u00ed lo reafirmaron los vicecancilleres Carlos Ruiz-Hern\u00e1ndez y su visitante Jorge Rojas, luego de recorrer centros receptores de viajeros ilegales en Lajas Blancas y Bajo Chiquito, en la selva fronteriza de Dari\u00e9n.<\/p>\n\n\n\n<p>Tanto Ruiz-Hern\u00e1ndez como Rojas coincidieron en la importancia de proteger el Dari\u00e9n y promover el desarrollo fronterizo sostenible.<\/p>\n\n\n\n<p>Tambi\u00e9n abordaron temas de inter\u00e9s bilateral como seguridad, migraci\u00f3n , conservaci\u00f3n de \u00e1reas protegidas y la integraci\u00f3n de comunidades fronterizas, fortaleciendo as\u00ed 100 a\u00f1os de relaciones diplom\u00e1ticas, seg\u00fan el comunicado.<\/p>\n\n\n\n<p>Adem\u00e1s, se reiter\u00f3 el compromiso de cooperar en foros multilaterales, resaltando el rol de Panam\u00e1 como miembro no permanente en el Consejo de Seguridad de las Naciones Unidas desde enero de 2025; y respaldando la candidatura de Colombia para el per\u00edodo 2026-2027.<\/p>\n\n\n\n<p>mem\/ga<\/p>\n","protected":false},"excerpt":{"rendered":"<p>diariodominicano.com Ciudad de Panam\u00e1, 12 oct ( Prensa Latina) La migraci\u00f3n irregular centr\u00f3 la IV Reuni\u00f3n del Mecanismo de Consultas P\u00fablicas entre Panam\u00e1 y Colombia, trascendi\u00f3 hoy. Un informe oficial del Ministerio de Relaciones Exteriores se\u00f1ala que as\u00ed lo reafirmaron los vicecancilleres Carlos Ruiz-Hern\u00e1ndez y su visitante Jorge Rojas, luego de recorrer centros receptores de [&hellip;]<\/p>\n","protected":false},"author":5,"featured_media":565875,"comment_status":"closed","ping_status":"closed","sticky":true,"template":"","format":"standard","meta":{"footnotes":""},"categories":[23,27],"tags":[],"class_list":["post-565873","post","type-post","status-publish","format-standard","has-post-thumbnail","hentry","category-internacional","category-portada"],"_links":{"self":[{"href":"https:\/\/diariodominicano.com\/index.php?rest_route=\/wp\/v2\/posts\/565873","targetHints":{"allow":["GET"]}}],"collection":[{"href":"https:\/\/diariodominicano.com\/index.php?rest_route=\/wp\/v2\/posts"}],"about":[{"href":"https:\/\/diariodominicano.com\/index.php?rest_route=\/wp\/v2\/types\/post"}],"author":[{"embeddable":true,"href":"https:\/\/diariodominicano.com\/index.php?rest_route=\/wp\/v2\/users\/5"}],"replies":[{"embeddable":true,"href":"https:\/\/diariodominicano.com\/index.php?rest_route=%2Fwp%2Fv2%2Fcomments&post=565873"}],"version-history":[{"count":1,"href":"https:\/\/diariodominicano.com\/index.php?rest_route=\/wp\/v2\/posts\/565873\/revisions"}],"predecessor-version":[{"id":565874,"href":"https:\/\/diariodominicano.com\/index.php?rest_route=\/wp\/v2\/posts\/565873\/revisions\/565874"}],"wp:featuredmedia":[{"embeddable":true,"href":"https:\/\/diariodominicano.com\/index.php?rest_route=\/wp\/v2\/media\/565875"}],"wp:attachment":[{"href":"https:\/\/diariodominicano.com\/index.php?rest_route=%2Fwp%2Fv2%2Fmedia&parent=565873"}],"wp:term":[{"taxonomy":"category","embeddable":true,"href":"https:\/\/diariodominicano.com\/index.php?rest_route=%2Fwp%2Fv2%2Fcategories&post=565873"},{"taxonomy":"post_tag","embeddable":true,"href":"https:\/\/diariodominicano.com\/index.php?rest_route=%2Fwp%2Fv2%2Ftags&post=565873"}],"curies":[{"name":"wp","href":"https:\/\/api.w.org\/{rel}","templated":true}]}}