{"id":565870,"date":"2024-10-12T09:55:39","date_gmt":"2024-10-12T13:55:39","guid":{"rendered":"https:\/\/diariodominicano.com\/?p=565870"},"modified":"2024-10-12T09:55:53","modified_gmt":"2024-10-12T13:55:53","slug":"presidente-dominicano-encabeza-consejo-de-ministros-en-puerto-plata","status":"publish","type":"post","link":"https:\/\/diariodominicano.com\/?p=565870","title":{"rendered":"Presidente dominicano encabeza Consejo de Ministros en Puerto Plata"},"content":{"rendered":"\n<p>diariodominicano.com<\/p>\n\n\n\n<p>Santo Domingo, 12 oct ( Prensa Latina) El presidente dominicano, Luis Abinader, encabezar\u00e1 hoy un Consejo de Ministros en la provincia de Puerto Plata, en la costa norte, donde tambi\u00e9n entregar\u00e1 el remodelado Estadio Jos\u00e9 Brice\u00f1o.<\/p>\n\n\n\n<p>La direcci\u00f3n de prensa del Mandatario indic\u00f3 que el Consejo de Ministros y Directores est\u00e1 fijado para las 11:00, hora local, en el Sal\u00f3n de Convenciones del hotel Blue Jacktar.<\/p>\n\n\n\n<p>En ese territorio situado a unos 207 kil\u00f3metros al norte de esta capital, el gobernante presidir\u00e1 la inauguraci\u00f3n de la carretera de Gurabito de Yaroa, en Y\u00e1sica, y luego sostendr\u00e1 un almuerzo privado con empresarios de la zona.<\/p>\n\n\n\n<p>El domingo har\u00e1 entrega en Puerto Plata de 150 autobuses del programa Sistema de Transporte Estudiantil, precis\u00f3 la fuente.<\/p>\n\n\n\n<p>ro\/mpv<\/p>\n","protected":false},"excerpt":{"rendered":"<p>diariodominicano.com Santo Domingo, 12 oct ( Prensa Latina) El presidente dominicano, Luis Abinader, encabezar\u00e1 hoy un Consejo de Ministros en la provincia de Puerto Plata, en la costa norte, donde tambi\u00e9n entregar\u00e1 el remodelado Estadio Jos\u00e9 Brice\u00f1o. La direcci\u00f3n de prensa del Mandatario indic\u00f3 que el Consejo de Ministros y Directores est\u00e1 fijado para las [&hellip;]<\/p>\n","protected":false},"author":5,"featured_media":565871,"comment_status":"closed","ping_status":"closed","sticky":true,"template":"","format":"standard","meta":{"footnotes":""},"categories":[20,27],"tags":[],"class_list":["post-565870","post","type-post","status-publish","format-standard","has-post-thumbnail","hentry","category-dominicana-hoy","category-portada"],"_links":{"self":[{"href":"https:\/\/diariodominicano.com\/index.php?rest_route=\/wp\/v2\/posts\/565870","targetHints":{"allow":["GET"]}}],"collection":[{"href":"https:\/\/diariodominicano.com\/index.php?rest_route=\/wp\/v2\/posts"}],"about":[{"href":"https:\/\/diariodominicano.com\/index.php?rest_route=\/wp\/v2\/types\/post"}],"author":[{"embeddable":true,"href":"https:\/\/diariodominicano.com\/index.php?rest_route=\/wp\/v2\/users\/5"}],"replies":[{"embeddable":true,"href":"https:\/\/diariodominicano.com\/index.php?rest_route=%2Fwp%2Fv2%2Fcomments&post=565870"}],"version-history":[{"count":1,"href":"https:\/\/diariodominicano.com\/index.php?rest_route=\/wp\/v2\/posts\/565870\/revisions"}],"predecessor-version":[{"id":565872,"href":"https:\/\/diariodominicano.com\/index.php?rest_route=\/wp\/v2\/posts\/565870\/revisions\/565872"}],"wp:featuredmedia":[{"embeddable":true,"href":"https:\/\/diariodominicano.com\/index.php?rest_route=\/wp\/v2\/media\/565871"}],"wp:attachment":[{"href":"https:\/\/diariodominicano.com\/index.php?rest_route=%2Fwp%2Fv2%2Fmedia&parent=565870"}],"wp:term":[{"taxonomy":"category","embeddable":true,"href":"https:\/\/diariodominicano.com\/index.php?rest_route=%2Fwp%2Fv2%2Fcategories&post=565870"},{"taxonomy":"post_tag","embeddable":true,"href":"https:\/\/diariodominicano.com\/index.php?rest_route=%2Fwp%2Fv2%2Ftags&post=565870"}],"curies":[{"name":"wp","href":"https:\/\/api.w.org\/{rel}","templated":true}]}}