{"id":565867,"date":"2024-10-12T09:48:24","date_gmt":"2024-10-12T13:48:24","guid":{"rendered":"https:\/\/diariodominicano.com\/?p=565867"},"modified":"2024-10-12T09:48:33","modified_gmt":"2024-10-12T13:48:33","slug":"especialistas-destacan-papel-de-las-ff-aa-en-la-proteccion-y-defensa-del-medio-ambiente","status":"publish","type":"post","link":"https:\/\/diariodominicano.com\/?p=565867","title":{"rendered":"Especialistas destacan papel de las FF.AA. en la protecci\u00f3n y defensa del medio ambiente"},"content":{"rendered":"\n<p>diariodominicano.com<\/p>\n\n\n\n<p>Santo Domingo, R. D.,\u200212 de octubre, 2024.-\u2002El Asesor en temas de gesti\u00f3n ambiental de las Fuerzas Armadas, coronel Julio Rodr\u00edguez Burgos, ERD, destac\u00f3 el papel fundamental que juegan las Fuerzas Armadas en favor de la defensa del medio ambiente y los recursos naturales, a trav\u00e9s de programas y proyectos que desarrollan durante todo el a\u00f1o en conjunto con las autoridades civiles del pa\u00eds.<\/p>\n\n\n\n<p>Durante su participaci\u00f3n en el programa radial \u201cJ-5 Interactivo\u201d, que se transmite por la Radioemisora Cultural \u201cLa Voz de las Fuerzas Armadas\u201d, el coronel Rodr\u00edguez puntualiz\u00f3 que las Fuerzas Armadas aprovechan cualquier oportunidad para brindar apoyo a las diferentes organizaciones tanto p\u00fablicas como privadas que se dedican a la protecci\u00f3n, y cuidado del medio ambiente y las diferentes iniciativas en los temas referentes al cambio clim\u00e1ticos.<\/p>\n\n\n\n<p>Adem\u00e1s, habl\u00f3 sobre la importancia que tiene la ley 64-00 sobre Medioambiente y Recursos Naturales, en base a la cual se fundamenta el accionar del Ministerio de Medioambiente y del Servicio Nacional de Protecci\u00f3n Ambiental (SENPA). Tambi\u00e9n se refiri\u00f3 a la participaci\u00f3n de las Unidades Humanitarias de Rescate de las fuerzas militares y de los cuerpos de bomberos, al momento de sofocar incendios forestales cuando se amerita.<\/p>\n\n\n\n<p>En ese sentido, el coronel Pedro Jacobo Tomas y la segunda teniente Jennifer Cubilette del Cuerpo de Bomberos de San Crist\u00f3bal, al participar del programa aseguraron que estas operaciones son vitales para la efectiva gesti\u00f3n del riesgo y la prevenci\u00f3n de desastres, lo que inform\u00f3 se realiza en coordinaci\u00f3n con las autoridades civiles.<\/p>\n\n\n\n<p><strong><em>Departamento de Prensa<\/em><\/strong><\/p>\n\n\n\n<p><em><strong>Direcci\u00f3n de Asuntos Civiles del Estado Mayor Conjunto, J5<\/strong><\/em><\/p>\n\n\n\n<p><em><strong>Ministerio de Defensa de Rep\u00fablica Dominicana<\/strong><\/em><\/p>\n","protected":false},"excerpt":{"rendered":"<p>diariodominicano.com Santo Domingo, R. D.,\u200212 de octubre, 2024.-\u2002El Asesor en temas de gesti\u00f3n ambiental de las Fuerzas Armadas, coronel Julio Rodr\u00edguez Burgos, ERD, destac\u00f3 el papel fundamental que juegan las Fuerzas Armadas en favor de la defensa del medio ambiente y los recursos naturales, a trav\u00e9s de programas y proyectos que desarrollan durante todo el [&hellip;]<\/p>\n","protected":false},"author":5,"featured_media":565868,"comment_status":"closed","ping_status":"closed","sticky":true,"template":"","format":"standard","meta":{"footnotes":""},"categories":[20,27],"tags":[],"class_list":["post-565867","post","type-post","status-publish","format-standard","has-post-thumbnail","hentry","category-dominicana-hoy","category-portada"],"_links":{"self":[{"href":"https:\/\/diariodominicano.com\/index.php?rest_route=\/wp\/v2\/posts\/565867","targetHints":{"allow":["GET"]}}],"collection":[{"href":"https:\/\/diariodominicano.com\/index.php?rest_route=\/wp\/v2\/posts"}],"about":[{"href":"https:\/\/diariodominicano.com\/index.php?rest_route=\/wp\/v2\/types\/post"}],"author":[{"embeddable":true,"href":"https:\/\/diariodominicano.com\/index.php?rest_route=\/wp\/v2\/users\/5"}],"replies":[{"embeddable":true,"href":"https:\/\/diariodominicano.com\/index.php?rest_route=%2Fwp%2Fv2%2Fcomments&post=565867"}],"version-history":[{"count":1,"href":"https:\/\/diariodominicano.com\/index.php?rest_route=\/wp\/v2\/posts\/565867\/revisions"}],"predecessor-version":[{"id":565869,"href":"https:\/\/diariodominicano.com\/index.php?rest_route=\/wp\/v2\/posts\/565867\/revisions\/565869"}],"wp:featuredmedia":[{"embeddable":true,"href":"https:\/\/diariodominicano.com\/index.php?rest_route=\/wp\/v2\/media\/565868"}],"wp:attachment":[{"href":"https:\/\/diariodominicano.com\/index.php?rest_route=%2Fwp%2Fv2%2Fmedia&parent=565867"}],"wp:term":[{"taxonomy":"category","embeddable":true,"href":"https:\/\/diariodominicano.com\/index.php?rest_route=%2Fwp%2Fv2%2Fcategories&post=565867"},{"taxonomy":"post_tag","embeddable":true,"href":"https:\/\/diariodominicano.com\/index.php?rest_route=%2Fwp%2Fv2%2Ftags&post=565867"}],"curies":[{"name":"wp","href":"https:\/\/api.w.org\/{rel}","templated":true}]}}