{"id":56586,"date":"2020-11-03T02:41:54","date_gmt":"2020-11-03T02:41:54","guid":{"rendered":"http:\/\/diariodominicano.ddns.net\/?p=56586"},"modified":"2020-11-03T02:41:54","modified_gmt":"2020-11-03T02:41:54","slug":"el-centro-cultural-de-espana-de-santo-domingo-transmitira-conversatorio-percibir-el-habitat-a-traves-del-pensamiento-poetico","status":"publish","type":"post","link":"https:\/\/diariodominicano.com\/?p=56586","title":{"rendered":"El Centro Cultural de Espa\u00f1a de Santo Domingo transmitir\u00e1 conversatorio \u00abPercibir el h\u00e1bitat a trav\u00e9s del pensamiento po\u00e9tico\u00bb"},"content":{"rendered":"<p><body><\/p>\n<p><img decoding=\"async\" src=\"img3\/Claudio Troisemme.jpeg\" \/><br \/><img decoding=\"async\" src=\"img3\/Libro publicado.jpeg\" \/><br \/><img decoding=\"async\" src=\"img3\/Claudio Troisemme 2.jpeg\" \/>  <\/p>\n<p><strong>Diariodominicano.com<\/strong><\/p>\n<p><strong>El Centro Cultural de Espa\u00f1a de Santo Domingo transmitir\u00e1 conversatorio \u00abPercibir el h\u00e1bitat a trav\u00e9s del pensamiento po\u00e9tico\u00bb<\/strong><\/p>\n<p><strong> <\/strong><\/p>\n<p><strong>El di\u00e1logo surge tras la realizaci\u00f3n del \u00abReto Po\u00e9tico\u00bb del proyecto cultural Mo\u00f1ohecho. El encuentro inicia a las cinco de la tarde<\/strong><\/p>\n<p><strong> <\/strong><\/p>\n<p><strong>Santo Domingo. &#8211; <\/strong>El proyecto cultural Mo\u00f1ohecho, con apoyo del Centro Cultural de Espa\u00f1a en Santo Domingo (CCESD), realizar\u00e1 este mi\u00e9rcoles cuatro de noviembre el conversatorio \u00abPercibir el h\u00e1bitat a trav\u00e9s del pensamiento po\u00e9tico\u00bb en el que participar\u00e1n los j\u00f3venes escritores Jennifer Rubio, Frank Garc\u00eda y Tha\u00eds Espaillat, cuyos trabajos conforman la \u00abColecci\u00f3n de cuadernos de Frasco de Paisaje\u00bb.<\/p>\n<\/p>\n<\/p>\n<p>El evento que se desarrollar\u00e1 a trav\u00e9s de la plataforma Zoom y se transmitir\u00e1 por el canal de YouTube del CCESD, ser\u00e1 moderado por Claudio Troisemme, gestor cultural, coordinador y director general del proyecto multidisciplinario Mo\u00f1ohecho y de la revista de comunicaci\u00f3n visual Vocabulario Gr\u00e1fico.<\/p>\n<\/p>\n<\/p>\n<p>Rubio, Garc\u00eda y Espaillat respondieron a la convocatoria p\u00fablica del Reto Po\u00e9tico que efectu\u00f3 Mo\u00f1ohecho a trav\u00e9s de las redes sociales, en el que se invit\u00f3 a escribir un poema al d\u00eda, durante un mes, con el tema de la ciudad y nuestra relaci\u00f3n con ella. <\/p>\n<\/p>\n<\/p>\n<p>\u00abPercibir el h\u00e1bitat a trav\u00e9s del pensamiento po\u00e9tico\u00bb es un di\u00e1logo sobre los procesos de creaci\u00f3n po\u00e9tica relacionados con el ejercicio reflexivo, de estar y asociarnos con el espacio f\u00edsico que habitamos\u00bb, afirma Troisemme.<\/p>\n<\/p>\n<\/p>\n<p><strong>Hacia la autogesti\u00f3n de los proyectos literarios<\/strong><\/p>\n<\/p>\n<\/p>\n<p>Troisemme, quien tiene en su haber tres libros de poes\u00eda publicados, a la vez que trabaja como comunicador visual de manera freelance y como publicista, relata que la plataforma cultural Mo\u00f1ohecho \u00absurge en 2011 como respuesta a  la urgencia de visibilizar el trabajo literario de nuestros autores, de estimular la imaginaci\u00f3n y generar experiencias creativas\u00bb .<\/p>\n<\/p>\n<\/p>\n<p>As\u00ed Monohecho, del que se desprenden otros proyectos  como Rizoma Transversal , es una iniciativa independiente de fomento a la creaci\u00f3n art\u00edstica, en la que se apuesta  por la autopublicaci\u00f3n como forma ideal de promoci\u00f3n de las ideas.<\/p>\n<\/p>\n<\/p>\n<p>\u00abEstamos orientados principalmente a promover el trabajo de autores dominicanos j\u00f3venes, as\u00ed como a organizar diversas actividades como talleres de creaci\u00f3n literaria, recitales po\u00e9ticos y exposiciones de arte: nuestra meta es brindar espacios accesibles, inclusivos y participativos que propicien la creaci\u00f3n literaria y su difusi\u00f3n\u00bb.<\/p>\n<\/p>\n<\/p>\n<p>En la actualidad, Mo\u00f1ohecho  cuenta con una p\u00e1gina web en la que comparte gran parte de su trabajo, asimismo el (CCESD) ha sido el escenario para los talleres de escritura creativa \u00abFrasco de paisaje\u00bb  que realiza la plataforma cada a\u00f1o desde el 2017, una actividad que en palabras de  Troisemme \u00abestimula el sentido de pertenec\u00eda y la reflexi\u00f3n a trav\u00e9s de la escritura, creando sujetos m\u00e1s conscientes de su entorno\u00bb. <\/p>\n<p>Cynthia Abreu<\/p>\n<p>cynthiaabreug@gmail.com<\/p>\n<h6> 2020-11-03 02:41:54 <\/h6>\n<p><!--\n<link rel=\"stylesheet\" href=\"css\/bootstrap.min.css\">\n\n\n<ul class=\"pagination\">\n\t    \n\t\n\n<li >\n\t<a href='?page_no=84'>Previous<\/a>\n\t<\/li>\n\n\n       \n    \n\n<li><a href='?page_no=1'>1<\/a><\/li>\n\n\n\n<li><a href='?page_no=2'>2<\/a><\/li>\n\n\n\n<li><a>...<\/a><\/li>\n\n\n\n<li><a href='?page_no=83'>83<\/a><\/li>\n\n\n\n<li><a href='?page_no=84'>84<\/a><\/li>\n\n\n\n<li class='active'><a>85<\/a><\/li>\n\n\n\n<li><a href='?page_no=86'>86<\/a><\/li>\n\n\n\n<li><a href='?page_no=87'>87<\/a><\/li>\n\n\n\n<li><a>...<\/a><\/li>\n\n\n\n<li><a href='?page_no=22911'>22911<\/a><\/li>\n\n\n\n<li><a href='?page_no=22912'>22912<\/a><\/li>\n\n    \n\t\n\n<li >\n\t<a href='?page_no=86'>Next<\/a>\n\t<\/li>\n\n\n    \n\n<li><a href='?page_no=22912'>Last &rsaquo;&rsaquo;<\/a><\/li>\n\n<\/ul>\n\n\n--><br \/>\n<\/body><\/p>\n","protected":false},"excerpt":{"rendered":"<p>Diariodominicano.com El Centro Cultural de Espa\u00f1a de Santo Domingo transmitir\u00e1 conversatorio \u00abPercibir el h\u00e1bitat a trav\u00e9s del pensamiento po\u00e9tico\u00bb El di\u00e1logo surge tras la realizaci\u00f3n del \u00abReto Po\u00e9tico\u00bb del proyecto cultural Mo\u00f1ohecho. El encuentro inicia a las cinco de la tarde Santo Domingo. &#8211; El proyecto cultural Mo\u00f1ohecho, con apoyo del Centro Cultural de Espa\u00f1a [&hellip;]<\/p>\n","protected":false},"author":3,"featured_media":0,"comment_status":"open","ping_status":"open","sticky":false,"template":"","format":"standard","meta":{"footnotes":""},"categories":[21],"tags":[],"class_list":["post-56586","post","type-post","status-publish","format-standard","hentry","category-cultura"],"_links":{"self":[{"href":"https:\/\/diariodominicano.com\/index.php?rest_route=\/wp\/v2\/posts\/56586","targetHints":{"allow":["GET"]}}],"collection":[{"href":"https:\/\/diariodominicano.com\/index.php?rest_route=\/wp\/v2\/posts"}],"about":[{"href":"https:\/\/diariodominicano.com\/index.php?rest_route=\/wp\/v2\/types\/post"}],"author":[{"embeddable":true,"href":"https:\/\/diariodominicano.com\/index.php?rest_route=\/wp\/v2\/users\/3"}],"replies":[{"embeddable":true,"href":"https:\/\/diariodominicano.com\/index.php?rest_route=%2Fwp%2Fv2%2Fcomments&post=56586"}],"version-history":[{"count":0,"href":"https:\/\/diariodominicano.com\/index.php?rest_route=\/wp\/v2\/posts\/56586\/revisions"}],"wp:attachment":[{"href":"https:\/\/diariodominicano.com\/index.php?rest_route=%2Fwp%2Fv2%2Fmedia&parent=56586"}],"wp:term":[{"taxonomy":"category","embeddable":true,"href":"https:\/\/diariodominicano.com\/index.php?rest_route=%2Fwp%2Fv2%2Fcategories&post=56586"},{"taxonomy":"post_tag","embeddable":true,"href":"https:\/\/diariodominicano.com\/index.php?rest_route=%2Fwp%2Fv2%2Ftags&post=56586"}],"curies":[{"name":"wp","href":"https:\/\/api.w.org\/{rel}","templated":true}]}}