{"id":565742,"date":"2024-10-11T19:30:42","date_gmt":"2024-10-11T23:30:42","guid":{"rendered":"https:\/\/diariodominicano.com\/?p=565742"},"modified":"2024-10-11T23:06:02","modified_gmt":"2024-10-12T03:06:02","slug":"ministerio-publico-logra-condenas-de-15-y-10-anos-de-prision-por-trafico-de-migrantes-agravado-contra-acusados-en-operacion-iguana","status":"publish","type":"post","link":"https:\/\/diariodominicano.com\/?p=565742","title":{"rendered":"Condenan a  15 y 10 a\u00f1os de prisi\u00f3n por tr\u00e1fico de migrantes agravado a los  acusados en Operaci\u00f3n Iguana"},"content":{"rendered":"\n<p>diariodominicano.com<\/p>\n\n\n\n<p><strong>Independencia, R.D., 11 de octubre de 2024.<\/strong>\u00a0El Ministerio P\u00fablico logr\u00f3 que fueran condenados a penas de 15 y 10 a\u00f1os de prisi\u00f3n por tr\u00e1fico il\u00edcito de migrantes agravado los principales miembros de la red criminal desmantelada con la Operaci\u00f3n Iguana.<\/p>\n\n\n\n<p>El Tribunal Colegiado de Jiman\u00ed conden\u00f3&nbsp; a Roberto M\u00e9ndez P\u00e9rez y a Johan Rosario Castillo a 10 a\u00f1os de prisi\u00f3n, mientras que a 15 a\u00f1os fueron sentenciados Delson Manuel Medina D\u00edaz, Juan Mateo Feliciano y Quelinton Eduardo Volquez Guzm\u00e1n. Adem\u00e1s, todos deber\u00e1n pagar una multa de 150 salarios m\u00ednimos.<\/p>\n\n\n\n<p>El tribunal dict\u00f3 una sentencia absolutoria respecto de los acusados Deivi Novas Reyes y Dominga Guzm\u00e1n.<\/p>\n\n\n\n<p>Los procuradores fiscales litigantes Aleika Almonte, Jhensy V\u00edctor y Miguel Crucey,&nbsp; de las procuradur\u00edas&nbsp; especializadas contra el Tr\u00e1fico Il\u00edcito de Migrantes y Trata de Personas (PETT) y de Persecuci\u00f3n de la Corrupci\u00f3n Administrativa (Pepca), aportaron diferentes elementos probatorios que fueron acogidos como buenos y v\u00e1lidos por los jueces Alejandro Antonio Garc\u00eda Cruz, Elaine del Pilar Lluberes y Freidy Hern\u00e1ndez White, quienes dictaron la sentencia condenatoria.<\/p>\n\n\n\n<p>La PETT, encabezada por la procuradora general de corte Yoanna Bejar\u00e1n \u00c1lvarez, desarroll\u00f3 la Operaci\u00f3n Iguana en el a\u00f1o 2022 con nueve allanamientos simult\u00e1neos en municipios de las provincias Independencia, Bahoruco y Pedernales, mediante los cuales fue desarticulada esta red que utiliz\u00f3 a la frontera dom\u00ednico haitiana como centro de operaciones.<\/p>\n\n\n\n<p>Durante los allanamientos, el Ministerio P\u00fablico arrest\u00f3 a los acusados y ocup\u00f3 como evidencias siete veh\u00edculos, 127 pasaportes de ciudadanos extranjeros, aproximadamente 116 mil pesos y 383 d\u00f3lares, cientos de documentos y un arma de fuego, calibre 9 mil\u00edmetros.<\/p>\n\n\n\n<p>El Ministerio P\u00fablico, con el apoyo del Departamento de Investigaci\u00f3n de la Direcci\u00f3n General de Migraci\u00f3n, dio inicio a la investigaci\u00f3n penal de este caso en diciembre del a\u00f1o 2021 contra los miembros de la red, logrando la obtenci\u00f3n de pruebas que les vinculan al tr\u00e1fico il\u00edcito agravado de migrantes y secuestro de dos mujeres y dos ni\u00f1as de nacionalidad cubana, as\u00ed como de otros hechos de tr\u00e1fico il\u00edcito de migrantes.<\/p>\n\n\n\n<p>El expediente acusatorio se\u00f1ala que los procesados recurr\u00edan a la amenaza y al chantaje para la obtenci\u00f3n de soborno. Igualmente, privaban de su libertad y manten\u00edan en cautiverio a las personas objeto de tr\u00e1fico il\u00edcito hasta recibir el pago exigido para la liberaci\u00f3n de las personas retenidas o secuestradas, llegando inclusive a recurrir a las amenazas para la recepci\u00f3n de los pagos.<\/p>\n\n\n\n<p>El grupo fue acusado de violar la Ley 137-03 sobre Tr\u00e1fico Il\u00edcito de Migrantes y Trata de Personas, el C\u00f3digo Penal Dominicano, la Ley 53-07 sobre Cr\u00edmenes y Delitos de Alta Tecnolog\u00eda, la&nbsp; Ley 631-16 para el Control y Regulaci\u00f3n de Armas, Municiones y Materiales Relacionados, y el C\u00f3digo para la Protecci\u00f3n y los Derechos Fundamentales de los Ni\u00f1os, Ni\u00f1as y Adolescentes (Ley 136-03), as\u00ed como la Ley 583 sobre Secuestro.<\/p>\n\n\n\n<p>A trav\u00e9s de un comunicado de prensa el Ministerio P\u00fablico destaca la importancia de la sanci\u00f3n contra esos graves delitos que afectan principalmente a personas en condici\u00f3n de vulnerabilidad, la mayor\u00eda mujeres, ni\u00f1os, ni\u00f1as y\u00a0 adolescentes.<\/p>\n\n\n\n<figure class=\"wp-block-table\"><table><tbody><tr><td><strong>Comunicaciones PGR<\/strong><\/td><\/tr><\/tbody><\/table><\/figure>\n","protected":false},"excerpt":{"rendered":"<p>diariodominicano.com Independencia, R.D., 11 de octubre de 2024.\u00a0El Ministerio P\u00fablico logr\u00f3 que fueran condenados a penas de 15 y 10 a\u00f1os de prisi\u00f3n por tr\u00e1fico il\u00edcito de migrantes agravado los principales miembros de la red criminal desmantelada con la Operaci\u00f3n Iguana. El Tribunal Colegiado de Jiman\u00ed conden\u00f3&nbsp; a Roberto M\u00e9ndez P\u00e9rez y a Johan Rosario [&hellip;]<\/p>\n","protected":false},"author":5,"featured_media":565743,"comment_status":"closed","ping_status":"closed","sticky":true,"template":"","format":"standard","meta":{"footnotes":""},"categories":[24,27],"tags":[],"class_list":["post-565742","post","type-post","status-publish","format-standard","has-post-thumbnail","hentry","category-justicia-y-derecho","category-portada"],"_links":{"self":[{"href":"https:\/\/diariodominicano.com\/index.php?rest_route=\/wp\/v2\/posts\/565742","targetHints":{"allow":["GET"]}}],"collection":[{"href":"https:\/\/diariodominicano.com\/index.php?rest_route=\/wp\/v2\/posts"}],"about":[{"href":"https:\/\/diariodominicano.com\/index.php?rest_route=\/wp\/v2\/types\/post"}],"author":[{"embeddable":true,"href":"https:\/\/diariodominicano.com\/index.php?rest_route=\/wp\/v2\/users\/5"}],"replies":[{"embeddable":true,"href":"https:\/\/diariodominicano.com\/index.php?rest_route=%2Fwp%2Fv2%2Fcomments&post=565742"}],"version-history":[{"count":3,"href":"https:\/\/diariodominicano.com\/index.php?rest_route=\/wp\/v2\/posts\/565742\/revisions"}],"predecessor-version":[{"id":565760,"href":"https:\/\/diariodominicano.com\/index.php?rest_route=\/wp\/v2\/posts\/565742\/revisions\/565760"}],"wp:featuredmedia":[{"embeddable":true,"href":"https:\/\/diariodominicano.com\/index.php?rest_route=\/wp\/v2\/media\/565743"}],"wp:attachment":[{"href":"https:\/\/diariodominicano.com\/index.php?rest_route=%2Fwp%2Fv2%2Fmedia&parent=565742"}],"wp:term":[{"taxonomy":"category","embeddable":true,"href":"https:\/\/diariodominicano.com\/index.php?rest_route=%2Fwp%2Fv2%2Fcategories&post=565742"},{"taxonomy":"post_tag","embeddable":true,"href":"https:\/\/diariodominicano.com\/index.php?rest_route=%2Fwp%2Fv2%2Ftags&post=565742"}],"curies":[{"name":"wp","href":"https:\/\/api.w.org\/{rel}","templated":true}]}}