{"id":565733,"date":"2024-10-11T19:10:44","date_gmt":"2024-10-11T23:10:44","guid":{"rendered":"https:\/\/diariodominicano.com\/?p=565733"},"modified":"2024-10-11T23:08:37","modified_gmt":"2024-10-12T03:08:37","slug":"proyectos-de-generacion-electrica-supliran-alta-demanda-en-dominicana","status":"publish","type":"post","link":"https:\/\/diariodominicano.com\/?p=565733","title":{"rendered":"Informa proyectos de generaci\u00f3n el\u00e9ctrica suplir\u00e1n alta demanda en Dominicana"},"content":{"rendered":"\n<p>diariodominicano.com<\/p>\n\n\n\n<p>Santo Domingo, 11 oct (Prensa Latina) El ministro dominicano de Energ\u00eda y Minas, Joel Santos, inform\u00f3 hoy que en la actualidad se desarrollan 30 proyectos de generaci\u00f3n el\u00e9ctrica que permitir\u00e1n cubrir en el pr\u00f3ximo cuatrienio la demanda energ\u00e9tica del pa\u00eds.<\/p>\n\n\n\n<p>Santos indic\u00f3 que esos programas inyectar\u00e1n a las redes tres mil 200 megavatios, y de estos dos mil 200 megavatios ser\u00e1n de energ\u00eda t\u00e9rmica.<\/p>\n\n\n\n<p>As\u00ed lo expres\u00f3 al hablar en el panel \u201cGeneraci\u00f3n y Transmisi\u00f3n El\u00e9ctrica\u201d, organizado por el Instituto Tecnol\u00f3gico de Santo Domingo y la Asociaci\u00f3n Dominicana de la Industria El\u00e9ctrica.<\/p>\n\n\n\n<p>En la ocasi\u00f3n, el titular resalt\u00f3 que la incorporaci\u00f3n de fuentes limpias a las redes, adem\u00e1s de diversificar la matriz energ\u00e9tica, ayuda al proceso de descarbonizaci\u00f3n.<\/p>\n\n\n\n<p>Al referirse al aumento de la demanda el\u00e9ctrica en el pa\u00eds precis\u00f3 que en 2023 subi\u00f3 un 6.8 por ciento y este a\u00f1o mantiene un ritmo de crecimiento de 8.3 por ciento, con tendencia a ser mayor en los pr\u00f3ximos a\u00f1os.<\/p>\n\n\n\n<p>Coment\u00f3 que el Gobierno prev\u00e9 invertir en el futuro en las redes de transmisi\u00f3n el\u00e9ctrica, los transformadores, medidores y subestaciones para mejorar la distribuci\u00f3n.<\/p>\n\n\n\n<p>En ese sentido, insisti\u00f3 en la importancia de diversificar las inversiones en los territorios para elevar la protecci\u00f3n ante la posible ocurrencia de fen\u00f3menos de la naturaleza.<\/p>\n\n\n\n<p>Explic\u00f3 que forman parte de la seguridad energ\u00e9tica los proyectos el\u00e9ctricos que se desarrollan al norte del pa\u00eds.<\/p>\n\n\n\n<p>rgh\/mpv<\/p>\n","protected":false},"excerpt":{"rendered":"<p>diariodominicano.com Santo Domingo, 11 oct (Prensa Latina) El ministro dominicano de Energ\u00eda y Minas, Joel Santos, inform\u00f3 hoy que en la actualidad se desarrollan 30 proyectos de generaci\u00f3n el\u00e9ctrica que permitir\u00e1n cubrir en el pr\u00f3ximo cuatrienio la demanda energ\u00e9tica del pa\u00eds. Santos indic\u00f3 que esos programas inyectar\u00e1n a las redes tres mil 200 megavatios, y [&hellip;]<\/p>\n","protected":false},"author":5,"featured_media":565734,"comment_status":"closed","ping_status":"closed","sticky":true,"template":"","format":"standard","meta":{"footnotes":""},"categories":[18,27],"tags":[],"class_list":["post-565733","post","type-post","status-publish","format-standard","has-post-thumbnail","hentry","category-economia","category-portada"],"_links":{"self":[{"href":"https:\/\/diariodominicano.com\/index.php?rest_route=\/wp\/v2\/posts\/565733","targetHints":{"allow":["GET"]}}],"collection":[{"href":"https:\/\/diariodominicano.com\/index.php?rest_route=\/wp\/v2\/posts"}],"about":[{"href":"https:\/\/diariodominicano.com\/index.php?rest_route=\/wp\/v2\/types\/post"}],"author":[{"embeddable":true,"href":"https:\/\/diariodominicano.com\/index.php?rest_route=\/wp\/v2\/users\/5"}],"replies":[{"embeddable":true,"href":"https:\/\/diariodominicano.com\/index.php?rest_route=%2Fwp%2Fv2%2Fcomments&post=565733"}],"version-history":[{"count":2,"href":"https:\/\/diariodominicano.com\/index.php?rest_route=\/wp\/v2\/posts\/565733\/revisions"}],"predecessor-version":[{"id":565761,"href":"https:\/\/diariodominicano.com\/index.php?rest_route=\/wp\/v2\/posts\/565733\/revisions\/565761"}],"wp:featuredmedia":[{"embeddable":true,"href":"https:\/\/diariodominicano.com\/index.php?rest_route=\/wp\/v2\/media\/565734"}],"wp:attachment":[{"href":"https:\/\/diariodominicano.com\/index.php?rest_route=%2Fwp%2Fv2%2Fmedia&parent=565733"}],"wp:term":[{"taxonomy":"category","embeddable":true,"href":"https:\/\/diariodominicano.com\/index.php?rest_route=%2Fwp%2Fv2%2Fcategories&post=565733"},{"taxonomy":"post_tag","embeddable":true,"href":"https:\/\/diariodominicano.com\/index.php?rest_route=%2Fwp%2Fv2%2Ftags&post=565733"}],"curies":[{"name":"wp","href":"https:\/\/api.w.org\/{rel}","templated":true}]}}