{"id":565670,"date":"2024-10-11T19:03:39","date_gmt":"2024-10-11T23:03:39","guid":{"rendered":"https:\/\/diariodominicano.com\/?p=565670"},"modified":"2024-10-11T23:11:55","modified_gmt":"2024-10-12T03:11:55","slug":"primera-dama-destaca-el-impacto-positivo-del-infotep-en-la-capacitacion-laboral-y-el-desarrollo-del-pais","status":"publish","type":"post","link":"https:\/\/diariodominicano.com\/?p=565670","title":{"rendered":"Primera dama destaca el impacto positivo del INFOTEP\u00a0en la capacitaci\u00f3n laboral y el desarrollo de RD"},"content":{"rendered":"\n<p>\u00b7&nbsp;&nbsp;&nbsp;&nbsp;&nbsp;&nbsp;&nbsp;&nbsp;<em>Raquel Arbaje envi\u00f3 mensaje de felicitaci\u00f3n por 44 aniversario<\/em><em><\/em><\/p>\n\n\n\n<p>Santo Domingo, RD. &#8211; La Primera Dama de la Rep\u00fablica Dominicana, Raquel Arbaje, envi\u00f3 un mensaje de felicitaci\u00f3n al Instituto Nacional de Formaci\u00f3n T\u00e9cnico Profesional (INFOTEP) con motivo de su 44 aniversario, subrayando el impacto positivo de la instituci\u00f3n en la capacitaci\u00f3n laboral y el desarrollo del pa\u00eds.<\/p>\n\n\n\n<p>En su mensaje, Arbaje expres\u00f3 su agradecimiento y admiraci\u00f3n hacia el director de INFOTEP, Rafael Santos Bad\u00eda, y a todo el equipo de trabajo por su dedicaci\u00f3n a lo largo de los a\u00f1os.<\/p>\n\n\n\n<p>\u201cQuiero felicitar al maestro Rafael Santos Bad\u00eda y a todo el equipo de INFOTEP en su 44 aniversario. Reconocemos la ardua labor que han realizado\u201d, destac\u00f3 la Primera Dama.<\/p>\n\n\n\n<p>Arbaje resalt\u00f3 el crecimiento del INFOTEP bajo la administraci\u00f3n del presidente Luis Abinader, que ha visto un aumento de ocho a 53 centros de formaci\u00f3n en todo el pa\u00eds. Dijo que la expansi\u00f3n ha facilitado el acceso de m\u00e1s ciudadanos a programas de formaci\u00f3n t\u00e9cnica y profesional de alta calidad.<\/p>\n\n\n\n<p>\u201cRecuerden, tener un t\u00edtulo de INFOTEP es sin\u00f3nimo de empleabilidad garantizada y una certificaci\u00f3n de confianza\u201d, afirm\u00f3 Arbaje, enfatizando el prestigio que ha adquirido la instituci\u00f3n con el tiempo.<\/p>\n\n\n\n<p>Seg\u00fan la Primera Dama, la formaci\u00f3n que ofrece INFOTEP asegura que sus egresados est\u00e9n completamente preparados para ingresar al mercado laboral y que el compromiso de INFOTEP con la formaci\u00f3n de calidad ha sido fundamental para mejorar la competitividad del pa\u00eds, brindando a los empleadores la seguridad de contar con personal altamente capacitado.<\/p>\n\n\n\n<p>\u201cTodos sabemos que tener un empleado formado en INFOTEP significa que est\u00e1 bien preparado\u201d, a\u00f1adi\u00f3 Arbaje, resaltando la confianza que genera la instituci\u00f3n en el sector productivo.<\/p>\n\n\n\n<p>Finalmente, Arbaje expres\u00f3 su deseo de que INFOTEP contin\u00fae expandiendo su alcance en todo el pa\u00eds, ofreciendo oportunidades de desarrollo personal y profesional a los dominicanos. \u00abMuchas felicidades y que vengan cientos de a\u00f1os m\u00e1s\u00bb, concluy\u00f3.<\/p>\n\n\n\n<p>El INFOTEP ha desempe\u00f1ado un papel esencial en la formaci\u00f3n de capital humano calificado, y su impacto en la econom\u00eda y el bienestar social del pa\u00eds es innegable. A trav\u00e9s de programas innovadores y una gesti\u00f3n eficiente, la instituci\u00f3n se ha consolidado como uno de los pilares del desarrollo t\u00e9cnico-profesional en la Rep\u00fablica Dominicana.<\/p>\n\n\n\n<p>El mensaje est\u00e1 colgado en la p\u00e1gina de Instagram infoteprd:&nbsp;<a href=\"https:\/\/www.instagram.com\/reel\/DA6BHSyOtj6\/?utm_source=ig_web_copy_link&amp;igsh=MzRlODBiNWFlZA==\" target=\"_blank\" rel=\"noreferrer noopener\">https:\/\/www.instagram.com\/reel\/DA6BHSyOtj6\/?utm_source=ig_web_copy_link&amp;igsh=MzRlODBiNWFlZA==<\/a><\/p>\n\n\n\n<p>Prensa INFOTEP prensainfotep@infotep.gob.do <\/p>\n","protected":false},"excerpt":{"rendered":"<p>\u00b7&nbsp;&nbsp;&nbsp;&nbsp;&nbsp;&nbsp;&nbsp;&nbsp;Raquel Arbaje envi\u00f3 mensaje de felicitaci\u00f3n por 44 aniversario Santo Domingo, RD. &#8211; La Primera Dama de la Rep\u00fablica Dominicana, Raquel Arbaje, envi\u00f3 un mensaje de felicitaci\u00f3n al Instituto Nacional de Formaci\u00f3n T\u00e9cnico Profesional (INFOTEP) con motivo de su 44 aniversario, subrayando el impacto positivo de la instituci\u00f3n en la capacitaci\u00f3n laboral y el desarrollo [&hellip;]<\/p>\n","protected":false},"author":7,"featured_media":565727,"comment_status":"closed","ping_status":"closed","sticky":true,"template":"","format":"standard","meta":{"footnotes":""},"categories":[36,20],"tags":[94],"class_list":["post-565670","post","type-post","status-publish","format-standard","has-post-thumbnail","hentry","category-hombresmujeresycosas","category-dominicana-hoy","tag-infotep"],"_links":{"self":[{"href":"https:\/\/diariodominicano.com\/index.php?rest_route=\/wp\/v2\/posts\/565670","targetHints":{"allow":["GET"]}}],"collection":[{"href":"https:\/\/diariodominicano.com\/index.php?rest_route=\/wp\/v2\/posts"}],"about":[{"href":"https:\/\/diariodominicano.com\/index.php?rest_route=\/wp\/v2\/types\/post"}],"author":[{"embeddable":true,"href":"https:\/\/diariodominicano.com\/index.php?rest_route=\/wp\/v2\/users\/7"}],"replies":[{"embeddable":true,"href":"https:\/\/diariodominicano.com\/index.php?rest_route=%2Fwp%2Fv2%2Fcomments&post=565670"}],"version-history":[{"count":3,"href":"https:\/\/diariodominicano.com\/index.php?rest_route=\/wp\/v2\/posts\/565670\/revisions"}],"predecessor-version":[{"id":565765,"href":"https:\/\/diariodominicano.com\/index.php?rest_route=\/wp\/v2\/posts\/565670\/revisions\/565765"}],"wp:featuredmedia":[{"embeddable":true,"href":"https:\/\/diariodominicano.com\/index.php?rest_route=\/wp\/v2\/media\/565727"}],"wp:attachment":[{"href":"https:\/\/diariodominicano.com\/index.php?rest_route=%2Fwp%2Fv2%2Fmedia&parent=565670"}],"wp:term":[{"taxonomy":"category","embeddable":true,"href":"https:\/\/diariodominicano.com\/index.php?rest_route=%2Fwp%2Fv2%2Fcategories&post=565670"},{"taxonomy":"post_tag","embeddable":true,"href":"https:\/\/diariodominicano.com\/index.php?rest_route=%2Fwp%2Fv2%2Ftags&post=565670"}],"curies":[{"name":"wp","href":"https:\/\/api.w.org\/{rel}","templated":true}]}}