{"id":565668,"date":"2024-10-11T18:55:36","date_gmt":"2024-10-11T22:55:36","guid":{"rendered":"https:\/\/diariodominicano.com\/?p=565668"},"modified":"2024-10-11T18:55:38","modified_gmt":"2024-10-11T22:55:38","slug":"equip-celebra-20-anos-de-liderazgo-en-la-seguridad-industrial-y-salud-ocupacional","status":"publish","type":"post","link":"https:\/\/diariodominicano.com\/?p=565668","title":{"rendered":"EQUIP celebra 20 a\u00f1os de liderazgo en la seguridad industrial y salud ocupacional"},"content":{"rendered":"\n<p><strong>Santo Domingo, Rep\u00fablica Dominicana. &#8211;<\/strong>&nbsp; Durante un significativo encuentro EQUIP, empresa l\u00edder en seguridad industrial y ocupacional, celebr\u00f3 el vig\u00e9simo aniversario de fundaci\u00f3n con la magistral conferencia \u201cM\u00e1s all\u00e1 de la Seguridad: Liderazgo que Deja Huella\u201d, a cargo del coach cient\u00edfico internacional Roberto Nowak, especialista en liderazgo y bienestar organizacional.<\/p>\n\n\n\n<p>El evento, que reuni\u00f3 a profesionales del sector y colaboradores de EQUIP, se centr\u00f3 en la importancia de un liderazgo transformador que no solo promueva la seguridad en el trabajo, sino que tambi\u00e9n fomente un ambiente de bienestar integral. Roberto Nowak, con su amplia experiencia, comparti\u00f3 estrategias y herramientas pr\u00e1cticas que empoderan a los l\u00edderes a dejar un impacto duradero en sus organizaciones.<\/p>\n\n\n\n<figure class=\"wp-block-gallery has-nested-images columns-default is-cropped wp-block-gallery-1 is-layout-flex wp-block-gallery-is-layout-flex\">\n<figure class=\"wp-block-image size-large\"><img loading=\"lazy\" decoding=\"async\" width=\"1024\" height=\"682\" data-id=\"565711\" src=\"https:\/\/diariodominicano.com\/wp-content\/uploads\/2024\/10\/Reconocimiento-Gerdau-METALDOM-Menioli-Alvarez-Angely-Aybar-Wendy-Figueroa-1024x682.jpeg\" alt=\"\" class=\"wp-image-565711\" srcset=\"https:\/\/diariodominicano.com\/wp-content\/uploads\/2024\/10\/Reconocimiento-Gerdau-METALDOM-Menioli-Alvarez-Angely-Aybar-Wendy-Figueroa-1024x682.jpeg 1024w, https:\/\/diariodominicano.com\/wp-content\/uploads\/2024\/10\/Reconocimiento-Gerdau-METALDOM-Menioli-Alvarez-Angely-Aybar-Wendy-Figueroa-300x200.jpeg 300w, https:\/\/diariodominicano.com\/wp-content\/uploads\/2024\/10\/Reconocimiento-Gerdau-METALDOM-Menioli-Alvarez-Angely-Aybar-Wendy-Figueroa-768x511.jpeg 768w, https:\/\/diariodominicano.com\/wp-content\/uploads\/2024\/10\/Reconocimiento-Gerdau-METALDOM-Menioli-Alvarez-Angely-Aybar-Wendy-Figueroa-816x543.jpeg 816w, https:\/\/diariodominicano.com\/wp-content\/uploads\/2024\/10\/Reconocimiento-Gerdau-METALDOM-Menioli-Alvarez-Angely-Aybar-Wendy-Figueroa.jpeg 1086w\" sizes=\"auto, (max-width: 1024px) 100vw, 1024px\" \/><figcaption class=\"wp-element-caption\">Reconocimiento Gerdau METALDOM Menioli \u00c1lvarez, Angely Aybar, Wendy Figueroa <\/figcaption><\/figure>\n<\/figure>\n\n\n\n<p>\u201cEn EQUIP, creemos que la seguridad y el bienestar son pilares fundamentales para el \u00e9xito organizacional. Celebrar 20 a\u00f1os es un testimonio de nuestro compromiso constante por innovar y elevar los est\u00e1ndares en la seguridad industrial\u201d, coment\u00f3 Meniol\u00ed \u00c1lvarez, gerente general de EQUIP. \u201cLa conferencia de Roberto Nowak nos brinda una perspectiva valiosa sobre c\u00f3mo el liderazgo efectivo puede transformar culturas laborales y estamos emocionados de aplicar estos conceptos en nuestro trabajo diario\u201d, enfatiz\u00f3 \u00c1lvarez.<\/p>\n\n\n\n<figure class=\"wp-block-gallery has-nested-images columns-default is-cropped wp-block-gallery-2 is-layout-flex wp-block-gallery-is-layout-flex\">\n<figure class=\"wp-block-image size-large\"><img loading=\"lazy\" decoding=\"async\" width=\"1024\" height=\"681\" data-id=\"565712\" src=\"https:\/\/diariodominicano.com\/wp-content\/uploads\/2024\/10\/Reconocimiento-CAEI-Menioli-Alvarez-Alejandro-Batista-Eliezer-Mandonado-Angely-Aybar-1024x681.jpeg\" alt=\"\" class=\"wp-image-565712\" srcset=\"https:\/\/diariodominicano.com\/wp-content\/uploads\/2024\/10\/Reconocimiento-CAEI-Menioli-Alvarez-Alejandro-Batista-Eliezer-Mandonado-Angely-Aybar-1024x681.jpeg 1024w, https:\/\/diariodominicano.com\/wp-content\/uploads\/2024\/10\/Reconocimiento-CAEI-Menioli-Alvarez-Alejandro-Batista-Eliezer-Mandonado-Angely-Aybar-300x200.jpeg 300w, https:\/\/diariodominicano.com\/wp-content\/uploads\/2024\/10\/Reconocimiento-CAEI-Menioli-Alvarez-Alejandro-Batista-Eliezer-Mandonado-Angely-Aybar-768x511.jpeg 768w, https:\/\/diariodominicano.com\/wp-content\/uploads\/2024\/10\/Reconocimiento-CAEI-Menioli-Alvarez-Alejandro-Batista-Eliezer-Mandonado-Angely-Aybar-816x543.jpeg 816w, https:\/\/diariodominicano.com\/wp-content\/uploads\/2024\/10\/Reconocimiento-CAEI-Menioli-Alvarez-Alejandro-Batista-Eliezer-Mandonado-Angely-Aybar.jpeg 1034w\" sizes=\"auto, (max-width: 1024px) 100vw, 1024px\" \/><figcaption class=\"wp-element-caption\">Reconocimiento CAEI Meniol\u00ed \u00c1lvarez, Alejandro Batista, Eliezer Mandonado, Angely Aybar <\/figcaption><\/figure>\n<\/figure>\n\n\n\n<p>Durante la conferencia, Nowak enfatiz\u00f3 la conexi\u00f3n entre el liderazgo consciente y la seguridad ocupacional, destacando c\u00f3mo un enfoque integral puede mejorar no solo la productividad, sino tambi\u00e9n la satisfacci\u00f3n y el compromiso de los colaboradores.<\/p>\n\n\n\n<figure class=\"wp-block-gallery has-nested-images columns-default is-cropped wp-block-gallery-3 is-layout-flex wp-block-gallery-is-layout-flex\">\n<figure class=\"wp-block-image size-large\"><img loading=\"lazy\" decoding=\"async\" width=\"1024\" height=\"681\" data-id=\"565715\" src=\"https:\/\/diariodominicano.com\/wp-content\/uploads\/2024\/10\/Reconocimiento-Nestle-Dom.-Menioli-Alvares-Angely-Aybar-Vidaly-Tejeda-1024x681.jpeg\" alt=\"\" class=\"wp-image-565715\" srcset=\"https:\/\/diariodominicano.com\/wp-content\/uploads\/2024\/10\/Reconocimiento-Nestle-Dom.-Menioli-Alvares-Angely-Aybar-Vidaly-Tejeda-1024x681.jpeg 1024w, https:\/\/diariodominicano.com\/wp-content\/uploads\/2024\/10\/Reconocimiento-Nestle-Dom.-Menioli-Alvares-Angely-Aybar-Vidaly-Tejeda-300x200.jpeg 300w, https:\/\/diariodominicano.com\/wp-content\/uploads\/2024\/10\/Reconocimiento-Nestle-Dom.-Menioli-Alvares-Angely-Aybar-Vidaly-Tejeda-768x511.jpeg 768w, https:\/\/diariodominicano.com\/wp-content\/uploads\/2024\/10\/Reconocimiento-Nestle-Dom.-Menioli-Alvares-Angely-Aybar-Vidaly-Tejeda-1536x1022.jpeg 1536w, https:\/\/diariodominicano.com\/wp-content\/uploads\/2024\/10\/Reconocimiento-Nestle-Dom.-Menioli-Alvares-Angely-Aybar-Vidaly-Tejeda-2048x1362.jpeg 2048w, https:\/\/diariodominicano.com\/wp-content\/uploads\/2024\/10\/Reconocimiento-Nestle-Dom.-Menioli-Alvares-Angely-Aybar-Vidaly-Tejeda-816x543.jpeg 816w\" sizes=\"auto, (max-width: 1024px) 100vw, 1024px\" \/><figcaption class=\"wp-element-caption\">Reconocimiento Nestle Dom. Menioli Alvares, Angely Aybar, Vidaly Tejeda <\/figcaption><\/figure>\n<\/figure>\n\n\n\n<p>EQUIP ha evolucionado con pasos firmes y constantes, hasta convertirse en la preferencia del mercado nacional en su segmento. Hoy poseen ya dos d\u00e9cadas con la representaci\u00f3n de m\u00e1s 55 marcas de reconocimiento internacional, almacenes con alta disponibilidad de productos, un centro de entrenamiento t\u00e9cnico en seguridad industrial \u00fanico en todo El Caribe y talleres de servicio y soporte t\u00e9cnico de \u00faltima generaci\u00f3n, certificados por las marcas de productos electr\u00f3nicos y mec\u00e1nicos. Adem\u00e1s, de una fuerza de ventas llena de pasi\u00f3n y un alto nivel t\u00e9cnico para servir a todos sus clientes.<\/p>\n\n\n\n<figure class=\"wp-block-gallery has-nested-images columns-default is-cropped wp-block-gallery-4 is-layout-flex wp-block-gallery-is-layout-flex\">\n<figure class=\"wp-block-image size-large\"><img loading=\"lazy\" decoding=\"async\" width=\"681\" height=\"1024\" data-id=\"565718\" src=\"https:\/\/diariodominicano.com\/wp-content\/uploads\/2024\/10\/Menioli-Alvarez-681x1024.jpeg\" alt=\"\" class=\"wp-image-565718\" srcset=\"https:\/\/diariodominicano.com\/wp-content\/uploads\/2024\/10\/Menioli-Alvarez-681x1024.jpeg 681w, https:\/\/diariodominicano.com\/wp-content\/uploads\/2024\/10\/Menioli-Alvarez-200x300.jpeg 200w, https:\/\/diariodominicano.com\/wp-content\/uploads\/2024\/10\/Menioli-Alvarez-768x1154.jpeg 768w, https:\/\/diariodominicano.com\/wp-content\/uploads\/2024\/10\/Menioli-Alvarez-1022x1536.jpeg 1022w, https:\/\/diariodominicano.com\/wp-content\/uploads\/2024\/10\/Menioli-Alvarez-1363x2048.jpeg 1363w, https:\/\/diariodominicano.com\/wp-content\/uploads\/2024\/10\/Menioli-Alvarez-816x1226.jpeg 816w, https:\/\/diariodominicano.com\/wp-content\/uploads\/2024\/10\/Menioli-Alvarez-scaled.jpeg 1703w\" sizes=\"auto, (max-width: 681px) 100vw, 681px\" \/><figcaption class=\"wp-element-caption\">Menioli Alvarez  <\/figcaption><\/figure>\n\n\n\n<figure class=\"wp-block-image size-large\"><img loading=\"lazy\" decoding=\"async\" width=\"681\" height=\"1024\" data-id=\"565716\" src=\"https:\/\/diariodominicano.com\/wp-content\/uploads\/2024\/10\/Roberto-Nowak-conferencista-internacional-681x1024.jpg\" alt=\"\" class=\"wp-image-565716\" srcset=\"https:\/\/diariodominicano.com\/wp-content\/uploads\/2024\/10\/Roberto-Nowak-conferencista-internacional-681x1024.jpg 681w, https:\/\/diariodominicano.com\/wp-content\/uploads\/2024\/10\/Roberto-Nowak-conferencista-internacional-200x300.jpg 200w, https:\/\/diariodominicano.com\/wp-content\/uploads\/2024\/10\/Roberto-Nowak-conferencista-internacional-768x1154.jpg 768w, https:\/\/diariodominicano.com\/wp-content\/uploads\/2024\/10\/Roberto-Nowak-conferencista-internacional-1022x1536.jpg 1022w, https:\/\/diariodominicano.com\/wp-content\/uploads\/2024\/10\/Roberto-Nowak-conferencista-internacional-1363x2048.jpg 1363w, https:\/\/diariodominicano.com\/wp-content\/uploads\/2024\/10\/Roberto-Nowak-conferencista-internacional-816x1226.jpg 816w, https:\/\/diariodominicano.com\/wp-content\/uploads\/2024\/10\/Roberto-Nowak-conferencista-internacional-scaled.jpg 1703w\" sizes=\"auto, (max-width: 681px) 100vw, 681px\" \/><figcaption class=\"wp-element-caption\">Roberto Nowak &#8211; conferencista internacional <\/figcaption><\/figure>\n<\/figure>\n\n\n\n<p>EQUIP aprovech\u00f3 la celebraci\u00f3n de estas dos d\u00e9cadas para reconocer a cuatro de sus clientes que han acompa\u00f1ado a la instituci\u00f3n desde sus inicios: Gerdau Metaldom, Nestl\u00e9 Dominicana, Consorcio CAEI y Cutler Hammer han confiado plenamente en las soluciones de seguridad industrial de la empresa. \u201cNosotros agradecemos a todos nuestros aliados y clientes que han depositado su confianza y sobre todo el cuidado de su seguridad en nosotros. Sin ellos, estoy seguro que jam\u00e1s hubi\u00e9semos podido ser referente en toda nuestra regi\u00f3n del Caribe\u201d, destac\u00f3 Meniol\u00ed \u00c1lvarez.<\/p>\n\n\n\n<figure class=\"wp-block-gallery has-nested-images columns-default is-cropped wp-block-gallery-5 is-layout-flex wp-block-gallery-is-layout-flex\">\n<figure class=\"wp-block-image size-large\"><img loading=\"lazy\" decoding=\"async\" width=\"1024\" height=\"682\" data-id=\"565713\" src=\"https:\/\/diariodominicano.com\/wp-content\/uploads\/2024\/10\/Hamlet-Rosario-I-Yu-Lin-Menioli-Alvarez-1024x682.jpeg\" alt=\"\" class=\"wp-image-565713\" srcset=\"https:\/\/diariodominicano.com\/wp-content\/uploads\/2024\/10\/Hamlet-Rosario-I-Yu-Lin-Menioli-Alvarez-1024x682.jpeg 1024w, https:\/\/diariodominicano.com\/wp-content\/uploads\/2024\/10\/Hamlet-Rosario-I-Yu-Lin-Menioli-Alvarez-300x200.jpeg 300w, https:\/\/diariodominicano.com\/wp-content\/uploads\/2024\/10\/Hamlet-Rosario-I-Yu-Lin-Menioli-Alvarez-768x511.jpeg 768w, https:\/\/diariodominicano.com\/wp-content\/uploads\/2024\/10\/Hamlet-Rosario-I-Yu-Lin-Menioli-Alvarez-1536x1022.jpeg 1536w, https:\/\/diariodominicano.com\/wp-content\/uploads\/2024\/10\/Hamlet-Rosario-I-Yu-Lin-Menioli-Alvarez-2048x1363.jpeg 2048w, https:\/\/diariodominicano.com\/wp-content\/uploads\/2024\/10\/Hamlet-Rosario-I-Yu-Lin-Menioli-Alvarez-816x543.jpeg 816w\" sizes=\"auto, (max-width: 1024px) 100vw, 1024px\" \/><figcaption class=\"wp-element-caption\">Hamlet Rosario, I Yu Lin, Menioli Alvarez <\/figcaption><\/figure>\n<\/figure>\n\n\n\n<p>La celebraci\u00f3n del 20 aniversario de EQUIP es un hito que refleja dos d\u00e9cadas de dedicaci\u00f3n y logros en la creaci\u00f3n de ambientes laborales seguros y saludables. La empresa continuar\u00e1 trabajando en la implementaci\u00f3n de soluciones innovadoras y en la formaci\u00f3n de l\u00edderes que promuevan una cultura de seguridad y bienestar.<\/p>\n\n\n\n<p>Prensa-MGPR prensa@mgpr.com.do <\/p>\n","protected":false},"excerpt":{"rendered":"<p>Santo Domingo, Rep\u00fablica Dominicana. &#8211;&nbsp; Durante un significativo encuentro EQUIP, empresa l\u00edder en seguridad industrial y ocupacional, celebr\u00f3 el vig\u00e9simo aniversario de fundaci\u00f3n con la magistral conferencia \u201cM\u00e1s all\u00e1 de la Seguridad: Liderazgo que Deja Huella\u201d, a cargo del coach cient\u00edfico internacional Roberto Nowak, especialista en liderazgo y bienestar organizacional. El evento, que reuni\u00f3 a [&hellip;]<\/p>\n","protected":false},"author":7,"featured_media":565717,"comment_status":"closed","ping_status":"closed","sticky":false,"template":"","format":"standard","meta":{"footnotes":""},"categories":[25],"tags":[410],"class_list":["post-565668","post","type-post","status-publish","format-standard","has-post-thumbnail","hentry","category-gente","tag-equip"],"_links":{"self":[{"href":"https:\/\/diariodominicano.com\/index.php?rest_route=\/wp\/v2\/posts\/565668","targetHints":{"allow":["GET"]}}],"collection":[{"href":"https:\/\/diariodominicano.com\/index.php?rest_route=\/wp\/v2\/posts"}],"about":[{"href":"https:\/\/diariodominicano.com\/index.php?rest_route=\/wp\/v2\/types\/post"}],"author":[{"embeddable":true,"href":"https:\/\/diariodominicano.com\/index.php?rest_route=\/wp\/v2\/users\/7"}],"replies":[{"embeddable":true,"href":"https:\/\/diariodominicano.com\/index.php?rest_route=%2Fwp%2Fv2%2Fcomments&post=565668"}],"version-history":[{"count":1,"href":"https:\/\/diariodominicano.com\/index.php?rest_route=\/wp\/v2\/posts\/565668\/revisions"}],"predecessor-version":[{"id":565724,"href":"https:\/\/diariodominicano.com\/index.php?rest_route=\/wp\/v2\/posts\/565668\/revisions\/565724"}],"wp:featuredmedia":[{"embeddable":true,"href":"https:\/\/diariodominicano.com\/index.php?rest_route=\/wp\/v2\/media\/565717"}],"wp:attachment":[{"href":"https:\/\/diariodominicano.com\/index.php?rest_route=%2Fwp%2Fv2%2Fmedia&parent=565668"}],"wp:term":[{"taxonomy":"category","embeddable":true,"href":"https:\/\/diariodominicano.com\/index.php?rest_route=%2Fwp%2Fv2%2Fcategories&post=565668"},{"taxonomy":"post_tag","embeddable":true,"href":"https:\/\/diariodominicano.com\/index.php?rest_route=%2Fwp%2Fv2%2Ftags&post=565668"}],"curies":[{"name":"wp","href":"https:\/\/api.w.org\/{rel}","templated":true}]}}