{"id":565667,"date":"2024-10-11T18:03:51","date_gmt":"2024-10-11T22:03:51","guid":{"rendered":"https:\/\/diariodominicano.com\/?p=565667"},"modified":"2024-10-11T23:23:56","modified_gmt":"2024-10-12T03:23:56","slug":"falta-de-mantenimiento-de-las-redes-electricas-generan-apagones","status":"publish","type":"post","link":"https:\/\/diariodominicano.com\/?p=565667","title":{"rendered":"Falta de mantenimiento de las redes el\u00e9ctricas generan apagones: Rub\u00e9n Bichara"},"content":{"rendered":"\n<p><em>\u00a0Para salir del problema el\u00e9ctrico se deben agilizar proyectos que se quedaron en carpeta, dijo \u00a0<strong>Rub\u00e9n Bichara<\/strong>, ex vicepresidente de la CDEEE.<\/em><\/p>\n\n\n\n<p>El pasado vicepresidente de la Corporaci\u00f3n Dominicana de Empresas El\u00e9ctricas Estatales (CDEEE),&nbsp;<strong>Rub\u00e9n Bichara<\/strong>, recomend\u00f3 agilizar los proyectos que se quedaron en carpeta para poder salir del problema que enfrenta hoy el sector el\u00e9ctrico.<\/p>\n\n\n\n<p>Bichara fue de los panelistas en el Foro Energ\u00e9tico 2024, organizado por la Asociaci\u00f3n Dominicana de la Industria El\u00e9ctrica (ADIE) y el Instituto Tecnol\u00f3gico de Santo Domingo (INTEC),<\/p>\n\n\n\n<p>Dijo que algunos de esos proyectos en carpeta tienen que ver con energ\u00eda renovable, transmisi\u00f3n y generaci\u00f3n<\/p>\n\n\n\n<figure class=\"wp-block-image\"><img decoding=\"async\" src=\"https:\/\/diariodominicano.com\/wp-content\/uploads\/2024\/10\/Ruben-Bichara-589x1024.jpeg\" alt=\"\"\/><\/figure>\n\n\n\n<p>&nbsp;&nbsp;\u201cSi nosotros queremos salir del problema que tenemos, tenemos que cooperar unos con otros. Entiendo que, en este momento, es necesario agilizar los proyectos que se dejaron en carpeta, el tema del Norte, los temas renovables, los temas de transmisi\u00f3n hay un plan dise\u00f1ado para avanzar con tramos de 5 a\u00f1os 2025, 2030 y 2035\u201d, expres\u00f3 en su ponencia<\/p>\n\n\n\n<p>Describi\u00f3 la situaci\u00f3n actual de la demanda de energ\u00eda, que pr\u00e1cticamente se ha duplicado: \u201cSe ha pasado de una demanda de 2000 megavatios a 3800 para un crecimiento \u201cpromedio de 8%\u201d seg\u00fan Bichara por lo que recomend\u00f3 hacer inversi\u00f3n en la distribuci\u00f3n electr\u00f3nica, en compra de transformadores\u201d, apunt\u00f3.<\/p>\n\n\n\n<p>Apunt\u00f3 que el tema de la demanda se resuelve solo con inversi\u00f3n y que el abaratamiento es fundamental para la salud de las distribuidoras.<\/p>\n\n\n\n<p>En respuesta a los periodistas que le abordaron al concluir el panel Bichara explic\u00f3 que los apagones que afectan actualmente el pa\u00eds, que han generado protestas y quejas ciudadanas, se debe a la falta de mantenimiento de la red el\u00e9ctrica.<\/p>\n\n\n\n<p><strong>SECRETAR\u00cdA DE COMUNICACIONES <\/strong><\/p>\n","protected":false},"excerpt":{"rendered":"<p>\u00a0Para salir del problema el\u00e9ctrico se deben agilizar proyectos que se quedaron en carpeta, dijo \u00a0Rub\u00e9n Bichara, ex vicepresidente de la CDEEE. El pasado vicepresidente de la Corporaci\u00f3n Dominicana de Empresas El\u00e9ctricas Estatales (CDEEE),&nbsp;Rub\u00e9n Bichara, recomend\u00f3 agilizar los proyectos que se quedaron en carpeta para poder salir del problema que enfrenta hoy el sector el\u00e9ctrico. [&hellip;]<\/p>\n","protected":false},"author":7,"featured_media":565690,"comment_status":"closed","ping_status":"closed","sticky":true,"template":"","format":"standard","meta":{"footnotes":""},"categories":[20,22],"tags":[409,175],"class_list":["post-565667","post","type-post","status-publish","format-standard","has-post-thumbnail","hentry","category-dominicana-hoy","category-politica","tag-cdeee","tag-pld"],"_links":{"self":[{"href":"https:\/\/diariodominicano.com\/index.php?rest_route=\/wp\/v2\/posts\/565667","targetHints":{"allow":["GET"]}}],"collection":[{"href":"https:\/\/diariodominicano.com\/index.php?rest_route=\/wp\/v2\/posts"}],"about":[{"href":"https:\/\/diariodominicano.com\/index.php?rest_route=\/wp\/v2\/types\/post"}],"author":[{"embeddable":true,"href":"https:\/\/diariodominicano.com\/index.php?rest_route=\/wp\/v2\/users\/7"}],"replies":[{"embeddable":true,"href":"https:\/\/diariodominicano.com\/index.php?rest_route=%2Fwp%2Fv2%2Fcomments&post=565667"}],"version-history":[{"count":3,"href":"https:\/\/diariodominicano.com\/index.php?rest_route=\/wp\/v2\/posts\/565667\/revisions"}],"predecessor-version":[{"id":565773,"href":"https:\/\/diariodominicano.com\/index.php?rest_route=\/wp\/v2\/posts\/565667\/revisions\/565773"}],"wp:featuredmedia":[{"embeddable":true,"href":"https:\/\/diariodominicano.com\/index.php?rest_route=\/wp\/v2\/media\/565690"}],"wp:attachment":[{"href":"https:\/\/diariodominicano.com\/index.php?rest_route=%2Fwp%2Fv2%2Fmedia&parent=565667"}],"wp:term":[{"taxonomy":"category","embeddable":true,"href":"https:\/\/diariodominicano.com\/index.php?rest_route=%2Fwp%2Fv2%2Fcategories&post=565667"},{"taxonomy":"post_tag","embeddable":true,"href":"https:\/\/diariodominicano.com\/index.php?rest_route=%2Fwp%2Fv2%2Ftags&post=565667"}],"curies":[{"name":"wp","href":"https:\/\/api.w.org\/{rel}","templated":true}]}}