{"id":565666,"date":"2024-10-11T18:00:38","date_gmt":"2024-10-11T22:00:38","guid":{"rendered":"https:\/\/diariodominicano.com\/?p=565666"},"modified":"2026-02-21T01:15:07","modified_gmt":"2026-02-21T05:15:07","slug":"edanco-2024-culmina-con-exitosa-presentacion-de-a-la-inversa","status":"publish","type":"post","link":"https:\/\/diariodominicano.com\/?p=565666","title":{"rendered":"EDANCO 2024 culmina con  presentaci\u00f3n de \u201cA la inversa\u201d"},"content":{"rendered":"\n<p><em>La funci\u00f3n que reuni\u00f3 pilares de la danza con la nueva generaci\u00f3n se llev\u00f3 a cabo en el Palacio de Bellas Artes. Edmundo Poy<\/em><em>&nbsp;adelant\u00f3 que, en 2025, EDANCO celebrar\u00e1 sus 20 a\u00f1os con muy buena danza.<\/em><\/p>\n\n\n\n<p><strong>Santo Domingo, octubre de 2024.<\/strong>&nbsp;Con gran \u00e9xito finaliz\u00f3 la edici\u00f3n XIX del Festival Internacional de Danza Contempor\u00e1nea (EDANCO 2024) con la doble funci\u00f3n de la \u00abA la inversa\u00bb, una obra cautivadora que enlaza su trama en un amistoso intercambio generacional de la danza dominicana.<\/p>\n\n\n\n<p>Con una sala M\u00e1ximo Avil\u00e9s Blonda del Palacio de Bellas Artes, a toda capacidad, en sus dos horarios, el p\u00fablico disfrut\u00f3 las piezas \u00abA solas contigo\u00bb, coreografiada por Karol Marenco e interpretada por Joel Genao y Friscarlin Constance. Tambi\u00e9n, se deleitaron con \u00abContrast\u00bb, de IC Company (Identidad Contempor\u00e1nea), actuada por Starling D\u00edaz con la coreograf\u00eda de Joel Genao.<\/p>\n\n\n\n<p>La pieza \u00abPa lo moreno\u00bb cont\u00f3 con la interpretaci\u00f3n de Manuela Feliz y Magic Mej\u00eda, y la coreograf\u00eda de Wileydy Contrera. \u00abC\u00f3mo me ves\u00bb fue protagonizada por Andreina Jim\u00e9nez, as\u00ed como las reconocidas core\u00f3grafas Patricia Ortega, Daym\u00e9 Del Toro y Maricarmen Rodr\u00edguez.<\/p>\n\n\n\n<p>\u00abA la inversa\u00bb tambi\u00e9n exterioriz\u00f3 \u00abEl reflejo de la soledad\u00bb, coreografiada por Cristian Hazin e interpretada por la creadora Doris Infante. La pieza de cierre fue \u00abDeja la sal para el final\u00bb, con coreograf\u00eda de Erick Roque y la interpretaci\u00f3n de su creador, Orestes Amador.<\/p>\n\n\n\n<p>Finalizada esta ovacionada presentaci\u00f3n, Edmundo Poy, director fundador de EDANCO, agradeci\u00f3 el apoyo recibido por el p\u00fablico que durante 15 d\u00edas asisti\u00f3 con entusiasmo a todas las propuestas de ese evento cultural.<\/p>\n\n\n\n<figure class=\"wp-block-gallery has-nested-images columns-default is-cropped wp-block-gallery-1 is-layout-flex wp-block-gallery-is-layout-flex\">\n<figure class=\"wp-block-image size-large\"><img loading=\"lazy\" decoding=\"async\" width=\"1024\" height=\"683\" data-id=\"565680\" src=\"https:\/\/diariodominicano.com\/wp-content\/uploads\/2024\/10\/A-solas-contigo-1024x683.jpg\" alt=\"\" class=\"wp-image-565680\" srcset=\"https:\/\/diariodominicano.com\/wp-content\/uploads\/2024\/10\/A-solas-contigo-1024x683.jpg 1024w, https:\/\/diariodominicano.com\/wp-content\/uploads\/2024\/10\/A-solas-contigo-300x200.jpg 300w, https:\/\/diariodominicano.com\/wp-content\/uploads\/2024\/10\/A-solas-contigo-768x512.jpg 768w, https:\/\/diariodominicano.com\/wp-content\/uploads\/2024\/10\/A-solas-contigo-1536x1024.jpg 1536w, https:\/\/diariodominicano.com\/wp-content\/uploads\/2024\/10\/A-solas-contigo-2048x1366.jpg 2048w, https:\/\/diariodominicano.com\/wp-content\/uploads\/2024\/10\/A-solas-contigo-816x544.jpg 816w\" sizes=\"auto, (max-width: 1024px) 100vw, 1024px\" \/><figcaption class=\"wp-element-caption\">EDANCO 2024 &#8211; A la Inversa, \u00abA solas contigo\u00bb (Palacio de Bellas Artes) 06\/10\/24 @mikpasco<\/figcaption><\/figure>\n<\/figure>\n\n\n\n<p>Record\u00f3 que en su edici\u00f3n XIX, este festival tuvo como invitadas de honor a las instituciones de danza que integran la Direcci\u00f3n General de Bellas, la Compa\u00f1\u00eda Nacional de Danza Contempor\u00e1nea, el Ballet Nacional Dominicano, el Ballet Folcl\u00f3rico Nacional y la Escuela Nacional de Danza.<\/p>\n\n\n\n<figure class=\"wp-block-gallery has-nested-images columns-default is-cropped wp-block-gallery-2 is-layout-flex wp-block-gallery-is-layout-flex\">\n<figure class=\"wp-block-image size-large\"><img loading=\"lazy\" decoding=\"async\" width=\"1024\" height=\"683\" data-id=\"565679\" src=\"https:\/\/diariodominicano.com\/wp-content\/uploads\/2024\/10\/Deja-la-sal-para-el-final-I-1024x683.jpg\" alt=\"\" class=\"wp-image-565679\" srcset=\"https:\/\/diariodominicano.com\/wp-content\/uploads\/2024\/10\/Deja-la-sal-para-el-final-I-1024x683.jpg 1024w, https:\/\/diariodominicano.com\/wp-content\/uploads\/2024\/10\/Deja-la-sal-para-el-final-I-300x200.jpg 300w, https:\/\/diariodominicano.com\/wp-content\/uploads\/2024\/10\/Deja-la-sal-para-el-final-I-768x512.jpg 768w, https:\/\/diariodominicano.com\/wp-content\/uploads\/2024\/10\/Deja-la-sal-para-el-final-I-1536x1024.jpg 1536w, https:\/\/diariodominicano.com\/wp-content\/uploads\/2024\/10\/Deja-la-sal-para-el-final-I-2048x1365.jpg 2048w, https:\/\/diariodominicano.com\/wp-content\/uploads\/2024\/10\/Deja-la-sal-para-el-final-I-816x544.jpg 816w\" sizes=\"auto, (max-width: 1024px) 100vw, 1024px\" \/><figcaption class=\"wp-element-caption\">Cr\u00e9dito. Mika Pasco<br>Escenas de las piezas que integraron esta edici\u00f3n de \u201cA la inversa\u201d <\/figcaption><\/figure>\n\n\n\n<figure class=\"wp-block-image size-large\"><img loading=\"lazy\" decoding=\"async\" width=\"1024\" height=\"683\" data-id=\"565678\" src=\"https:\/\/diariodominicano.com\/wp-content\/uploads\/2024\/10\/Deja-la-sal-para-el-final-1024x683.jpg\" alt=\"\" class=\"wp-image-565678\" srcset=\"https:\/\/diariodominicano.com\/wp-content\/uploads\/2024\/10\/Deja-la-sal-para-el-final-1024x683.jpg 1024w, https:\/\/diariodominicano.com\/wp-content\/uploads\/2024\/10\/Deja-la-sal-para-el-final-300x200.jpg 300w, https:\/\/diariodominicano.com\/wp-content\/uploads\/2024\/10\/Deja-la-sal-para-el-final-768x512.jpg 768w, https:\/\/diariodominicano.com\/wp-content\/uploads\/2024\/10\/Deja-la-sal-para-el-final-1536x1024.jpg 1536w, https:\/\/diariodominicano.com\/wp-content\/uploads\/2024\/10\/Deja-la-sal-para-el-final-2048x1366.jpg 2048w, https:\/\/diariodominicano.com\/wp-content\/uploads\/2024\/10\/Deja-la-sal-para-el-final-816x544.jpg 816w\" sizes=\"auto, (max-width: 1024px) 100vw, 1024px\" \/><figcaption class=\"wp-element-caption\">EDANCO 2024 &#8211; A la Inversa, \u00abDeja la sal para el final\u00bb (Palacio de Bellas Artes) 06\/10\/24 @mikpasco<\/figcaption><\/figure>\n<\/figure>\n\n\n\n<p>Tambi\u00e9n destac\u00f3 la participaci\u00f3n de Jean Appolon Expressions (JAE) de Hait\u00ed; la compa\u00f1\u00eda La Mangrove, Francia y Guadalupe; Stacy Pizarro de Costa Rica; Provisional Danza de Espa\u00f1a; los bailarines del proyecto internacional entre Francia, Martinica y Rep\u00fablica Dominicana; Koresh Dance Company de Estados Unidos; Mauro Ballet de Puerto Rico y BCD Dance Company de Colombia.<\/p>\n\n\n\n<figure class=\"wp-block-gallery has-nested-images columns-default is-cropped wp-block-gallery-3 is-layout-flex wp-block-gallery-is-layout-flex\">\n<figure class=\"wp-block-image size-large\"><img loading=\"lazy\" decoding=\"async\" width=\"1024\" height=\"682\" data-id=\"565677\" src=\"https:\/\/diariodominicano.com\/wp-content\/uploads\/2024\/10\/Elegia-danza-pequena-para-una-pena-grande-1-1024x682.jpg\" alt=\"\" class=\"wp-image-565677\" srcset=\"https:\/\/diariodominicano.com\/wp-content\/uploads\/2024\/10\/Elegia-danza-pequena-para-una-pena-grande-1-1024x682.jpg 1024w, https:\/\/diariodominicano.com\/wp-content\/uploads\/2024\/10\/Elegia-danza-pequena-para-una-pena-grande-1-300x200.jpg 300w, https:\/\/diariodominicano.com\/wp-content\/uploads\/2024\/10\/Elegia-danza-pequena-para-una-pena-grande-1-768x512.jpg 768w, https:\/\/diariodominicano.com\/wp-content\/uploads\/2024\/10\/Elegia-danza-pequena-para-una-pena-grande-1-1536x1024.jpg 1536w, https:\/\/diariodominicano.com\/wp-content\/uploads\/2024\/10\/Elegia-danza-pequena-para-una-pena-grande-1-2048x1365.jpg 2048w, https:\/\/diariodominicano.com\/wp-content\/uploads\/2024\/10\/Elegia-danza-pequena-para-una-pena-grande-1-816x544.jpg 816w\" sizes=\"auto, (max-width: 1024px) 100vw, 1024px\" \/><figcaption class=\"wp-element-caption\">EDANCO 2024 &#8211; A la Inversa, \u00abEleg\u00eda: Danza peque\u00f1a para una pena grande\u00bb (Palacio de Bellas Artes) 06\/10\/24 @mikpasco<\/figcaption><\/figure>\n\n\n\n<figure class=\"wp-block-image size-large\"><img loading=\"lazy\" decoding=\"async\" width=\"1024\" height=\"683\" data-id=\"565676\" src=\"https:\/\/diariodominicano.com\/wp-content\/uploads\/2024\/10\/El-reflejo-de-la-soledad-1024x683.jpg\" alt=\"\" class=\"wp-image-565676\" srcset=\"https:\/\/diariodominicano.com\/wp-content\/uploads\/2024\/10\/El-reflejo-de-la-soledad-1024x683.jpg 1024w, https:\/\/diariodominicano.com\/wp-content\/uploads\/2024\/10\/El-reflejo-de-la-soledad-300x200.jpg 300w, https:\/\/diariodominicano.com\/wp-content\/uploads\/2024\/10\/El-reflejo-de-la-soledad-768x512.jpg 768w, https:\/\/diariodominicano.com\/wp-content\/uploads\/2024\/10\/El-reflejo-de-la-soledad-1536x1024.jpg 1536w, https:\/\/diariodominicano.com\/wp-content\/uploads\/2024\/10\/El-reflejo-de-la-soledad-2048x1366.jpg 2048w, https:\/\/diariodominicano.com\/wp-content\/uploads\/2024\/10\/El-reflejo-de-la-soledad-816x544.jpg 816w\" sizes=\"auto, (max-width: 1024px) 100vw, 1024px\" \/><figcaption class=\"wp-element-caption\">EDANCO 2024 &#8211; A la Inversa, \u00abEl reflejo de la soledad\u00bb (Palacio de Bellas Artes) 06\/10\/24 @mikpasco<\/figcaption><\/figure>\n<\/figure>\n\n\n\n<p>Poy agradeci\u00f3 a Marianella Sallent, directora de Bellas Artes, por apoyar esta iniciativa;<strong>&nbsp;<\/strong>a Mika Pasco, autor de la exposici\u00f3n \u00abMemorias fotogr\u00e1ficas\u00bb, que se expuso en el Lobby de Bellas Artes; y a todo el equipo que detr\u00e1s de c\u00e1mara pone su arte y talento para que este proyecto sea una exitosa realidad.<\/p>\n\n\n\n<figure class=\"wp-block-gallery has-nested-images columns-default is-cropped wp-block-gallery-4 is-layout-flex wp-block-gallery-is-layout-flex\">\n<figure class=\"wp-block-image size-large\"><img loading=\"lazy\" decoding=\"async\" width=\"1024\" height=\"683\" data-id=\"565675\" src=\"https:\/\/diariodominicano.com\/wp-content\/uploads\/2024\/10\/Pa-lo-moreno-1024x683.jpg\" alt=\"\" class=\"wp-image-565675\" srcset=\"https:\/\/diariodominicano.com\/wp-content\/uploads\/2024\/10\/Pa-lo-moreno-1024x683.jpg 1024w, https:\/\/diariodominicano.com\/wp-content\/uploads\/2024\/10\/Pa-lo-moreno-300x200.jpg 300w, https:\/\/diariodominicano.com\/wp-content\/uploads\/2024\/10\/Pa-lo-moreno-768x512.jpg 768w, https:\/\/diariodominicano.com\/wp-content\/uploads\/2024\/10\/Pa-lo-moreno-1536x1024.jpg 1536w, https:\/\/diariodominicano.com\/wp-content\/uploads\/2024\/10\/Pa-lo-moreno-2048x1365.jpg 2048w, https:\/\/diariodominicano.com\/wp-content\/uploads\/2024\/10\/Pa-lo-moreno-816x544.jpg 816w\" sizes=\"auto, (max-width: 1024px) 100vw, 1024px\" \/><figcaption class=\"wp-element-caption\">EDANCO 2024 &#8211; A la Inversa, \u00abPa lo moreno\u00bb (Palacio de Bellas Artes) 06\/10\/24 @mikpasco<\/figcaption><\/figure>\n\n\n\n<figure class=\"wp-block-image size-large\"><img loading=\"lazy\" decoding=\"async\" width=\"1024\" height=\"682\" data-id=\"565674\" src=\"https:\/\/diariodominicano.com\/wp-content\/uploads\/2024\/10\/Elegia-danza-pequena-para-una-pena-grande-1024x682.jpg\" alt=\"\" class=\"wp-image-565674\" srcset=\"https:\/\/diariodominicano.com\/wp-content\/uploads\/2024\/10\/Elegia-danza-pequena-para-una-pena-grande-1024x682.jpg 1024w, https:\/\/diariodominicano.com\/wp-content\/uploads\/2024\/10\/Elegia-danza-pequena-para-una-pena-grande-300x200.jpg 300w, https:\/\/diariodominicano.com\/wp-content\/uploads\/2024\/10\/Elegia-danza-pequena-para-una-pena-grande-768x511.jpg 768w, https:\/\/diariodominicano.com\/wp-content\/uploads\/2024\/10\/Elegia-danza-pequena-para-una-pena-grande-1536x1023.jpg 1536w, https:\/\/diariodominicano.com\/wp-content\/uploads\/2024\/10\/Elegia-danza-pequena-para-una-pena-grande-816x543.jpg 816w, https:\/\/diariodominicano.com\/wp-content\/uploads\/2024\/10\/Elegia-danza-pequena-para-una-pena-grande.jpg 2030w\" sizes=\"auto, (max-width: 1024px) 100vw, 1024px\" \/><figcaption class=\"wp-element-caption\">EDANCO 2024 &#8211; A la Inversa, \u00abEleg\u00eda: Danza peque\u00f1a para una pena grande\u00bb (Palacio de Bellas Artes) 06\/10\/24 @mikpasco<\/figcaption><\/figure>\n<\/figure>\n\n\n\n<p>Asimismo, adelant\u00f3 que, en 2025, EDANCO celebrar\u00e1 sus 20 a\u00f1os, \u00abmotivo por el cual desde ya estamos trabajando para ofrecerles una versi\u00f3n tan o m\u00e1s exitosa que esta\u00bb.<\/p>\n\n\n\n<p><strong>Pie de fotos.<\/strong>&nbsp;Cr\u00e9dito. Mika Pasco<\/p>\n\n\n\n<p>Escenas de las piezas que integraron esta edici\u00f3n de \u201cA la inversa\u201d.<\/p>\n\n\n\n<p>&#8211; A solas contigo.<\/p>\n\n\n\n<p>&#8211; Deja la sal para el final.<\/p>\n\n\n\n<p>&#8211; El reflejo de la soledad.<\/p>\n\n\n\n<p>&#8211; Eleg\u00eda, danza peque\u00f1a para una pena grande.<\/p>\n\n\n\n<p>&#8211; Pa lo moreno.<\/p>\n\n\n\n<p>Edmundo Poy, director fundador de EDANCO.<\/p>\n\n\n\n<p>Mar\u00eda Mercedes sonrie210@yahoo.es <\/p>\n","protected":false},"excerpt":{"rendered":"<p>La funci\u00f3n que reuni\u00f3 pilares de la danza con la nueva generaci\u00f3n se llev\u00f3 a cabo en el Palacio de Bellas Artes. Edmundo Poy&nbsp;adelant\u00f3 que, en 2025, EDANCO celebrar\u00e1 sus 20 a\u00f1os con muy buena danza. Santo Domingo, octubre de 2024.&nbsp;Con gran \u00e9xito finaliz\u00f3 la edici\u00f3n XIX del Festival Internacional de Danza Contempor\u00e1nea (EDANCO 2024) [&hellip;]<\/p>\n","protected":false},"author":7,"featured_media":565681,"comment_status":"closed","ping_status":"closed","sticky":true,"template":"","format":"standard","meta":{"footnotes":""},"categories":[21,25],"tags":[2764],"class_list":["post-565666","post","type-post","status-publish","format-standard","has-post-thumbnail","hentry","category-cultura","category-gente","tag-edanco"],"_links":{"self":[{"href":"https:\/\/diariodominicano.com\/index.php?rest_route=\/wp\/v2\/posts\/565666","targetHints":{"allow":["GET"]}}],"collection":[{"href":"https:\/\/diariodominicano.com\/index.php?rest_route=\/wp\/v2\/posts"}],"about":[{"href":"https:\/\/diariodominicano.com\/index.php?rest_route=\/wp\/v2\/types\/post"}],"author":[{"embeddable":true,"href":"https:\/\/diariodominicano.com\/index.php?rest_route=\/wp\/v2\/users\/7"}],"replies":[{"embeddable":true,"href":"https:\/\/diariodominicano.com\/index.php?rest_route=%2Fwp%2Fv2%2Fcomments&post=565666"}],"version-history":[{"count":2,"href":"https:\/\/diariodominicano.com\/index.php?rest_route=\/wp\/v2\/posts\/565666\/revisions"}],"predecessor-version":[{"id":565774,"href":"https:\/\/diariodominicano.com\/index.php?rest_route=\/wp\/v2\/posts\/565666\/revisions\/565774"}],"wp:featuredmedia":[{"embeddable":true,"href":"https:\/\/diariodominicano.com\/index.php?rest_route=\/wp\/v2\/media\/565681"}],"wp:attachment":[{"href":"https:\/\/diariodominicano.com\/index.php?rest_route=%2Fwp%2Fv2%2Fmedia&parent=565666"}],"wp:term":[{"taxonomy":"category","embeddable":true,"href":"https:\/\/diariodominicano.com\/index.php?rest_route=%2Fwp%2Fv2%2Fcategories&post=565666"},{"taxonomy":"post_tag","embeddable":true,"href":"https:\/\/diariodominicano.com\/index.php?rest_route=%2Fwp%2Fv2%2Ftags&post=565666"}],"curies":[{"name":"wp","href":"https:\/\/api.w.org\/{rel}","templated":true}]}}