{"id":56563,"date":"2020-02-07T23:28:16","date_gmt":"2020-02-07T23:28:16","guid":{"rendered":"http:\/\/diariodominicano.ddns.net\/?p=56563"},"modified":"2020-02-07T23:28:16","modified_gmt":"2020-02-07T23:28:16","slug":"espana-reconoce-a-la-republica-dominicana-2","status":"publish","type":"post","link":"https:\/\/diariodominicano.com\/?p=56563","title":{"rendered":"Espa\u00f1a reconoce a la Rep\u00fablica Dominicana"},"content":{"rendered":"<p><body><\/p>\n<p><img decoding=\"async\" src=\"img3\/mella0040.jpg\" \/>  <\/p>\n<p><strong>Diariodominicano.com<\/strong><\/p>\n<p><strong>Espa\u00f1a reconoce a la Rep\u00fablica Dominicana<\/strong><\/p>\n<p><strong>Asimismo, renunci\u00f3 a todos sus derechos en su antigua colonia de Santo Domingo.<\/strong><\/p>\n<p><strong>Por HTN<\/strong><\/p>\n<p><strong>Diariodominicano.com<\/strong><\/p>\n<\/p>\n<p>    \tSANTO DOMINGO, el  8 de febrero de 1855, el Gobierno de Espa\u00f1a reconoci\u00f3 a la Rep\u00fablica Dominicana como una Naci\u00f3n libre y soberana.<\/p>\n<\/p>\n<p>   \tAsimismo, renunci\u00f3 a todos sus derechos en su antigua colonia de Santo Domingo.<\/p>\n<\/p>\n<p>    \tLa Rep\u00fablica Dominicana   hab\u00eda sido proclamada, con el trabucazo del pr\u00f3cer Mat\u00edas Ram\u00f3n Mella, el 27 de febrero de 1844, pero Espa\u00f1a manten\u00eda  una posici\u00f3n contraria a reconocer el Estado Dominicano.<\/p>\n<h6> 2020-02-07 23:28:16 <\/h6>\n<p><!--\n<link rel=\"stylesheet\" href=\"css\/bootstrap.min.css\">\n\n\n<ul class=\"pagination\">\n\t    \n\t\n\n<li >\n\t<a href='?page_no=847'>Previous<\/a>\n\t<\/li>\n\n\n       \n    \n\n<li><a href='?page_no=1'>1<\/a><\/li>\n\n\n\n<li><a href='?page_no=2'>2<\/a><\/li>\n\n\n\n<li><a>...<\/a><\/li>\n\n\n\n<li><a href='?page_no=846'>846<\/a><\/li>\n\n\n\n<li><a href='?page_no=847'>847<\/a><\/li>\n\n\n\n<li class='active'><a>848<\/a><\/li>\n\n\n\n<li><a href='?page_no=849'>849<\/a><\/li>\n\n\n\n<li><a href='?page_no=850'>850<\/a><\/li>\n\n\n\n<li><a>...<\/a><\/li>\n\n\n\n<li><a href='?page_no=22911'>22911<\/a><\/li>\n\n\n\n<li><a href='?page_no=22912'>22912<\/a><\/li>\n\n    \n\t\n\n<li >\n\t<a href='?page_no=849'>Next<\/a>\n\t<\/li>\n\n\n    \n\n<li><a href='?page_no=22912'>Last &rsaquo;&rsaquo;<\/a><\/li>\n\n<\/ul>\n\n\n--><br \/>\n<\/body><\/p>\n","protected":false},"excerpt":{"rendered":"<p>Diariodominicano.com Espa\u00f1a reconoce a la Rep\u00fablica Dominicana Asimismo, renunci\u00f3 a todos sus derechos en su antigua colonia de Santo Domingo. Por HTN Diariodominicano.com SANTO DOMINGO, el 8 de febrero de 1855, el Gobierno de Espa\u00f1a reconoci\u00f3 a la Rep\u00fablica Dominicana como una Naci\u00f3n libre y soberana. Asimismo, renunci\u00f3 a todos sus derechos en su antigua [&hellip;]<\/p>\n","protected":false},"author":3,"featured_media":0,"comment_status":"open","ping_status":"open","sticky":false,"template":"","format":"standard","meta":{"footnotes":""},"categories":[21],"tags":[],"class_list":["post-56563","post","type-post","status-publish","format-standard","hentry","category-cultura"],"_links":{"self":[{"href":"https:\/\/diariodominicano.com\/index.php?rest_route=\/wp\/v2\/posts\/56563","targetHints":{"allow":["GET"]}}],"collection":[{"href":"https:\/\/diariodominicano.com\/index.php?rest_route=\/wp\/v2\/posts"}],"about":[{"href":"https:\/\/diariodominicano.com\/index.php?rest_route=\/wp\/v2\/types\/post"}],"author":[{"embeddable":true,"href":"https:\/\/diariodominicano.com\/index.php?rest_route=\/wp\/v2\/users\/3"}],"replies":[{"embeddable":true,"href":"https:\/\/diariodominicano.com\/index.php?rest_route=%2Fwp%2Fv2%2Fcomments&post=56563"}],"version-history":[{"count":0,"href":"https:\/\/diariodominicano.com\/index.php?rest_route=\/wp\/v2\/posts\/56563\/revisions"}],"wp:attachment":[{"href":"https:\/\/diariodominicano.com\/index.php?rest_route=%2Fwp%2Fv2%2Fmedia&parent=56563"}],"wp:term":[{"taxonomy":"category","embeddable":true,"href":"https:\/\/diariodominicano.com\/index.php?rest_route=%2Fwp%2Fv2%2Fcategories&post=56563"},{"taxonomy":"post_tag","embeddable":true,"href":"https:\/\/diariodominicano.com\/index.php?rest_route=%2Fwp%2Fv2%2Ftags&post=56563"}],"curies":[{"name":"wp","href":"https:\/\/api.w.org\/{rel}","templated":true}]}}