{"id":565589,"date":"2024-10-11T17:32:13","date_gmt":"2024-10-11T21:32:13","guid":{"rendered":"https:\/\/diariodominicano.com\/?p=565589"},"modified":"2024-10-11T17:32:17","modified_gmt":"2024-10-11T21:32:17","slug":"la-mayoria-de-los-casos-de-violencia-sexual-en-la-infancia-se-producen-durante-la-adolescencia-con-un-repunte-significativo-entre-los-14-y-los-17-anos","status":"publish","type":"post","link":"https:\/\/diariodominicano.com\/?p=565589","title":{"rendered":"La mayor\u00eda de los casos de violencia sexual en la infancia se producen durante la adolescencia, con un repunte significativo entre los 14 y los 17 a\u00f1os"},"content":{"rendered":"\n<p><em>C<\/em><em>ontextualizan estos datos en el marco de la mencionada conmemoraci\u00f3n, subrayando la necesidad de acci\u00f3n inmediata para abordar estos desaf\u00edos<\/em><\/p>\n\n\n\n<p><strong>SANTO DOMINGO, REP\u00daBLICA&nbsp;<\/strong><strong>DOMINICANA, viernes 11 de octubre de 2024.&nbsp;<\/strong>\u2013 Por el D\u00eda Internacional de la Ni\u00f1a, que se conmemora cada a\u00f1o en fecha 11 de octubre; para crear conciencia sobre la situaci\u00f3n de las ni\u00f1as en todo el mundo, el Fondo de las Naciones Unidas para la Infancia (UNICEF) destaca que Rep\u00fablica Dominicana enfrenta desaf\u00edos significativos en cuanto a la maternidad temprana y la alta tasa de natalidad en adolescentes. Seg\u00fan el reciente informe de la Encuesta Nacional de Hogares de Prop\u00f3sitos M\u00faltiples (ENHOGAR-MICS 2019), el 20% de las mujeres de 15 a 19 a\u00f1os ya han tenido un hijo nacido vivo o est\u00e1n embarazadas de su primer hijo, una cifra alarmante que refleja la necesidad de fortalecer las pol\u00edticas de educaci\u00f3n y salud sexual y reproductiva en el pa\u00eds.<\/p>\n\n\n\n<figure class=\"wp-block-image\"><img decoding=\"async\" src=\"https:\/\/diariodominicano.com\/wp-content\/uploads\/2024\/10\/Celebrando-la-fuerza-y-el-potencial-de-cada-nina-en-el-Dia-Internacional-de-la-Nina-1024x667.jpg\" alt=\"\"\/><\/figure>\n\n\n\n<p>La tasa de fecundidad en adolescentes en el pa\u00eds es de 77 nacimientos por cada 1,000 mujeres de entre 15 y 19 a\u00f1os, coloc\u00e1ndola entre las m\u00e1s altas de Am\u00e9rica Latina. Adem\u00e1s, la ENHOGAR-MICS 2019 presenta que el 15% de las mujeres dominicanas comenz\u00f3 su vida sexual antes de los 15 a\u00f1os, lo que subraya la urgencia de implementar programas efectivos de prevenci\u00f3n y de apoyo para estas j\u00f3venes.<\/p>\n\n\n\n<p>\u201cEn el contexto de la conmemoraci\u00f3n del D\u00eda de la Ni\u00f1a es imperativo destacar los desaf\u00edos \u00fanicos que enfrentan, especialmente en los pa\u00edses de renta media-alta como Rep\u00fablica Dominicana. En el mundo, hay m\u00e1s de 600 millones de ni\u00f1as adolescentes de 10 a 19 a\u00f1os, el mayor n\u00famero de la historia. Si estas ni\u00f1as cuentan con los recursos adecuados, oportunidades y un entorno propicio, pueden convertirse en la mayor generaci\u00f3n de mujeres l\u00edderes, emprendedoras y creadoras de cambio que el mundo haya visto jam\u00e1s\u201d, agreg\u00f3 el representante de UNICEF, Carlos Carrera.<\/p>\n\n\n\n<p>Sin embargo, la realidad es que mujeres y ni\u00f1as en todo el \u00e1mbito mundial siguen enfrentando desventajas significativas en diversas esferas como la salud, la educaci\u00f3n, la participaci\u00f3n pol\u00edtica y las oportunidades econ\u00f3micas. Una de cada cuatro chicas de entre 15 y 19 a\u00f1os ha sufrido violencia f\u00edsica o sexual por parte de su pareja al menos una vez en su vida. El embarazo adolescente es una de las principales causas de mortalidad entre las adolescentes, y cuatro de cada diez adolescentes de 15 a 19 a\u00f1os que desean evitar el embarazo no tienen acceso a m\u00e9todos anticonceptivos.<\/p>\n\n\n\n<p>En todo el mundo, las ni\u00f1as de 5 a 14 a\u00f1os dedican 160 millones de horas diarias m\u00e1s al trabajo dom\u00e9stico y de cuidados no remunerado que los ni\u00f1os de la misma edad, una carga que se intensifica en la adolescencia. Adem\u00e1s, casi una de cada cinco ni\u00f1as no termina el primer ciclo de secundaria y casi cuatro de cada diez no completan el segundo ciclo. Alrededor del 90% de las adolescentes y mujeres j\u00f3venes en pa\u00edses de renta baja no utilizan Internet, mientras que sus compa\u00f1eros varones tienen el doble de probabilidades de acceder a la red.<\/p>\n\n\n\n<p><strong><em>El D\u00eda Internacional de la Ni\u00f1a, una oportunidad para el cambio: #Ni\u00f1asConMetas<\/em><\/strong><\/p>\n\n\n\n<p>\u201cEsta efem\u00e9ride representa un momento clave para destacar los desaf\u00edos \u00fanicos que enfrentan las ni\u00f1as, especialmente en los pa\u00edses en desarrollo, y para promover su empoderamiento y el cumplimiento de sus derechos. Es esencial proporcionarles los recursos adecuados, las oportunidades y un entorno seguro para que se conviertan en las futuras l\u00edderes, emprendedoras y agentes de cambio que el mundo necesita\u201d, dijo Carrera.<\/p>\n\n\n\n<p>La generaci\u00f3n actual de ni\u00f1as enfrenta retos apremiantes, como la crisis clim\u00e1tica, conflictos y pobreza, as\u00ed como retrocesos en derechos humanos e igualdad de g\u00e9nero. A pesar de esto, m\u00e1s del 80% de las adolescentes en el \u00e1mbito global mantienen la esperanza en un futuro mejor.<\/p>\n\n\n\n<p>La campa\u00f1a concebida por UNICEF por esta fecha se ha denominado&nbsp;<strong><em>#Ni\u00f1asConMetas o #GirlGoals,&nbsp;<\/em><\/strong>y la misma tiene algunos puntos como enfoques principales:<\/p>\n\n\n\n<p><em>Financiaci\u00f3n:<\/em>&nbsp;Existe una significativa falta de financiaci\u00f3n para iniciativas que promuevan los derechos y el bienestar de las ni\u00f1as. Aumentar las inversiones en salud, educaci\u00f3n y empoderamiento econ\u00f3mico es esencial para avanzar en los Objetivos de Desarrollo Sostenible (ODS).<\/p>\n\n\n\n<p><em>Pol\u00edticas centradas en las ni\u00f1as:<\/em>&nbsp;Las pol\u00edticas y programas deben dise\u00f1arse a partir de las necesidades de las propias ni\u00f1as, escuchando su voz y abordando barreras como la violencia de g\u00e9nero y la discriminaci\u00f3n en educaci\u00f3n.<\/p>\n\n\n\n<p><em>Salud y nutrici\u00f3n:<\/em>&nbsp;La mortalidad materna y el VIH son graves problemas para las adolescentes. Solo el 15% tiene acceso a la vacuna contra el VPH. Es necesario aumentar el acceso a servicios de salud y nutrici\u00f3n.<\/p>\n\n\n\n<p><em>Violencia:<\/em>&nbsp;La violencia afecta a una de cada cuatro adolescentes. Es urgente prevenir la violencia de g\u00e9nero y responder adecuadamente a las supervivientes, considerando los altos costos econ\u00f3micos que conlleva.<\/p>\n\n\n\n<p><em>Educaci\u00f3n:<\/em>&nbsp;Las adolescentes abandonan la escuela secundaria a altas tasas. Las inversiones en educaci\u00f3n de calidad benefician a las ni\u00f1as y a la sociedad en general, aumentando sus oportunidades econ\u00f3micas.<\/p>\n\n\n\n<p><em>Oportunidades laborales<\/em>: Las adolescentes enfrentan mayores barreras para acceder a educaci\u00f3n y empleo en comparaci\u00f3n con los varones. Se requiere inversi\u00f3n en educaci\u00f3n y en eliminar brechas salariales de g\u00e9nero.<\/p>\n\n\n\n<p><strong><em>Repercusiones y llamado a la acci\u00f3n<\/em><\/strong><\/p>\n\n\n\n<p>UNICEF enfatiza en que el impacto de los embarazos adolescentes y las uniones tempranas no s\u00f3lo afectan la vida de estas j\u00f3venes, sino tambi\u00e9n el desarrollo socioecon\u00f3mico del pa\u00eds. Es fundamental intensificar los esfuerzos para proporcionar educaci\u00f3n sexual integral, mejorar el acceso a m\u00e9todos anticonceptivos y ofrecer servicios de salud adecuados y confidenciales.<\/p>\n\n\n\n<p>\u201cEn el marco del D\u00eda Internacional de la Ni\u00f1a, desde el Fondo de las Naciones Unidas para la Infancia hacemos un llamado a las autoridades, organizaciones y la sociedad en general a redoblar los esfuerzos para alcanzar la igualdad de g\u00e9nero, que es no s\u00f3lo un derecho humano, sino una condici\u00f3n indispensable para un desarrollo sostenible\u201d, puntualiz\u00f3 el vocero del organismo internacional.<\/p>\n\n\n\n<p>La m\u00e1xima autoridad de UNICEF en el pa\u00eds extern\u00f3: \u201cSe necesitan medidas urgentes para impulsar el progreso con y para las ni\u00f1as. Invertir activamente en el futuro de las ni\u00f1as es invertir en nuestro propio futuro. Juntos podemos construir un presente y un futuro en el que se protejan los derechos de todas las ni\u00f1as. Porque cuando las ni\u00f1as logren sus objetivos, todos nos acercaremos m\u00e1s al logro de nuestros Objetivos Globales\u201d.<\/p>\n\n\n\n<p><strong><em>Otras pinceladas a cifras del \u00e1mbito mundial<\/em><\/strong><\/p>\n\n\n\n<ul class=\"wp-block-list\">\n<li>Hoy en d\u00eda, una de cada cinco mujeres j\u00f3venes de entre 20 y 24 a\u00f1os se cas\u00f3 siendo ni\u00f1a.<\/li>\n\n\n\n<li>Una de cada ocho ni\u00f1as y mujeres han sufrido violaciones o abusos sexuales antes de los 18 a\u00f1os, seg\u00fan nuevas estimaciones de UNICEF publicadas hoy.<\/li>\n\n\n\n<li>Seg\u00fan los datos, la mayor\u00eda de los casos de violencia sexual en la infancia se producen durante la adolescencia, con un repunte significativo entre los 14 y los 17 a\u00f1os. Los estudios muestran adem\u00e1s que los ni\u00f1os y ni\u00f1as que sufren violencia sexual son m\u00e1s proclives a padecer abusos repetidos. En este sentido, la implementaci\u00f3n de intervenciones espec\u00edficas durante la adolescencia es crucial para romper este c\u00edrculo y mitigar las consecuencias a largo plazo de esos traumas.<\/li>\n\n\n\n<li>En todo el mundo, el 75% de las nuevas infecciones por VIH entre adolescentes ocurren en ni\u00f1as.<\/li>\n\n\n\n<li>Casi el doble del n\u00famero de chicas adolescentes (una de cada cuatro) que de chicos no reciben ning\u00fan tipo de educaci\u00f3n, empleo o formaci\u00f3n.<\/li>\n<\/ul>\n\n\n\n<p> Arlene Reyes arlene.reyes@gmail.com<\/p>\n","protected":false},"excerpt":{"rendered":"<p>Contextualizan estos datos en el marco de la mencionada conmemoraci\u00f3n, subrayando la necesidad de acci\u00f3n inmediata para abordar estos desaf\u00edos SANTO DOMINGO, REP\u00daBLICA&nbsp;DOMINICANA, viernes 11 de octubre de 2024.&nbsp;\u2013 Por el D\u00eda Internacional de la Ni\u00f1a, que se conmemora cada a\u00f1o en fecha 11 de octubre; para crear conciencia sobre la situaci\u00f3n de las ni\u00f1as [&hellip;]<\/p>\n","protected":false},"author":7,"featured_media":565527,"comment_status":"closed","ping_status":"closed","sticky":false,"template":"","format":"standard","meta":{"footnotes":""},"categories":[36],"tags":[406,407],"class_list":["post-565589","post","type-post","status-publish","format-standard","has-post-thumbnail","hentry","category-hombresmujeresycosas","tag-fondo-de-las-naciones-unidas-para-la-infancia","tag-unicef"],"_links":{"self":[{"href":"https:\/\/diariodominicano.com\/index.php?rest_route=\/wp\/v2\/posts\/565589","targetHints":{"allow":["GET"]}}],"collection":[{"href":"https:\/\/diariodominicano.com\/index.php?rest_route=\/wp\/v2\/posts"}],"about":[{"href":"https:\/\/diariodominicano.com\/index.php?rest_route=\/wp\/v2\/types\/post"}],"author":[{"embeddable":true,"href":"https:\/\/diariodominicano.com\/index.php?rest_route=\/wp\/v2\/users\/7"}],"replies":[{"embeddable":true,"href":"https:\/\/diariodominicano.com\/index.php?rest_route=%2Fwp%2Fv2%2Fcomments&post=565589"}],"version-history":[{"count":1,"href":"https:\/\/diariodominicano.com\/index.php?rest_route=\/wp\/v2\/posts\/565589\/revisions"}],"predecessor-version":[{"id":565656,"href":"https:\/\/diariodominicano.com\/index.php?rest_route=\/wp\/v2\/posts\/565589\/revisions\/565656"}],"wp:featuredmedia":[{"embeddable":true,"href":"https:\/\/diariodominicano.com\/index.php?rest_route=\/wp\/v2\/media\/565527"}],"wp:attachment":[{"href":"https:\/\/diariodominicano.com\/index.php?rest_route=%2Fwp%2Fv2%2Fmedia&parent=565589"}],"wp:term":[{"taxonomy":"category","embeddable":true,"href":"https:\/\/diariodominicano.com\/index.php?rest_route=%2Fwp%2Fv2%2Fcategories&post=565589"},{"taxonomy":"post_tag","embeddable":true,"href":"https:\/\/diariodominicano.com\/index.php?rest_route=%2Fwp%2Fv2%2Ftags&post=565589"}],"curies":[{"name":"wp","href":"https:\/\/api.w.org\/{rel}","templated":true}]}}