{"id":565586,"date":"2024-10-11T12:03:29","date_gmt":"2024-10-11T16:03:29","guid":{"rendered":"https:\/\/diariodominicano.com\/?p=565586"},"modified":"2026-01-02T18:27:35","modified_gmt":"2026-01-02T22:27:35","slug":"4ta-edicion-de-fiarte-2024-se-inaugura-con-exito-en-bluemall-punta-cana","status":"publish","type":"post","link":"https:\/\/diariodominicano.com\/?p=565586","title":{"rendered":"4ta. Edici\u00f3n de FIARTE 2024 se inaugura con \u00e9xito en BlueMall Punta Cana"},"content":{"rendered":"\n<p>Desde el&nbsp;mi\u00e9rcoles 9 de octubre de 2024, el arte y la cultura se dieron cita en el atrio central de BlueMall Punta Cana con la inauguraci\u00f3n de la 4ta. edici\u00f3n de la Feria Internacional de Arte (FIARTE). Este evento reuni\u00f3 a destacados artistas nacionales e internacionales consolid\u00e1ndose como una plataforma para promover el arte contempor\u00e1neo y el turismo cultural en la Rep\u00fablica Dominicana.<\/p>\n\n\n\n<p>El acto inaugural fue moderado por la historiadora del arte Lilian Carrasco, quien destac\u00f3 la importancia de este evento en la consolidaci\u00f3n de la Rep\u00fablica Dominicana como un referente de arte y cultura en el Caribe. Se enfatiz\u00f3 en la visi\u00f3n del Dr. Francisco Nader para impulsar las artes visuales, en especial el arte escult\u00f3rico, con m\u00e1s de 20 obras tridimensionales de artistas nacionales e internacionales.<\/p>\n\n\n\n<figure class=\"wp-block-image size-large\"><img loading=\"lazy\" decoding=\"async\" width=\"1024\" height=\"682\" src=\"https:\/\/diariodominicano.com\/wp-content\/uploads\/2024\/10\/De-izquierda-Venus-Diaz-Jochy-Rodriguez-Marielle-DeLuna-Elsa-Nunez-Angurria-1024x682.jpeg\" alt=\"\" class=\"wp-image-565601\" srcset=\"https:\/\/diariodominicano.com\/wp-content\/uploads\/2024\/10\/De-izquierda-Venus-Diaz-Jochy-Rodriguez-Marielle-DeLuna-Elsa-Nunez-Angurria-1024x682.jpeg 1024w, https:\/\/diariodominicano.com\/wp-content\/uploads\/2024\/10\/De-izquierda-Venus-Diaz-Jochy-Rodriguez-Marielle-DeLuna-Elsa-Nunez-Angurria-300x200.jpeg 300w, https:\/\/diariodominicano.com\/wp-content\/uploads\/2024\/10\/De-izquierda-Venus-Diaz-Jochy-Rodriguez-Marielle-DeLuna-Elsa-Nunez-Angurria-768x512.jpeg 768w, https:\/\/diariodominicano.com\/wp-content\/uploads\/2024\/10\/De-izquierda-Venus-Diaz-Jochy-Rodriguez-Marielle-DeLuna-Elsa-Nunez-Angurria-816x544.jpeg 816w, https:\/\/diariodominicano.com\/wp-content\/uploads\/2024\/10\/De-izquierda-Venus-Diaz-Jochy-Rodriguez-Marielle-DeLuna-Elsa-Nunez-Angurria.jpeg 1280w\" sizes=\"auto, (max-width: 1024px) 100vw, 1024px\" \/><figcaption class=\"wp-element-caption\">De izquierda Venus D\u00edaz, Jochy Rodr\u00edguez, Marielle De Luna, Elsa N\u00fa\u00f1ez Angurria <\/figcaption><\/figure>\n\n\n\n<p>Colombia, como pa\u00eds invitado de honor, ha tenido una representaci\u00f3n especial en el evento. Entre los artistas invitados especiales destacan Elsa N\u00fa\u00f1ez y Virgilio M\u00e9ndez que son tema central de esta edici\u00f3n.<\/p>\n\n\n\n<p>En la inauguraci\u00f3n se rindi\u00f3 homenaje a los destacados creadores presentes, entre ellos: Andr\u00e9s Paredes, Camilo Pinto, Carlos Berm\u00fadez, Juan Carlos Vargas, Daniel Fierro, Magno, David Silva, Enrique Ortega, Fernando Londo\u00f1o, Franklin Ramos, Humberto Salazar, Iv\u00e1n Heredia, Jaime Abril, Jairo Lozano, Juan Carlos Amaya, Juan Carlos Valencia, Juan Foronda, Juan Vasco, Luis Luna, Racine Bruguez, Javier Gonz\u00e1lez, Klandestino, Angurria RD, Benjam\u00edn de Le\u00f3n, Clara Ortiz, Elvin Tolentino, Franklin Rodr\u00edguez, Joel Javier Villalona, Juan And\u00fajar, Marielle Deluna, \u00d3scar Camino Mendoza, Luis Sifuentes, Edison Ram\u00edrez, Gustavo Zorzano y Glassiel Medina. Las obras de cada uno de estos creadores se encuentran distribuidas en los diversos m\u00f3dulos de exhibici\u00f3n, reflejan una diversidad de estilos y t\u00e9cnicas que enriquecen el panorama del arte visual contempor\u00e1neo.<\/p>\n\n\n\n<p>Elsa N\u00fa\u00f1ez, en representaci\u00f3n de los artistas participantes, expres\u00f3 unas emotivas palabras en las que destac\u00f3 la importancia de FIARTE como un espacio de convergencia art\u00edstica. \u00abEste evento ofrece visibilidad a los creadores y fomenta el di\u00e1logo cultural entre naciones\u00bb, afirm\u00f3 N\u00fa\u00f1ez, quien adem\u00e1s agradeci\u00f3 a los organizadores por su impecable labor en la promoci\u00f3n de las artes visuales y abog\u00f3 por un mayor apoyo desde el Estado para este tipo de eventos.<\/p>\n\n\n\n<p>La actividad concluy\u00f3 con una presentaci\u00f3n art\u00edstica a cargo de Joe Mella, seguido de un brindis de cortes\u00eda donde los asistentes pudieron visitar los m\u00f3dulos de exhibici\u00f3n.<\/p>\n\n\n\n<p>Agradecimientos especiales fueron dirigidos a los patrocinadores oficiales, KahKow y BlueMall Punta Cana, as\u00ed como a la Fundaci\u00f3n Don Roberto y Do\u00f1a Yvonne Nader, por su constante apoyo al desarrollo del arte y la cultura en el pa\u00eds. Tambi\u00e9n se reconoci\u00f3 el trabajo del equipo de producci\u00f3n liderado por Francisco Nader, junto a Camilo Paredes, Ruth Brindis, Oscar Camino Mendoza, Abil Peralta Ag\u00fcero, Lilian Carrasco y Jazer C\u00e1rdenas. Se destac\u00f3 la presencia de los artistas invitados Enriquillo Amiama, Ed V\u00e1squez, Oscar Abreu e Ivelisse de Le\u00f3n.<\/p>\n\n\n\n<p>FIARTE 2024 estar\u00e1 abierta al p\u00fablico hasta el domingo 13 de octubre, invitando a los amantes del arte y el turismo cultural a explorar una gran variedad de obras en el coraz\u00f3n de Punta Cana de 1:00 a 8:00 p. m. <\/p>\n","protected":false},"excerpt":{"rendered":"<p>Desde el&nbsp;mi\u00e9rcoles 9 de octubre de 2024, el arte y la cultura se dieron cita en el atrio central de BlueMall Punta Cana con la inauguraci\u00f3n de la 4ta. edici\u00f3n de la Feria Internacional de Arte (FIARTE). Este evento reuni\u00f3 a destacados artistas nacionales e internacionales consolid\u00e1ndose como una plataforma para promover el arte contempor\u00e1neo [&hellip;]<\/p>\n","protected":false},"author":7,"featured_media":565592,"comment_status":"closed","ping_status":"closed","sticky":false,"template":"","format":"standard","meta":{"footnotes":""},"categories":[21],"tags":[403,404,436],"class_list":["post-565586","post","type-post","status-publish","format-standard","has-post-thumbnail","hentry","category-cultura","tag-blue-mall","tag-fiarte","tag-fiarte-2024"],"_links":{"self":[{"href":"https:\/\/diariodominicano.com\/index.php?rest_route=\/wp\/v2\/posts\/565586","targetHints":{"allow":["GET"]}}],"collection":[{"href":"https:\/\/diariodominicano.com\/index.php?rest_route=\/wp\/v2\/posts"}],"about":[{"href":"https:\/\/diariodominicano.com\/index.php?rest_route=\/wp\/v2\/types\/post"}],"author":[{"embeddable":true,"href":"https:\/\/diariodominicano.com\/index.php?rest_route=\/wp\/v2\/users\/7"}],"replies":[{"embeddable":true,"href":"https:\/\/diariodominicano.com\/index.php?rest_route=%2Fwp%2Fv2%2Fcomments&post=565586"}],"version-history":[{"count":3,"href":"https:\/\/diariodominicano.com\/index.php?rest_route=\/wp\/v2\/posts\/565586\/revisions"}],"predecessor-version":[{"id":565653,"href":"https:\/\/diariodominicano.com\/index.php?rest_route=\/wp\/v2\/posts\/565586\/revisions\/565653"}],"wp:featuredmedia":[{"embeddable":true,"href":"https:\/\/diariodominicano.com\/index.php?rest_route=\/wp\/v2\/media\/565592"}],"wp:attachment":[{"href":"https:\/\/diariodominicano.com\/index.php?rest_route=%2Fwp%2Fv2%2Fmedia&parent=565586"}],"wp:term":[{"taxonomy":"category","embeddable":true,"href":"https:\/\/diariodominicano.com\/index.php?rest_route=%2Fwp%2Fv2%2Fcategories&post=565586"},{"taxonomy":"post_tag","embeddable":true,"href":"https:\/\/diariodominicano.com\/index.php?rest_route=%2Fwp%2Fv2%2Ftags&post=565586"}],"curies":[{"name":"wp","href":"https:\/\/api.w.org\/{rel}","templated":true}]}}