{"id":565569,"date":"2024-10-11T09:05:43","date_gmt":"2024-10-11T13:05:43","guid":{"rendered":"https:\/\/diariodominicano.com\/?p=565569"},"modified":"2024-10-11T09:05:48","modified_gmt":"2024-10-11T13:05:48","slug":"llama-sectores-productivos-y-representativos-rd-apoyar-modernizacion-fiscal-presidente-abinader","status":"publish","type":"post","link":"https:\/\/diariodominicano.com\/?p=565569","title":{"rendered":"Llama sectores productivos y representativos RD apoyar Modernizaci\u00f3n Fiscal presidente Abinader"},"content":{"rendered":"\n<p><strong>Por Ram\u00f3n Mercedes<\/strong><\/p>\n\n\n\n<p><strong>NUEVA YORK.-<\/strong>&nbsp;Los sectores empresariales, profesionales, comunitarios, productivos y representativos de la Rep\u00fablica Dominicana deben apoyar la Modernizaci\u00f3n Fiscal presentada por el presidente Luis Abinader, porque el pa\u00eds saldr\u00e1 beneficiado en las diferentes \u00e1reas.<\/p>\n\n\n\n<p>El criterio es del empresario, activista deportivo, comunitario y ex precandidato a diputado por el PRM en esta ciudad, Roberto Rojas, quien sostiene que el presidente busca impulsar el desarrollo pleno del pa\u00eds y fortalecer la econom\u00eda para mejorar la calidad de vida de los dominicanos.<\/p>\n\n\n\n<p>La Modernizaci\u00f3n Fiscal tiene como finalidad la eliminaci\u00f3n del anticipo, un aumento salarial para empleados p\u00fablicos y privados, en la cobertura del programa Alim\u00e9ntate, en las ayudas, que pasar\u00e1n de 1,650 a 2,000 pesos mensuales, lo que beneficiar\u00e1 a la poblaci\u00f3n m\u00e1s vulnerable.<\/p>\n\n\n\n<p>Tambi\u00e9n, un aumento significativo en el salario m\u00ednimo para los trabajadores tanto del sector p\u00fablico como del privado para mitigar el costo de vida, aumentar la inversi\u00f3n p\u00fablica en la seguridad ciudadana, que se proyecta una inversi\u00f3n de RD$52,170 millones en los pr\u00f3ximos cuatro a\u00f1os, para incorporar 20,000 nuevos polic\u00edas y adquisici\u00f3n de tecnolog\u00eda avanzada para prevenir y combatir la criminalidad.<\/p>\n\n\n\n<p>En la inversi\u00f3n vial para aliviar la congesti\u00f3n vehicular, e impulsar el sistema de transporte masivo con la construcci\u00f3n de proyectos como la l\u00ednea 3 del telef\u00e9rico, un tren que conectar\u00e1 Santo Domingo con San Crist\u00f3bal, otro tren metropolitano para Santo Domingo y un tranv\u00eda, obras que reducir\u00e1n el tiempo de desplazamiento y el impacto ambiental.<\/p>\n\n\n\n<p>Las asignaciones a los ayuntamientos se incrementar\u00e1n en un 50%, para mejorar los servicios de limpieza y reducir problemas de salud p\u00fablica.<\/p>\n\n\n\n<p>En el sector salud, el fortalecimiento del Primer Nivel de Atenci\u00f3n Primaria, con una inversi\u00f3n de m\u00e1s de 10 mil millones de pesos mensuales, que mejorar\u00e1 la prevenci\u00f3n de enfermedades evitables y favorecer\u00e1 el bienestar f\u00edsico, emocional y econ\u00f3mico de la poblaci\u00f3n. El mismo impactar\u00e1 positivamente a los 5.8 millones de beneficiarios del R\u00e9gimen Subsidiado de Salud, lo que mejorar\u00e1 la eficiencia y cobertura del sistema sanitario del pa\u00eds.<\/p>\n\n\n\n<p>Rojas precisa que quedan exentos de la reforma tributaria productos esenciales como el pan, huevo, pollo, pl\u00e1tano, yuca, leche y arroz.<\/p>\n\n\n\n<p>Es decir, indica el empresario, \u201cestos ajustes tributarios permitir\u00e1n que las empresas compitan en igualdad de condiciones y que se eliminen las distorsiones y privilegios existentes que crean inequidades entre contribuyentes, para garantizar que todos contribuyan de una forma m\u00e1s justa\u201d.<\/p>\n\n\n\n<p>Rojas sostiene que la decisi\u00f3n del presidente viene a demostrar una vez m\u00e1s que cumple con lo que promete y no tiene inter\u00e9s en la reelecci\u00f3n nuevamente, sino buscando el bienestar y un impacto positivo a favor de la poblaci\u00f3n en general.<\/p>\n","protected":false},"excerpt":{"rendered":"<p>Por Ram\u00f3n Mercedes NUEVA YORK.-&nbsp;Los sectores empresariales, profesionales, comunitarios, productivos y representativos de la Rep\u00fablica Dominicana deben apoyar la Modernizaci\u00f3n Fiscal presentada por el presidente Luis Abinader, porque el pa\u00eds saldr\u00e1 beneficiado en las diferentes \u00e1reas. El criterio es del empresario, activista deportivo, comunitario y ex precandidato a diputado por el PRM en esta ciudad, [&hellip;]<\/p>\n","protected":false},"author":28,"featured_media":565570,"comment_status":"closed","ping_status":"closed","sticky":false,"template":"","format":"standard","meta":{"footnotes":""},"categories":[18,22],"tags":[],"class_list":["post-565569","post","type-post","status-publish","format-standard","has-post-thumbnail","hentry","category-economia","category-politica"],"_links":{"self":[{"href":"https:\/\/diariodominicano.com\/index.php?rest_route=\/wp\/v2\/posts\/565569","targetHints":{"allow":["GET"]}}],"collection":[{"href":"https:\/\/diariodominicano.com\/index.php?rest_route=\/wp\/v2\/posts"}],"about":[{"href":"https:\/\/diariodominicano.com\/index.php?rest_route=\/wp\/v2\/types\/post"}],"author":[{"embeddable":true,"href":"https:\/\/diariodominicano.com\/index.php?rest_route=\/wp\/v2\/users\/28"}],"replies":[{"embeddable":true,"href":"https:\/\/diariodominicano.com\/index.php?rest_route=%2Fwp%2Fv2%2Fcomments&post=565569"}],"version-history":[{"count":1,"href":"https:\/\/diariodominicano.com\/index.php?rest_route=\/wp\/v2\/posts\/565569\/revisions"}],"predecessor-version":[{"id":565571,"href":"https:\/\/diariodominicano.com\/index.php?rest_route=\/wp\/v2\/posts\/565569\/revisions\/565571"}],"wp:featuredmedia":[{"embeddable":true,"href":"https:\/\/diariodominicano.com\/index.php?rest_route=\/wp\/v2\/media\/565570"}],"wp:attachment":[{"href":"https:\/\/diariodominicano.com\/index.php?rest_route=%2Fwp%2Fv2%2Fmedia&parent=565569"}],"wp:term":[{"taxonomy":"category","embeddable":true,"href":"https:\/\/diariodominicano.com\/index.php?rest_route=%2Fwp%2Fv2%2Fcategories&post=565569"},{"taxonomy":"post_tag","embeddable":true,"href":"https:\/\/diariodominicano.com\/index.php?rest_route=%2Fwp%2Fv2%2Ftags&post=565569"}],"curies":[{"name":"wp","href":"https:\/\/api.w.org\/{rel}","templated":true}]}}