{"id":56552,"date":"2020-02-08T10:58:31","date_gmt":"2020-02-08T10:58:31","guid":{"rendered":"http:\/\/diariodominicano.ddns.net\/?p=56552"},"modified":"2020-02-08T10:58:31","modified_gmt":"2020-02-08T10:58:31","slug":"embajador-dominicano-ante-la-unesco-valora-labor-dgcine-tras-celebracion-congreso-nacional-de-esa-industria","status":"publish","type":"post","link":"https:\/\/diariodominicano.com\/?p=56552","title":{"rendered":"Embajador dominicano ante la UNESCO valora labor DGCINE tras celebraci\u00f3n Congreso Nacional de esa industria&#13;"},"content":{"rendered":"<p><body><\/p>\n<p><img decoding=\"async\" src=\"img3\/dgcin1.jpg\" \/>  <\/p>\n<p>Viernes 7 de febrero, 2020<\/p>\n<\/p>\n<p>Santo Domingo, RD- El embajador de la Rep\u00fablica Dominicana ante la Organizaci\u00f3n de las Naciones Unidas para la Educaci\u00f3n, la Ciencia y la Cultura (UNESCO)Jos\u00e9 Antonio Rodr\u00edguez, felicit\u00f3 hoy la labor de la Direcci\u00f3n General de Cine (DGCINE) tras la celebraci\u00f3n del tercer Congreso Nacional de Cine que se celebra en el pa\u00eds y que se extender\u00e1 hasta este s\u00e1bado.<\/p>\n<\/p>\n<p>Rodr\u00edguez dijo que se sinti\u00f3 impresionado con la muestra que presenta la DGCINE en los espacios que han sido destinados para el Congreso, tras asistir hoy a las instalaciones del Centro de Convenciones del Ministerio de Relaciones Exteriores (MIREX). <\/p>\n<\/p>\n<p>El representante dominicano ante la UNESCO, destac\u00f3 como positiva la gesti\u00f3n de Yvette Marichal, directora general de Cine, al tiempo de resaltar que, \u00abeste tipo de acciones evidencian el empe\u00f1o del gobierno del presidente Danilo Medina, en su b\u00fasqueda de colocar a la industria del cine en los est\u00e1ndares m\u00e1s alto del mercado internacional\u00bb.<\/p>\n<\/p>\n<p>Y a seguidas resalt\u00f3 que, \u00abevidentemente que nuestro gobierno ha trabajado para fortalecer nuestra cultura, la ley de Cine es un solo bot\u00f3n de muestra, y esto no s\u00f3lo es de beneficio para nuestro pa\u00eds, sino que la industria cinematogr\u00e1fica est\u00e1 destinada a ser uno de los sectores econ\u00f3micos m\u00e1s pujantes del futuro\u00bb. <\/p>\n<\/p>\n<p>El tercer Congreso Nacional de Cine, expone una dedicaci\u00f3n p\u00f3stuma a Mar\u00eda Electa St\u00e9fani Espaillat, considerada como la primera mujer cineasta dominicana.<\/p>\n<\/p>\n<p>Con este evento, la Direcci\u00f3n General de Cine (DGcine), en colaboraci\u00f3n con el Ministerio de Cultura y el Ministerio de Relaciones Exteriores (MIREX), clausura la \u00abI Quincena del Cine &#8211; RD\u00bb, una iniciativa que re\u00fane varios eventos de la industria cinematogr\u00e1fica dominicana, que inici\u00f3 el 26 de enero con el Festival de Cine Global, seguido de Premio La Silla y la Cena de Gala de ADOPRESCI.<\/p>\n<\/p>\n<p>&#8212;<\/p>\n<p>V\u00edctoria Est\u00e9vez<\/p>\n<p>Consejera<\/p>\n<p>Responsable de Prensa y Comunicaciones<\/p>\n<p>D\u00e9l\u00e9gation Permanente de la R\u00e9publique Dominicaine aupr\u00e8s de l?UNESCO<\/p>\n<h6> 2020-02-08 10:58:31 <\/h6>\n<p><!--\n<link rel=\"stylesheet\" href=\"css\/bootstrap.min.css\">\n\n\n<ul class=\"pagination\">\n\t    \n\t\n\n<li >\n\t<a href='?page_no=846'>Previous<\/a>\n\t<\/li>\n\n\n       \n    \n\n<li><a href='?page_no=1'>1<\/a><\/li>\n\n\n\n<li><a href='?page_no=2'>2<\/a><\/li>\n\n\n\n<li><a>...<\/a><\/li>\n\n\n\n<li><a href='?page_no=845'>845<\/a><\/li>\n\n\n\n<li><a href='?page_no=846'>846<\/a><\/li>\n\n\n\n<li class='active'><a>847<\/a><\/li>\n\n\n\n<li><a href='?page_no=848'>848<\/a><\/li>\n\n\n\n<li><a href='?page_no=849'>849<\/a><\/li>\n\n\n\n<li><a>...<\/a><\/li>\n\n\n\n<li><a href='?page_no=22911'>22911<\/a><\/li>\n\n\n\n<li><a href='?page_no=22912'>22912<\/a><\/li>\n\n    \n\t\n\n<li >\n\t<a href='?page_no=848'>Next<\/a>\n\t<\/li>\n\n\n    \n\n<li><a href='?page_no=22912'>Last &rsaquo;&rsaquo;<\/a><\/li>\n\n<\/ul>\n\n\n--><br \/>\n<\/body><\/p>\n","protected":false},"excerpt":{"rendered":"<p>Viernes 7 de febrero, 2020 Santo Domingo, RD- El embajador de la Rep\u00fablica Dominicana ante la Organizaci\u00f3n de las Naciones Unidas para la Educaci\u00f3n, la Ciencia y la Cultura (UNESCO)Jos\u00e9 Antonio Rodr\u00edguez, felicit\u00f3 hoy la labor de la Direcci\u00f3n General de Cine (DGCINE) tras la celebraci\u00f3n del tercer Congreso Nacional de Cine que se celebra [&hellip;]<\/p>\n","protected":false},"author":3,"featured_media":0,"comment_status":"open","ping_status":"open","sticky":false,"template":"","format":"standard","meta":{"footnotes":""},"categories":[21],"tags":[],"class_list":["post-56552","post","type-post","status-publish","format-standard","hentry","category-cultura"],"_links":{"self":[{"href":"https:\/\/diariodominicano.com\/index.php?rest_route=\/wp\/v2\/posts\/56552","targetHints":{"allow":["GET"]}}],"collection":[{"href":"https:\/\/diariodominicano.com\/index.php?rest_route=\/wp\/v2\/posts"}],"about":[{"href":"https:\/\/diariodominicano.com\/index.php?rest_route=\/wp\/v2\/types\/post"}],"author":[{"embeddable":true,"href":"https:\/\/diariodominicano.com\/index.php?rest_route=\/wp\/v2\/users\/3"}],"replies":[{"embeddable":true,"href":"https:\/\/diariodominicano.com\/index.php?rest_route=%2Fwp%2Fv2%2Fcomments&post=56552"}],"version-history":[{"count":0,"href":"https:\/\/diariodominicano.com\/index.php?rest_route=\/wp\/v2\/posts\/56552\/revisions"}],"wp:attachment":[{"href":"https:\/\/diariodominicano.com\/index.php?rest_route=%2Fwp%2Fv2%2Fmedia&parent=56552"}],"wp:term":[{"taxonomy":"category","embeddable":true,"href":"https:\/\/diariodominicano.com\/index.php?rest_route=%2Fwp%2Fv2%2Fcategories&post=56552"},{"taxonomy":"post_tag","embeddable":true,"href":"https:\/\/diariodominicano.com\/index.php?rest_route=%2Fwp%2Fv2%2Ftags&post=56552"}],"curies":[{"name":"wp","href":"https:\/\/api.w.org\/{rel}","templated":true}]}}