{"id":56540,"date":"2020-02-08T23:06:29","date_gmt":"2020-02-08T23:06:29","guid":{"rendered":"http:\/\/diariodominicano.ddns.net\/?p=56540"},"modified":"2020-02-08T23:06:29","modified_gmt":"2020-02-08T23:06:29","slug":"en-el-dia-del-folklore-rectora-de-la-uasd-clama-por-una-politica-cultural-en-el-pais","status":"publish","type":"post","link":"https:\/\/diariodominicano.com\/?p=56540","title":{"rendered":"En el D\u00eda del Folklore Rectora de la UASD  clama por una pol\u00edtica cultural en el pa\u00eds"},"content":{"rendered":"<p><body><\/p>\n<p><img decoding=\"async\" src=\"img3\/RECTORA.jpg\" \/>  <\/p>\n<p><strong>Diariodominicano.com<\/strong><\/p>\n<p><strong>En el D\u00eda del Folklore Rectora de la UASD  clama por una pol\u00edtica cultural en el pa\u00eds   <\/strong><\/p>\n<p><strong>        <\/strong><\/p>\n<p><strong>Santo Domingo, RD, 8 de febrero de 2020.-<\/strong> La rectora de la Universidad Aut\u00f3noma de Santo Domingo (UASD), doctora Emma Polanco Melo, felicit\u00f3 a los folkloristas dominicanos al conmemorarse el 10 de febrero \u00abEl D\u00eda del Folklore\u00bb, al tiempo de reclamar una pol\u00edtica cultural para el desarrollo y la revalorizaci\u00f3n de nuestro folklore  y sus protagonistas.<\/p>\n<\/p>\n<p>         Polanco Melo expres\u00f3 que esta felicitaci\u00f3n se hace con el objetivo de contribuir a elevar los niveles culturales de la sociedad y as\u00ed ayudar a formar una conciencia cr\u00edtica-reflexiva de la sociedad dominicana, como establece el Estatuto Org\u00e1nico de la instituci\u00f3n, en su art\u00edculo 7, sobre su Misi\u00f3n.<\/p>\n<\/p>\n<p>Dijo que el folklore, en nuestro caso, es el espacio del orgullo de la dominicanidad y la identidad nacional, al tiempo de recordar que, a nivel acad\u00e9mico, pas\u00f3 a ser una rama de la Antropolog\u00eda Cultural, dedic\u00e1ndose al estudio y la difusi\u00f3n de los saberes del pueblo.<\/p>\n<\/p>\n<p>         Agreg\u00f3 que el folklore es la suma de los conocimientos, los saberes y las pr\u00e1cticas populares, es decir,  es la base de la identidad cultural de un pa\u00eds.<\/p>\n<\/p>\n<p>         Por tanto, la rectora de la UASD felicita a todos los artesanos, artistas y folkloristas populares, as\u00ed como a los hacedores del folklor.<\/p>\n<\/p>\n<p>La palabra \u00abFolklore\u00bb aparece por primera vez en nuestro pa\u00eds el 10 de febrero de 1884, en una carta enviada por una lectora o lector desde Puerto Plata, utilizando el seud\u00f3nimo de \u00abValle de Gracia\u00bb, al peri\u00f3dico \u00abEcos del Pueblo\u00bb, que se editaba en Santiago de los Caballeros, en la cual exaltaba las d\u00e9cimas de Juan Antonio Alix, como expresiones de la literatura oral.<\/p>\n<\/p>\n<p>         No obstante, treinta y ocho a\u00f1os antes, el 22 de agosto de 1845, la palabra folklore fue propuesta por William John Thomas y aprobada por los centros acad\u00e9micos de Londres, para referirse a las antig\u00fcedades populares o literatura popular, por lo que la palabra folklore\u00bb pas\u00f3 a significar \u00abel saber del pueblo\u00bb.<\/p>\n<\/p>\n<h6> 2020-02-08 23:06:29 <\/h6>\n<p><!--\n<link rel=\"stylesheet\" href=\"css\/bootstrap.min.css\">\n\n\n<ul class=\"pagination\">\n\t    \n\t\n\n<li >\n\t<a href='?page_no=845'>Previous<\/a>\n\t<\/li>\n\n\n       \n    \n\n<li><a href='?page_no=1'>1<\/a><\/li>\n\n\n\n<li><a href='?page_no=2'>2<\/a><\/li>\n\n\n\n<li><a>...<\/a><\/li>\n\n\n\n<li><a href='?page_no=844'>844<\/a><\/li>\n\n\n\n<li><a href='?page_no=845'>845<\/a><\/li>\n\n\n\n<li class='active'><a>846<\/a><\/li>\n\n\n\n<li><a href='?page_no=847'>847<\/a><\/li>\n\n\n\n<li><a href='?page_no=848'>848<\/a><\/li>\n\n\n\n<li><a>...<\/a><\/li>\n\n\n\n<li><a href='?page_no=22911'>22911<\/a><\/li>\n\n\n\n<li><a href='?page_no=22912'>22912<\/a><\/li>\n\n    \n\t\n\n<li >\n\t<a href='?page_no=847'>Next<\/a>\n\t<\/li>\n\n\n    \n\n<li><a href='?page_no=22912'>Last &rsaquo;&rsaquo;<\/a><\/li>\n\n<\/ul>\n\n\n--><br \/>\n<\/body><\/p>\n","protected":false},"excerpt":{"rendered":"<p>Diariodominicano.com En el D\u00eda del Folklore Rectora de la UASD clama por una pol\u00edtica cultural en el pa\u00eds Santo Domingo, RD, 8 de febrero de 2020.- La rectora de la Universidad Aut\u00f3noma de Santo Domingo (UASD), doctora Emma Polanco Melo, felicit\u00f3 a los folkloristas dominicanos al conmemorarse el 10 de febrero \u00abEl D\u00eda del Folklore\u00bb, [&hellip;]<\/p>\n","protected":false},"author":3,"featured_media":0,"comment_status":"open","ping_status":"open","sticky":false,"template":"","format":"standard","meta":{"footnotes":""},"categories":[21],"tags":[],"class_list":["post-56540","post","type-post","status-publish","format-standard","hentry","category-cultura"],"_links":{"self":[{"href":"https:\/\/diariodominicano.com\/index.php?rest_route=\/wp\/v2\/posts\/56540","targetHints":{"allow":["GET"]}}],"collection":[{"href":"https:\/\/diariodominicano.com\/index.php?rest_route=\/wp\/v2\/posts"}],"about":[{"href":"https:\/\/diariodominicano.com\/index.php?rest_route=\/wp\/v2\/types\/post"}],"author":[{"embeddable":true,"href":"https:\/\/diariodominicano.com\/index.php?rest_route=\/wp\/v2\/users\/3"}],"replies":[{"embeddable":true,"href":"https:\/\/diariodominicano.com\/index.php?rest_route=%2Fwp%2Fv2%2Fcomments&post=56540"}],"version-history":[{"count":0,"href":"https:\/\/diariodominicano.com\/index.php?rest_route=\/wp\/v2\/posts\/56540\/revisions"}],"wp:attachment":[{"href":"https:\/\/diariodominicano.com\/index.php?rest_route=%2Fwp%2Fv2%2Fmedia&parent=56540"}],"wp:term":[{"taxonomy":"category","embeddable":true,"href":"https:\/\/diariodominicano.com\/index.php?rest_route=%2Fwp%2Fv2%2Fcategories&post=56540"},{"taxonomy":"post_tag","embeddable":true,"href":"https:\/\/diariodominicano.com\/index.php?rest_route=%2Fwp%2Fv2%2Ftags&post=56540"}],"curies":[{"name":"wp","href":"https:\/\/api.w.org\/{rel}","templated":true}]}}