{"id":565366,"date":"2024-10-10T09:52:53","date_gmt":"2024-10-10T13:52:53","guid":{"rendered":"https:\/\/diariodominicano.com\/?p=565366"},"modified":"2024-10-11T02:18:30","modified_gmt":"2024-10-11T06:18:30","slug":"ministerio-publico-junto-a-voluntariado-banreservas-realizara-el-desfile-por-la-inclusion-en-rd-fashion-week-santo-domingo-2024","status":"publish","type":"post","link":"https:\/\/diariodominicano.com\/?p=565366","title":{"rendered":"Ministerio P\u00fablico junto a Voluntariado Banreservas realizar\u00e1 el \u201cDesfile por la inclusi\u00f3n\u201d en RD Fashion Week Santo Domingo 2024"},"content":{"rendered":"\n<p>diariodominicano.com<\/p>\n\n\n\n<p><strong>Santo Domingo (R.D.) jueves, 10 de octubre de 2024.<\/strong>&nbsp;La Procuradur\u00eda General de la Rep\u00fablica (PGR), a trav\u00e9s de su Departamento de Derechos Humanos, la Direcci\u00f3n General de Servicios Penitenciarios (DGSP), el Voluntariado Banreservas y la Fundaci\u00f3n Fashion Week Inclusion, se unir\u00e1n para celebrar el \u201cDesfile por la Inclusi\u00f3n\u201d en el marco de las actividades de RD Fashion Week Santo Domingo 2024.<\/p>\n\n\n\n<p>Estas instituciones brindar\u00e1n la oportunidad a personas privadas de libertad y a adolescentes en conflictos con la ley de desfilar por la pasarela, as\u00ed como, presentar sus creaciones en RD Fashion Week Santo Domingo 2024, que se celebrar\u00e1 este s\u00e1bado, 12 de octubre desde las 3:00 p.m. en el Hotel Marriot, Piantini, Distrito Nacional.<\/p>\n\n\n\n<figure class=\"wp-block-image size-large\"><img loading=\"lazy\" decoding=\"async\" width=\"1024\" height=\"659\" src=\"https:\/\/diariodominicano.com\/wp-content\/uploads\/2024\/10\/Ministerio-Publico-junto-Voluntariado-Banreservas-realizara-el-Desfile-por-la-inclusion-en-RD-Fashion-Week-Santo-Domingo-2024-1024x659.jpg\" alt=\"\" class=\"wp-image-565532\" srcset=\"https:\/\/diariodominicano.com\/wp-content\/uploads\/2024\/10\/Ministerio-Publico-junto-Voluntariado-Banreservas-realizara-el-Desfile-por-la-inclusion-en-RD-Fashion-Week-Santo-Domingo-2024-1024x659.jpg 1024w, https:\/\/diariodominicano.com\/wp-content\/uploads\/2024\/10\/Ministerio-Publico-junto-Voluntariado-Banreservas-realizara-el-Desfile-por-la-inclusion-en-RD-Fashion-Week-Santo-Domingo-2024-300x193.jpg 300w, https:\/\/diariodominicano.com\/wp-content\/uploads\/2024\/10\/Ministerio-Publico-junto-Voluntariado-Banreservas-realizara-el-Desfile-por-la-inclusion-en-RD-Fashion-Week-Santo-Domingo-2024-768x494.jpg 768w, https:\/\/diariodominicano.com\/wp-content\/uploads\/2024\/10\/Ministerio-Publico-junto-Voluntariado-Banreservas-realizara-el-Desfile-por-la-inclusion-en-RD-Fashion-Week-Santo-Domingo-2024-1536x988.jpg 1536w, https:\/\/diariodominicano.com\/wp-content\/uploads\/2024\/10\/Ministerio-Publico-junto-Voluntariado-Banreservas-realizara-el-Desfile-por-la-inclusion-en-RD-Fashion-Week-Santo-Domingo-2024-816x525.jpg 816w, https:\/\/diariodominicano.com\/wp-content\/uploads\/2024\/10\/Ministerio-Publico-junto-Voluntariado-Banreservas-realizara-el-Desfile-por-la-inclusion-en-RD-Fashion-Week-Santo-Domingo-2024.jpg 2048w\" sizes=\"auto, (max-width: 1024px) 100vw, 1024px\" \/><\/figure>\n\n\n\n<p>Los organizadores del \u201cDesfile por la Inclusi\u00f3n\u201d enfatizaron que el prop\u00f3sito de esta acci\u00f3n es fomentar la autoconfianza y el empoderamiento, de que, a pesar de la condici\u00f3n, se puede lucir elegante, colorido y lleno de esperanza y luz.<\/p>\n\n\n\n<p>En esta ocasi\u00f3n el tema central del \u201cDesfile por la Inclusi\u00f3n\u201d ser\u00e1 \u201cFantas\u00eda en la isla\u201d, en el que participar\u00e1n mujeres privadas de libertad y adolescentes en conflicto con la ley, quienes modelar\u00e1n los trabajos artesanales y de confecci\u00f3n elaborados por las internas del Centro de Correcci\u00f3n y Rehabilitaci\u00f3n Najayo Mujeres y las mismas adolecentes. Asimismo, el desfile ser\u00e1 amenizado por un disc jockey (DJ) con discapacidad visual que tambi\u00e9n mostrar\u00e1 su talento a los presentes.<\/p>\n\n\n\n<figure class=\"wp-block-image size-large\"><img loading=\"lazy\" decoding=\"async\" width=\"1024\" height=\"645\" src=\"https:\/\/diariodominicano.com\/wp-content\/uploads\/2024\/10\/Ministerio-Publico-junto-a-Voluntariado-Banreservas-realizara-el-Desfile-por-la-inclusion-RD-Fashion-Week-Santo-Domingo-2024-1024x645.jpg\" alt=\"\" class=\"wp-image-565531\" srcset=\"https:\/\/diariodominicano.com\/wp-content\/uploads\/2024\/10\/Ministerio-Publico-junto-a-Voluntariado-Banreservas-realizara-el-Desfile-por-la-inclusion-RD-Fashion-Week-Santo-Domingo-2024-1024x645.jpg 1024w, https:\/\/diariodominicano.com\/wp-content\/uploads\/2024\/10\/Ministerio-Publico-junto-a-Voluntariado-Banreservas-realizara-el-Desfile-por-la-inclusion-RD-Fashion-Week-Santo-Domingo-2024-300x189.jpg 300w, https:\/\/diariodominicano.com\/wp-content\/uploads\/2024\/10\/Ministerio-Publico-junto-a-Voluntariado-Banreservas-realizara-el-Desfile-por-la-inclusion-RD-Fashion-Week-Santo-Domingo-2024-768x484.jpg 768w, https:\/\/diariodominicano.com\/wp-content\/uploads\/2024\/10\/Ministerio-Publico-junto-a-Voluntariado-Banreservas-realizara-el-Desfile-por-la-inclusion-RD-Fashion-Week-Santo-Domingo-2024-1536x968.jpg 1536w, https:\/\/diariodominicano.com\/wp-content\/uploads\/2024\/10\/Ministerio-Publico-junto-a-Voluntariado-Banreservas-realizara-el-Desfile-por-la-inclusion-RD-Fashion-Week-Santo-Domingo-2024-816x514.jpg 816w, https:\/\/diariodominicano.com\/wp-content\/uploads\/2024\/10\/Ministerio-Publico-junto-a-Voluntariado-Banreservas-realizara-el-Desfile-por-la-inclusion-RD-Fashion-Week-Santo-Domingo-2024.jpg 2048w\" sizes=\"auto, (max-width: 1024px) 100vw, 1024px\" \/><\/figure>\n\n\n\n<p>Adem\u00e1s, este desfile contar\u00e1 con la presencia de Rita Abinader Corona, quien a lo largo de los a\u00f1os ha realizado ingentes esfuerzos a favor de la inclusi\u00f3n social de todos los sectores vulnerabilizados, la reinserci\u00f3n social, la moda inclusiva y el trabajo que realizan las internas del centro penitenciario Najayo Mujeres.<\/p>\n\n\n\n<p>El evento tambi\u00e9n contar\u00e1 con la participaci\u00f3n de adultos mayores, personas plus sizes, personas con discapacidad, ni\u00f1os, ni\u00f1as y adolescentes en situaci\u00f3n de riesgo y mujeres trabajadoras de las playas de Punta Cana y Puerto Plata.<\/p>\n\n\n\n<p>El \u201cDesfile por la Inclusi\u00f3n\u201d tambi\u00e9n contar\u00e1 con la asistencia de representantes diplom\u00e1ticos, funcionarios p\u00fablicos y personalidades art\u00edsticas de la sociedad dominicana.<\/p>\n\n\n\n<p>Esta iniciativa tambi\u00e9n cuenta con el apoyo de la dise\u00f1adora dominicana Melkis D\u00edaz; las fundaciones Gissell Eusebio Life Transformer; Yo Tambi\u00e9n Puedo; Qui\u00e9reme como Soy; Nido para \u00c1ngeles; la Polic\u00eda Especializada de Seguridad Tur\u00edstica (POLITUR) y el Consejo Nacional de la Persona Envejeciente (CONAPE).<\/p>\n\n\n\n<p><strong>Comunicaciones PGR <\/strong><\/p>\n","protected":false},"excerpt":{"rendered":"<p>diariodominicano.com Santo Domingo (R.D.) jueves, 10 de octubre de 2024.&nbsp;La Procuradur\u00eda General de la Rep\u00fablica (PGR), a trav\u00e9s de su Departamento de Derechos Humanos, la Direcci\u00f3n General de Servicios Penitenciarios (DGSP), el Voluntariado Banreservas y la Fundaci\u00f3n Fashion Week Inclusion, se unir\u00e1n para celebrar el \u201cDesfile por la Inclusi\u00f3n\u201d en el marco de las actividades [&hellip;]<\/p>\n","protected":false},"author":5,"featured_media":565367,"comment_status":"closed","ping_status":"closed","sticky":true,"template":"","format":"standard","meta":{"footnotes":""},"categories":[24,27],"tags":[],"class_list":["post-565366","post","type-post","status-publish","format-standard","has-post-thumbnail","hentry","category-justicia-y-derecho","category-portada"],"_links":{"self":[{"href":"https:\/\/diariodominicano.com\/index.php?rest_route=\/wp\/v2\/posts\/565366","targetHints":{"allow":["GET"]}}],"collection":[{"href":"https:\/\/diariodominicano.com\/index.php?rest_route=\/wp\/v2\/posts"}],"about":[{"href":"https:\/\/diariodominicano.com\/index.php?rest_route=\/wp\/v2\/types\/post"}],"author":[{"embeddable":true,"href":"https:\/\/diariodominicano.com\/index.php?rest_route=\/wp\/v2\/users\/5"}],"replies":[{"embeddable":true,"href":"https:\/\/diariodominicano.com\/index.php?rest_route=%2Fwp%2Fv2%2Fcomments&post=565366"}],"version-history":[{"count":2,"href":"https:\/\/diariodominicano.com\/index.php?rest_route=\/wp\/v2\/posts\/565366\/revisions"}],"predecessor-version":[{"id":565542,"href":"https:\/\/diariodominicano.com\/index.php?rest_route=\/wp\/v2\/posts\/565366\/revisions\/565542"}],"wp:featuredmedia":[{"embeddable":true,"href":"https:\/\/diariodominicano.com\/index.php?rest_route=\/wp\/v2\/media\/565367"}],"wp:attachment":[{"href":"https:\/\/diariodominicano.com\/index.php?rest_route=%2Fwp%2Fv2%2Fmedia&parent=565366"}],"wp:term":[{"taxonomy":"category","embeddable":true,"href":"https:\/\/diariodominicano.com\/index.php?rest_route=%2Fwp%2Fv2%2Fcategories&post=565366"},{"taxonomy":"post_tag","embeddable":true,"href":"https:\/\/diariodominicano.com\/index.php?rest_route=%2Fwp%2Fv2%2Ftags&post=565366"}],"curies":[{"name":"wp","href":"https:\/\/api.w.org\/{rel}","templated":true}]}}