{"id":565258,"date":"2024-10-09T23:27:42","date_gmt":"2024-10-10T03:27:42","guid":{"rendered":"https:\/\/diariodominicano.com\/?p=565258"},"modified":"2024-10-09T23:27:45","modified_gmt":"2024-10-10T03:27:45","slug":"entregaran-los-premios-de-oro-2024-el-29-de-noviembre-en-barahona","status":"publish","type":"post","link":"https:\/\/diariodominicano.com\/?p=565258","title":{"rendered":"Entregar\u00e1n los Premios de Oro 2024 el 29 de noviembre en Barahona"},"content":{"rendered":"\n<p>BARAHONA, RD.-: Los \u201cPremios de Oro 2024\u201d, evento que realiza cada a\u00f1o la Asociaci\u00f3n de Gestores Culturales de Barahona (ASOGECULBA), ser\u00e1n entregados el viernes 29 de \u00a0noviembre, \u00a0dedicados al artista y compositor barahonero Anibal de Pe\u00f1a, autor del himno a la revoluci\u00f3n de abril del 1965.<\/p>\n\n\n\n<p>La informaci\u00f3n fue ofrecida por el doctor N\u00e9stor de Jes\u00fas Laurens, presidente de ASOGECULBA, quien dijo que la versi\u00f3n XXI de la premiaci\u00f3n se realizar\u00e1 en el Auditorio Dr. Antonio M\u00e9ndez de la UASD Recinto Barahona, a partir de las 6 de la tarde.<\/p>\n\n\n\n<p>De Jes\u00fas Laurens, por medio de un despacho de prensa, dijo que el evento cuenta con la gala de Alfombra Roja, presentaciones de artistas nacionales y locales, reconocimientos a artistas y personalidades de la provincia y el Gran Premio de Oro, que se le entrega a una importante personalidad escogida dentro de todos los sectores que se ha destacado durante todo el a\u00f1o.<\/p>\n\n\n\n<p>El presidente de ASOGECULBA, inform\u00f3 que este a\u00f1o se incluyeron tres nuevos renglones del sector art\u00edstico con miras a darle m\u00e1s participaci\u00f3n al talento local y regional de los premios, entre los que se encuentran Dj animador musical, video musical y canci\u00f3n urbana del a\u00f1o.<\/p>\n\n\n\n<p>Se recuerda que esta premiaci\u00f3n se inici\u00f3 en el a\u00f1o 1994 con el nombre Enriquillo de Oro, por lo que este a\u00f1o se cumplen 30 a\u00f1os de la celebraci\u00f3n de la primera entrega.<br><br>Los Premios de Oro, es un evento que llena de regocijo a la Perla del Sur al ser el acontecimiento art\u00edstico y cultural m\u00e1s trascendental del a\u00f1o, donde se reconocen los talentos de la provincia y la regi\u00f3n, resaltando a grandes hombres y mujeres de esta zona del pa\u00eds.<\/p>\n\n\n\n<p>La premiaci\u00f3n de este a\u00f1o cuenta con el patrocinio del \u00a0Consorcio Azucarero Central (CAC), el Hospital Regional Universitario Jaime Mota, los Comedores Econ\u00f3micos, el Centro Arenero P\u00e9rez Cuevas y COOPACRENE.<\/p>\n\n\n\n<p>#Barahona\u2003\u2003\u2003\u2003\u2003\u2003\u2003 #Azucarero Central <\/p>\n\n\n\n<p>#Entregar\u00e1n los Premios de Oro 2024 <\/p>\n","protected":false},"excerpt":{"rendered":"<p>BARAHONA, RD.-: Los \u201cPremios de Oro 2024\u201d, evento que realiza cada a\u00f1o la Asociaci\u00f3n de Gestores Culturales de Barahona (ASOGECULBA), ser\u00e1n entregados el viernes 29 de \u00a0noviembre, \u00a0dedicados al artista y compositor barahonero Anibal de Pe\u00f1a, autor del himno a la revoluci\u00f3n de abril del 1965. La informaci\u00f3n fue ofrecida por el doctor N\u00e9stor de [&hellip;]<\/p>\n","protected":false},"author":28,"featured_media":565259,"comment_status":"closed","ping_status":"closed","sticky":false,"template":"","format":"standard","meta":{"footnotes":""},"categories":[36,25],"tags":[],"class_list":["post-565258","post","type-post","status-publish","format-standard","has-post-thumbnail","hentry","category-hombresmujeresycosas","category-gente"],"_links":{"self":[{"href":"https:\/\/diariodominicano.com\/index.php?rest_route=\/wp\/v2\/posts\/565258","targetHints":{"allow":["GET"]}}],"collection":[{"href":"https:\/\/diariodominicano.com\/index.php?rest_route=\/wp\/v2\/posts"}],"about":[{"href":"https:\/\/diariodominicano.com\/index.php?rest_route=\/wp\/v2\/types\/post"}],"author":[{"embeddable":true,"href":"https:\/\/diariodominicano.com\/index.php?rest_route=\/wp\/v2\/users\/28"}],"replies":[{"embeddable":true,"href":"https:\/\/diariodominicano.com\/index.php?rest_route=%2Fwp%2Fv2%2Fcomments&post=565258"}],"version-history":[{"count":1,"href":"https:\/\/diariodominicano.com\/index.php?rest_route=\/wp\/v2\/posts\/565258\/revisions"}],"predecessor-version":[{"id":565260,"href":"https:\/\/diariodominicano.com\/index.php?rest_route=\/wp\/v2\/posts\/565258\/revisions\/565260"}],"wp:featuredmedia":[{"embeddable":true,"href":"https:\/\/diariodominicano.com\/index.php?rest_route=\/wp\/v2\/media\/565259"}],"wp:attachment":[{"href":"https:\/\/diariodominicano.com\/index.php?rest_route=%2Fwp%2Fv2%2Fmedia&parent=565258"}],"wp:term":[{"taxonomy":"category","embeddable":true,"href":"https:\/\/diariodominicano.com\/index.php?rest_route=%2Fwp%2Fv2%2Fcategories&post=565258"},{"taxonomy":"post_tag","embeddable":true,"href":"https:\/\/diariodominicano.com\/index.php?rest_route=%2Fwp%2Fv2%2Ftags&post=565258"}],"curies":[{"name":"wp","href":"https:\/\/api.w.org\/{rel}","templated":true}]}}