{"id":565177,"date":"2024-10-09T16:20:12","date_gmt":"2024-10-09T20:20:12","guid":{"rendered":"https:\/\/diariodominicano.com\/?p=565177"},"modified":"2024-10-09T16:32:19","modified_gmt":"2024-10-09T20:32:19","slug":"superate-y-koica-presentan-manual-para-fortalecer-capacitacion-en-genero","status":"publish","type":"post","link":"https:\/\/diariodominicano.com\/?p=565177","title":{"rendered":"Sup\u00e9rate\u00a0y\u00a0KOICA\u00a0presentan\u00a0manual\u00a0para\u00a0fortalecer\u00a0capacitaci\u00f3n\u00a0en\u00a0g\u00e9nero"},"content":{"rendered":"\n<p><em>La Agencia de Cooperaci\u00f3n Internacional de Corea don\u00f3 a&nbsp;Sup\u00e9rate&nbsp;dos veh\u00edculos que ser\u00e1n destinados&nbsp;para&nbsp;uso institucional.<\/em><\/p>\n\n\n\n<p><strong>SANTO DOMINGO, 7 de octubre de 2024.-<\/strong>&nbsp;El programa gubernamental de protecci\u00f3n social&nbsp;Sup\u00e9rate, junto a la Agencia de Cooperaci\u00f3n Internacional de Corea (KOICA)&nbsp;y&nbsp;la firma GDC Consulting presentaron un&nbsp;Manual&nbsp;de&nbsp;Capacitaci\u00f3n&nbsp;y&nbsp;Sensibilizaci\u00f3n en&nbsp;G\u00e9nero, el cual ser\u00e1 implementado en los cursos de formaci\u00f3n que se imparten en los Centros de Superaci\u00f3n Comunitaria&nbsp;Sup\u00e9rate&nbsp;(CSCS).<\/p>\n\n\n\n<p>El material formativo ser\u00e1 parte del curr\u00edculo de Educaci\u00f3n&nbsp;y&nbsp;Formaci\u00f3n T\u00e9cnica&nbsp;y&nbsp;Profesional (EFTP) de los referidos centros, con el objetivo de&nbsp;fortalecer&nbsp;la promoci\u00f3n de la perspectiva de&nbsp;g\u00e9nero&nbsp;desde el \u00e1mbito educativo. Se trabajar\u00e1 en primer lugar con la&nbsp;capacitaci\u00f3n&nbsp;de los facilitadores de&nbsp;Sup\u00e9rate&nbsp;y&nbsp;del Instituto Nacional de Formaci\u00f3n T\u00e9cnico Profesional (Infotep), quienes son los encargados de capacitar a los participantes del programa.<\/p>\n\n\n\n<figure class=\"wp-block-image\"><img decoding=\"async\" src=\"https:\/\/diariodominicano.com\/wp-content\/uploads\/2024\/10\/Manual-de-Capacitacion-y-Sensibilizacion-en-Genero-realizado-por-Superate-y-Koica-1024x682.jpg\" alt=\"\"\/><\/figure>\n\n\n\n<p>Durante el acto de presentaci\u00f3n, la directora general de&nbsp;Sup\u00e9rate&nbsp;expres\u00f3 que estos proyectos facilitan respuesta directa a una demanda social \u201cque nos ha tomado varias generaciones antes de ser atendida correctamente. Pero hoy, la autonom\u00eda, el acceso a formaci\u00f3n, a cr\u00e9dito&nbsp;y&nbsp;a oportunidades de desarrollo personal, familiar&nbsp;y&nbsp;comunitario son ejes de la mirada de bienestar que conduce la lucha contra la pobreza del gobierno que encabeza el presidente Luis Abinader\u201d.<\/p>\n\n\n\n<p>En ese mismo tenor, Gloria Reyes resalt\u00f3 el apoyo de&nbsp;KOICA&nbsp;para&nbsp;la materializaci\u00f3n del&nbsp;Manual&nbsp;de&nbsp;Capacitaci\u00f3n&nbsp;y&nbsp;Sensibilizaci\u00f3n en&nbsp;G\u00e9nero. \u201cHa sido fundamental&nbsp;para&nbsp;el desarrollo de este&nbsp;manual&nbsp;contar con el respaldo de la Agencia de Cooperaci\u00f3n Internacional de Corea&nbsp;y&nbsp;no podemos dejar de destacar su contribuci\u00f3n al proyecto \u00abFortalecimiento de las Capacidades&nbsp;para&nbsp;el Empoderamiento de las Mujeres a trav\u00e9s de la Educaci\u00f3n&nbsp;y&nbsp;Formaci\u00f3n T\u00e9cnica&nbsp;y&nbsp;Profesional (EFTP)\u00bb.<\/p>\n\n\n\n<p>El acto de presentaci\u00f3n cont\u00f3 tambi\u00e9n con la presencia de&nbsp;Joonsung&nbsp;Park, director de&nbsp;KOICA&nbsp;en Rep\u00fablica Dominicana,&nbsp;y&nbsp;Jayeong Im, representante de GDC Consulting, as\u00ed como la ministra de la Mujer, Mayra Jim\u00e9nez,&nbsp;y&nbsp;representantes de entidades aliadas.<\/p>\n\n\n\n<p>La puesta en circulaci\u00f3n del&nbsp;Manual&nbsp;de&nbsp;Capacitaci\u00f3n&nbsp;y&nbsp;Sensibilizaci\u00f3n en&nbsp;G\u00e9nero&nbsp;es una acci\u00f3n del Proyecto Fortalecimiento de las Capacidades&nbsp;para&nbsp;el Empoderamiento de las Mujeres, a trav\u00e9s de la Educaci\u00f3n&nbsp;y&nbsp;Formaci\u00f3n T\u00e9cnica&nbsp;y&nbsp;Profesional (EFTP)&nbsp;y&nbsp;la Incorporaci\u00f3n de la Perspectiva de&nbsp;G\u00e9nero&nbsp;en Rep\u00fablica Dominicana, a cargo de&nbsp;Sup\u00e9rate.&nbsp;&nbsp;<\/p>\n\n\n\n<p>La creaci\u00f3n del&nbsp;manual&nbsp;es el resultado del acuerdo suscrito entre&nbsp;Sup\u00e9rate&nbsp;y&nbsp;KOICA, que adem\u00e1s incluye la construcci\u00f3n de dos Centros de Superaci\u00f3n Comunitaria (CSCS) en Haina (Valdesia)&nbsp;y&nbsp;Hatillo de Palma (Montecristi).<\/p>\n\n\n\n<p>La actividad tambi\u00e9n sirvi\u00f3&nbsp;para&nbsp;que&nbsp;KOICA&nbsp;oficializara la donaci\u00f3n de dos veh\u00edculos a&nbsp;Sup\u00e9rate, los cuales ser\u00e1n destinados&nbsp;para&nbsp;uso institucional.&#8211;<br><strong>Prensa&nbsp;Sup\u00e9rate<\/strong><\/p>\n\n\n\n<p><strong>Sup\u00e9rate Prensa<\/strong>\u00a0&lt;superateprensa@gmail.com> <\/p>\n","protected":false},"excerpt":{"rendered":"<p>La Agencia de Cooperaci\u00f3n Internacional de Corea don\u00f3 a&nbsp;Sup\u00e9rate&nbsp;dos veh\u00edculos que ser\u00e1n destinados&nbsp;para&nbsp;uso institucional. SANTO DOMINGO, 7 de octubre de 2024.-&nbsp;El programa gubernamental de protecci\u00f3n social&nbsp;Sup\u00e9rate, junto a la Agencia de Cooperaci\u00f3n Internacional de Corea (KOICA)&nbsp;y&nbsp;la firma GDC Consulting presentaron un&nbsp;Manual&nbsp;de&nbsp;Capacitaci\u00f3n&nbsp;y&nbsp;Sensibilizaci\u00f3n en&nbsp;G\u00e9nero, el cual ser\u00e1 implementado en los cursos de formaci\u00f3n que se imparten en [&hellip;]<\/p>\n","protected":false},"author":7,"featured_media":565187,"comment_status":"closed","ping_status":"closed","sticky":false,"template":"","format":"standard","meta":{"footnotes":""},"categories":[36],"tags":[389,388],"class_list":["post-565177","post","type-post","status-publish","format-standard","has-post-thumbnail","hentry","category-hombresmujeresycosas","tag-koica","tag-superate"],"_links":{"self":[{"href":"https:\/\/diariodominicano.com\/index.php?rest_route=\/wp\/v2\/posts\/565177","targetHints":{"allow":["GET"]}}],"collection":[{"href":"https:\/\/diariodominicano.com\/index.php?rest_route=\/wp\/v2\/posts"}],"about":[{"href":"https:\/\/diariodominicano.com\/index.php?rest_route=\/wp\/v2\/types\/post"}],"author":[{"embeddable":true,"href":"https:\/\/diariodominicano.com\/index.php?rest_route=\/wp\/v2\/users\/7"}],"replies":[{"embeddable":true,"href":"https:\/\/diariodominicano.com\/index.php?rest_route=%2Fwp%2Fv2%2Fcomments&post=565177"}],"version-history":[{"count":2,"href":"https:\/\/diariodominicano.com\/index.php?rest_route=\/wp\/v2\/posts\/565177\/revisions"}],"predecessor-version":[{"id":565192,"href":"https:\/\/diariodominicano.com\/index.php?rest_route=\/wp\/v2\/posts\/565177\/revisions\/565192"}],"wp:featuredmedia":[{"embeddable":true,"href":"https:\/\/diariodominicano.com\/index.php?rest_route=\/wp\/v2\/media\/565187"}],"wp:attachment":[{"href":"https:\/\/diariodominicano.com\/index.php?rest_route=%2Fwp%2Fv2%2Fmedia&parent=565177"}],"wp:term":[{"taxonomy":"category","embeddable":true,"href":"https:\/\/diariodominicano.com\/index.php?rest_route=%2Fwp%2Fv2%2Fcategories&post=565177"},{"taxonomy":"post_tag","embeddable":true,"href":"https:\/\/diariodominicano.com\/index.php?rest_route=%2Fwp%2Fv2%2Ftags&post=565177"}],"curies":[{"name":"wp","href":"https:\/\/api.w.org\/{rel}","templated":true}]}}