{"id":565174,"date":"2024-10-10T00:42:07","date_gmt":"2024-10-10T04:42:07","guid":{"rendered":"https:\/\/diariodominicano.com\/?p=565174"},"modified":"2024-10-10T00:53:27","modified_gmt":"2024-10-10T04:53:27","slug":"agencia-nefer-anuncia-casting-para-agencias-europeas-y-norteamericanas","status":"publish","type":"post","link":"https:\/\/diariodominicano.com\/?p=565174","title":{"rendered":"Agencia N\u00e9fer anuncia casting para agencias europeas y norteamericanas"},"content":{"rendered":"\n<p>Santo Domingo, R.D. La prestigiosa agencia N\u00e9fer Models Management, dirigida por la reconocida caza talentos Nileny Dippton, anunci\u00f3 para este s\u00e1bado 12 de octubre, la realizaci\u00f3n de un ambicioso casting internacional para agencias europeas y norteamericanas.<\/p>\n\n\n\n<p>En el esperado casting, se escoger\u00e1n las nuevas caras masculinas y femeninas de la siguiente temporada de la moda internacional, que empieza en el mes de enero.<\/p>\n\n\n\n<p>\u201cSon agencias radicadas en Par\u00eds, Mil\u00e1n, Londres, Espa\u00f1a y Estados Unidos. Los seleccionados ser\u00e1n firmados de inmediato y viajar\u00e1n para los pr\u00f3ximos shows de moda que se realicen en dichas ciudades y pa\u00edses\u201d, explic\u00f3 Dippton.<\/p>\n\n\n\n<figure class=\"wp-block-gallery has-nested-images columns-default is-cropped wp-block-gallery-1 is-layout-flex wp-block-gallery-is-layout-flex\">\n<figure class=\"wp-block-image size-large\"><img loading=\"lazy\" decoding=\"async\" width=\"849\" height=\"1024\" data-id=\"565307\" src=\"https:\/\/diariodominicano.com\/wp-content\/uploads\/2024\/10\/Agencia-Nefer-anuncia-ambicioso-casting-agencias-europeas-norteamericanas-849x1024.jpeg\" alt=\"\" class=\"wp-image-565307\" srcset=\"https:\/\/diariodominicano.com\/wp-content\/uploads\/2024\/10\/Agencia-Nefer-anuncia-ambicioso-casting-agencias-europeas-norteamericanas-849x1024.jpeg 849w, https:\/\/diariodominicano.com\/wp-content\/uploads\/2024\/10\/Agencia-Nefer-anuncia-ambicioso-casting-agencias-europeas-norteamericanas-249x300.jpeg 249w, https:\/\/diariodominicano.com\/wp-content\/uploads\/2024\/10\/Agencia-Nefer-anuncia-ambicioso-casting-agencias-europeas-norteamericanas-768x927.jpeg 768w, https:\/\/diariodominicano.com\/wp-content\/uploads\/2024\/10\/Agencia-Nefer-anuncia-ambicioso-casting-agencias-europeas-norteamericanas-816x984.jpeg 816w, https:\/\/diariodominicano.com\/wp-content\/uploads\/2024\/10\/Agencia-Nefer-anuncia-ambicioso-casting-agencias-europeas-norteamericanas.jpeg 1080w\" sizes=\"auto, (max-width: 849px) 100vw, 849px\" \/><\/figure>\n\n\n\n<figure class=\"wp-block-image size-large\"><img loading=\"lazy\" decoding=\"async\" width=\"602\" height=\"1024\" data-id=\"565306\" src=\"https:\/\/diariodominicano.com\/wp-content\/uploads\/2024\/10\/Agencia-Nefer-anuncia-ambicioso-casting-602x1024.jpeg\" alt=\"\" class=\"wp-image-565306\" srcset=\"https:\/\/diariodominicano.com\/wp-content\/uploads\/2024\/10\/Agencia-Nefer-anuncia-ambicioso-casting-602x1024.jpeg 602w, https:\/\/diariodominicano.com\/wp-content\/uploads\/2024\/10\/Agencia-Nefer-anuncia-ambicioso-casting-176x300.jpeg 176w, https:\/\/diariodominicano.com\/wp-content\/uploads\/2024\/10\/Agencia-Nefer-anuncia-ambicioso-casting-768x1307.jpeg 768w, https:\/\/diariodominicano.com\/wp-content\/uploads\/2024\/10\/Agencia-Nefer-anuncia-ambicioso-casting-902x1536.jpeg 902w, https:\/\/diariodominicano.com\/wp-content\/uploads\/2024\/10\/Agencia-Nefer-anuncia-ambicioso-casting-816x1389.jpeg 816w, https:\/\/diariodominicano.com\/wp-content\/uploads\/2024\/10\/Agencia-Nefer-anuncia-ambicioso-casting.jpeg 940w\" sizes=\"auto, (max-width: 602px) 100vw, 602px\" \/><\/figure>\n\n\n\n<figure class=\"wp-block-image size-large\"><img loading=\"lazy\" decoding=\"async\" width=\"683\" height=\"1024\" data-id=\"565305\" src=\"https:\/\/diariodominicano.com\/wp-content\/uploads\/2024\/10\/Agencia-Nefer-anuncia-ambicioso-casting-para-agencias-europeas-norteamericanas-683x1024.jpeg\" alt=\"\" class=\"wp-image-565305\" srcset=\"https:\/\/diariodominicano.com\/wp-content\/uploads\/2024\/10\/Agencia-Nefer-anuncia-ambicioso-casting-para-agencias-europeas-norteamericanas-683x1024.jpeg 683w, https:\/\/diariodominicano.com\/wp-content\/uploads\/2024\/10\/Agencia-Nefer-anuncia-ambicioso-casting-para-agencias-europeas-norteamericanas-200x300.jpeg 200w, https:\/\/diariodominicano.com\/wp-content\/uploads\/2024\/10\/Agencia-Nefer-anuncia-ambicioso-casting-para-agencias-europeas-norteamericanas-768x1152.jpeg 768w, https:\/\/diariodominicano.com\/wp-content\/uploads\/2024\/10\/Agencia-Nefer-anuncia-ambicioso-casting-para-agencias-europeas-norteamericanas-816x1224.jpeg 816w, https:\/\/diariodominicano.com\/wp-content\/uploads\/2024\/10\/Agencia-Nefer-anuncia-ambicioso-casting-para-agencias-europeas-norteamericanas.jpeg 1000w\" sizes=\"auto, (max-width: 683px) 100vw, 683px\" \/><\/figure>\n\n\n\n<figure class=\"wp-block-image size-large\"><img loading=\"lazy\" decoding=\"async\" width=\"1024\" height=\"1024\" data-id=\"565304\" src=\"https:\/\/diariodominicano.com\/wp-content\/uploads\/2024\/10\/Agencia-Nefer-anuncia-ambicioso-casting-para-agencias-europeas-y-norteamericanas-1024x1024.jpeg\" alt=\"\" class=\"wp-image-565304\" srcset=\"https:\/\/diariodominicano.com\/wp-content\/uploads\/2024\/10\/Agencia-Nefer-anuncia-ambicioso-casting-para-agencias-europeas-y-norteamericanas-1024x1024.jpeg 1024w, https:\/\/diariodominicano.com\/wp-content\/uploads\/2024\/10\/Agencia-Nefer-anuncia-ambicioso-casting-para-agencias-europeas-y-norteamericanas-300x300.jpeg 300w, https:\/\/diariodominicano.com\/wp-content\/uploads\/2024\/10\/Agencia-Nefer-anuncia-ambicioso-casting-para-agencias-europeas-y-norteamericanas-150x150.jpeg 150w, https:\/\/diariodominicano.com\/wp-content\/uploads\/2024\/10\/Agencia-Nefer-anuncia-ambicioso-casting-para-agencias-europeas-y-norteamericanas-768x767.jpeg 768w, https:\/\/diariodominicano.com\/wp-content\/uploads\/2024\/10\/Agencia-Nefer-anuncia-ambicioso-casting-para-agencias-europeas-y-norteamericanas-88x88.jpeg 88w, https:\/\/diariodominicano.com\/wp-content\/uploads\/2024\/10\/Agencia-Nefer-anuncia-ambicioso-casting-para-agencias-europeas-y-norteamericanas-816x815.jpeg 816w, https:\/\/diariodominicano.com\/wp-content\/uploads\/2024\/10\/Agencia-Nefer-anuncia-ambicioso-casting-para-agencias-europeas-y-norteamericanas.jpeg 1079w\" sizes=\"auto, (max-width: 1024px) 100vw, 1024px\" \/><\/figure>\n<\/figure>\n\n\n\n<p>En ese mismo orden, Dippton detall\u00f3 que<br>el casting se realizar\u00e1 de 9:00 A. M. a 1:00 P. M. en las instalaciones de la agencia N\u00e9fer.<\/p>\n\n\n\n<p>\u201cLas chicas deben tener entre 14 y 24 a\u00f1os, altas y delgadas; con estatura desde 5&#8242; 8&#8243; pulgadas y 6&#8242; 0&#8243; y los chicos de 6&#8242; 0&#8243; hasta 6&#8242; 3&#8243; pulgadas. Deben venir vestidos con ropa simple neutra y sin maquillar\u00bb, explic\u00f3 Dippton.<\/p>\n\n\n\n<p>Los interesados en obtener m\u00e1s informaci\u00f3n pueden escribir al correo neferagency@hotmail.com o<br>acceder al Instagram @nefermodelsmanagement. Por igual, llamar al tel\u00e9fono (809) 605-9999<\/p>\n\n\n\n<p>Tyrone Dotel <\/p>\n","protected":false},"excerpt":{"rendered":"<p>Santo Domingo, R.D. La prestigiosa agencia N\u00e9fer Models Management, dirigida por la reconocida caza talentos Nileny Dippton, anunci\u00f3 para este s\u00e1bado 12 de octubre, la realizaci\u00f3n de un ambicioso casting internacional para agencias europeas y norteamericanas. En el esperado casting, se escoger\u00e1n las nuevas caras masculinas y femeninas de la siguiente temporada de la moda [&hellip;]<\/p>\n","protected":false},"author":7,"featured_media":565301,"comment_status":"closed","ping_status":"closed","sticky":false,"template":"","format":"standard","meta":{"footnotes":""},"categories":[25],"tags":[],"class_list":["post-565174","post","type-post","status-publish","format-standard","has-post-thumbnail","hentry","category-gente"],"_links":{"self":[{"href":"https:\/\/diariodominicano.com\/index.php?rest_route=\/wp\/v2\/posts\/565174","targetHints":{"allow":["GET"]}}],"collection":[{"href":"https:\/\/diariodominicano.com\/index.php?rest_route=\/wp\/v2\/posts"}],"about":[{"href":"https:\/\/diariodominicano.com\/index.php?rest_route=\/wp\/v2\/types\/post"}],"author":[{"embeddable":true,"href":"https:\/\/diariodominicano.com\/index.php?rest_route=\/wp\/v2\/users\/7"}],"replies":[{"embeddable":true,"href":"https:\/\/diariodominicano.com\/index.php?rest_route=%2Fwp%2Fv2%2Fcomments&post=565174"}],"version-history":[{"count":2,"href":"https:\/\/diariodominicano.com\/index.php?rest_route=\/wp\/v2\/posts\/565174\/revisions"}],"predecessor-version":[{"id":565316,"href":"https:\/\/diariodominicano.com\/index.php?rest_route=\/wp\/v2\/posts\/565174\/revisions\/565316"}],"wp:featuredmedia":[{"embeddable":true,"href":"https:\/\/diariodominicano.com\/index.php?rest_route=\/wp\/v2\/media\/565301"}],"wp:attachment":[{"href":"https:\/\/diariodominicano.com\/index.php?rest_route=%2Fwp%2Fv2%2Fmedia&parent=565174"}],"wp:term":[{"taxonomy":"category","embeddable":true,"href":"https:\/\/diariodominicano.com\/index.php?rest_route=%2Fwp%2Fv2%2Fcategories&post=565174"},{"taxonomy":"post_tag","embeddable":true,"href":"https:\/\/diariodominicano.com\/index.php?rest_route=%2Fwp%2Fv2%2Ftags&post=565174"}],"curies":[{"name":"wp","href":"https:\/\/api.w.org\/{rel}","templated":true}]}}