{"id":56506,"date":"2020-02-09T01:00:16","date_gmt":"2020-02-09T01:00:16","guid":{"rendered":"http:\/\/diariodominicano.ddns.net\/?p=56506"},"modified":"2020-02-09T01:00:16","modified_gmt":"2020-02-09T01:00:16","slug":"este-domingo-se-vera-la-primera-superluna-del-ano","status":"publish","type":"post","link":"https:\/\/diariodominicano.com\/?p=56506","title":{"rendered":"Este domingo se ver\u00e1 la primera superluna del a\u00f1o"},"content":{"rendered":"<p><body><\/p>\n<p><img decoding=\"async\" src=\"img3\/superluna-e1581221062459-580x314.jpg\" \/>  <\/p>\n<p><strong>Diariodominicano.com<\/strong><\/p>\n<p><strong>Este domingo se ver\u00e1 la primera superluna del a\u00f1o<\/strong><\/p>\n<p><strong>En este art\u00edculo: Astronom\u00eda, Luna, Luna Llena, NASA<\/strong><\/p>\n<\/p>\n<p><strong> <\/strong><\/p>\n<p><strong> <\/strong><\/p>\n<p><strong>CUBADEBATE.-<\/strong> Este fin de semana se podr\u00e1 ver la primera Superluna del a\u00f1o, en concreto la Luna de Nieve, llamada as\u00ed debido a las \u00e9pocas de nevadas que la suelen acompa\u00f1ar. El t\u00e9rmino, definido por el astr\u00f3logo Richard Nolle en 1979, se refiere a la coincidencia de la luna llena con su m\u00e1ximo punto de acercamiento a la tierra, suceso conocido como perigeo. Este hecho ser\u00e1 el que marque el final de las celebraciones del A\u00f1o Nuevo chino.<\/p>\n<\/p>\n<p>El mejor momento para ver la Superluna ser\u00e1 el domingo 9 de febrero, concretamente a las 8:33 horas de la ma\u00f1ana (hora peninsular), aunque podr\u00e1 verse durante todo el fin de semana, seg\u00fan el Observatorio Astron\u00f3mico Nacional. Tambi\u00e9n recomiendan acercarse a sitios alejados y con poca contaminaci\u00f3n lum\u00ednica, con cierta altura y amplias vistas, ya que no se requerir\u00e1 el uso de aparatos especiales.<\/p>\n<\/p>\n<p>Tal y como explica la NASA, la Luna que aparecer\u00e1 durante este fin de semana ser\u00e1 la cuarta m\u00e1s grande de todo el a\u00f1o. Estas superlunas solo aparecen cuando la distancia de la luna nueva respecto al perigeo es mayor o igual al 90%, y como consecuencia, su di\u00e1metro puede llegar a aumentar hasta un 14% e incluso alcanzar un 30% m\u00e1s del brillo habitual.<\/p>\n<\/p>\n<p>El nombre de Luna de Nieve, tal y como explica la Agencia especial americana, tiene su origen en algunas tribus de indios nativos americanos, los cuales segu\u00edan las estaciones del a\u00f1o d\u00e1ndole un nombre distinto a cada luna llena. Al rev\u00e9s de lo que ocurre con los eclipses de Sol, la Superluna tendr\u00e1 un tono m\u00e1s rojizo, ya que la atm\u00f3sfera env\u00eda los rayos del Sol hacia la Luna, pero a longitudes de onda m\u00e1s largas.<\/p>\n<\/p>\n<p>(Con informaci\u00f3n de La Vanguardia)<\/p>\n<h6> 2020-02-09 01:00:16 <\/h6>\n<p><!--\n<link rel=\"stylesheet\" href=\"css\/bootstrap.min.css\">\n\n\n<ul class=\"pagination\">\n\t    \n\t\n\n<li >\n\t<a href='?page_no=842'>Previous<\/a>\n\t<\/li>\n\n\n       \n    \n\n<li><a href='?page_no=1'>1<\/a><\/li>\n\n\n\n<li><a href='?page_no=2'>2<\/a><\/li>\n\n\n\n<li><a>...<\/a><\/li>\n\n\n\n<li><a href='?page_no=841'>841<\/a><\/li>\n\n\n\n<li><a href='?page_no=842'>842<\/a><\/li>\n\n\n\n<li class='active'><a>843<\/a><\/li>\n\n\n\n<li><a href='?page_no=844'>844<\/a><\/li>\n\n\n\n<li><a href='?page_no=845'>845<\/a><\/li>\n\n\n\n<li><a>...<\/a><\/li>\n\n\n\n<li><a href='?page_no=22911'>22911<\/a><\/li>\n\n\n\n<li><a href='?page_no=22912'>22912<\/a><\/li>\n\n    \n\t\n\n<li >\n\t<a href='?page_no=844'>Next<\/a>\n\t<\/li>\n\n\n    \n\n<li><a href='?page_no=22912'>Last &rsaquo;&rsaquo;<\/a><\/li>\n\n<\/ul>\n\n\n--><br \/>\n<\/body><\/p>\n","protected":false},"excerpt":{"rendered":"<p>Diariodominicano.com Este domingo se ver\u00e1 la primera superluna del a\u00f1o En este art\u00edculo: Astronom\u00eda, Luna, Luna Llena, NASA CUBADEBATE.- Este fin de semana se podr\u00e1 ver la primera Superluna del a\u00f1o, en concreto la Luna de Nieve, llamada as\u00ed debido a las \u00e9pocas de nevadas que la suelen acompa\u00f1ar. El t\u00e9rmino, definido por el astr\u00f3logo [&hellip;]<\/p>\n","protected":false},"author":3,"featured_media":0,"comment_status":"open","ping_status":"open","sticky":false,"template":"","format":"standard","meta":{"footnotes":""},"categories":[21],"tags":[],"class_list":["post-56506","post","type-post","status-publish","format-standard","hentry","category-cultura"],"_links":{"self":[{"href":"https:\/\/diariodominicano.com\/index.php?rest_route=\/wp\/v2\/posts\/56506","targetHints":{"allow":["GET"]}}],"collection":[{"href":"https:\/\/diariodominicano.com\/index.php?rest_route=\/wp\/v2\/posts"}],"about":[{"href":"https:\/\/diariodominicano.com\/index.php?rest_route=\/wp\/v2\/types\/post"}],"author":[{"embeddable":true,"href":"https:\/\/diariodominicano.com\/index.php?rest_route=\/wp\/v2\/users\/3"}],"replies":[{"embeddable":true,"href":"https:\/\/diariodominicano.com\/index.php?rest_route=%2Fwp%2Fv2%2Fcomments&post=56506"}],"version-history":[{"count":0,"href":"https:\/\/diariodominicano.com\/index.php?rest_route=\/wp\/v2\/posts\/56506\/revisions"}],"wp:attachment":[{"href":"https:\/\/diariodominicano.com\/index.php?rest_route=%2Fwp%2Fv2%2Fmedia&parent=56506"}],"wp:term":[{"taxonomy":"category","embeddable":true,"href":"https:\/\/diariodominicano.com\/index.php?rest_route=%2Fwp%2Fv2%2Fcategories&post=56506"},{"taxonomy":"post_tag","embeddable":true,"href":"https:\/\/diariodominicano.com\/index.php?rest_route=%2Fwp%2Fv2%2Ftags&post=56506"}],"curies":[{"name":"wp","href":"https:\/\/api.w.org\/{rel}","templated":true}]}}