{"id":565050,"date":"2024-10-09T12:25:04","date_gmt":"2024-10-09T16:25:04","guid":{"rendered":"https:\/\/diariodominicano.com\/?p=565050"},"modified":"2024-10-09T12:25:06","modified_gmt":"2024-10-09T16:25:06","slug":"el-club-de-gestion-de-riesgos-de-la-republica-dominicana-cgrrd-celebro-la-ii-jornada-anual-de-riesgos-ii-jar-2024","status":"publish","type":"post","link":"https:\/\/diariodominicano.com\/?p=565050","title":{"rendered":"El Club de Gesti\u00f3n de Riesgos de la Rep\u00fablica Dominicana (CGRRD) celebr\u00f3 la II Jornada Anual de Riesgos (II JAR 2024)"},"content":{"rendered":"\n<p>&nbsp;El Club de Gesti\u00f3n de Riesgos de la Rep\u00fablica Dominicana (CGRRD) celebr\u00f3 la II Jornada Anual de Riesgos (II JAR 2024), titulada \u201cFortaleciendo la cultura y la gesti\u00f3n de los riesgos\u201d.<\/p>\n\n\n\n<p>Carlos J. Rijo Mont\u00e1s, fundador y actual presidente del CGRRD, estuvo acompa\u00f1ado de la directiva del club en este encuentro que reuni\u00f3 personas del \u00e1rea de intermediaci\u00f3n financiera, seguros, mercado de valores y capitales, cooperativas, pensiones, consultores y asesores financieros, entre otros.<\/p>\n\n\n\n<figure class=\"wp-block-gallery has-nested-images columns-default is-cropped wp-block-gallery-1 is-layout-flex wp-block-gallery-is-layout-flex\">\n<figure class=\"wp-block-image size-large\"><img loading=\"lazy\" decoding=\"async\" width=\"683\" height=\"1024\" data-id=\"565073\" src=\"https:\/\/diariodominicano.com\/wp-content\/uploads\/2024\/10\/Claudia-Rodriguez-y-Joalis-Suriel-683x1024.png\" alt=\"\" class=\"wp-image-565073\" srcset=\"https:\/\/diariodominicano.com\/wp-content\/uploads\/2024\/10\/Claudia-Rodriguez-y-Joalis-Suriel-683x1024.png 683w, https:\/\/diariodominicano.com\/wp-content\/uploads\/2024\/10\/Claudia-Rodriguez-y-Joalis-Suriel-200x300.png 200w, https:\/\/diariodominicano.com\/wp-content\/uploads\/2024\/10\/Claudia-Rodriguez-y-Joalis-Suriel-768x1152.png 768w, https:\/\/diariodominicano.com\/wp-content\/uploads\/2024\/10\/Claudia-Rodriguez-y-Joalis-Suriel-1024x1536.png 1024w, https:\/\/diariodominicano.com\/wp-content\/uploads\/2024\/10\/Claudia-Rodriguez-y-Joalis-Suriel-1365x2048.png 1365w, https:\/\/diariodominicano.com\/wp-content\/uploads\/2024\/10\/Claudia-Rodriguez-y-Joalis-Suriel-816x1224.png 816w, https:\/\/diariodominicano.com\/wp-content\/uploads\/2024\/10\/Claudia-Rodriguez-y-Joalis-Suriel.png 1500w\" sizes=\"auto, (max-width: 683px) 100vw, 683px\" \/><figcaption class=\"wp-element-caption\">Claudia Rodr\u00edguez y Joalis Suriel <\/figcaption><\/figure>\n\n\n\n<figure class=\"wp-block-image size-large\"><img loading=\"lazy\" decoding=\"async\" width=\"683\" height=\"1024\" data-id=\"565076\" src=\"https:\/\/diariodominicano.com\/wp-content\/uploads\/2024\/10\/Francisco-Estevez-Vallery-Lesta-y-Herson-Corona-683x1024.jpg\" alt=\"\" class=\"wp-image-565076\" srcset=\"https:\/\/diariodominicano.com\/wp-content\/uploads\/2024\/10\/Francisco-Estevez-Vallery-Lesta-y-Herson-Corona-683x1024.jpg 683w, https:\/\/diariodominicano.com\/wp-content\/uploads\/2024\/10\/Francisco-Estevez-Vallery-Lesta-y-Herson-Corona-200x300.jpg 200w, https:\/\/diariodominicano.com\/wp-content\/uploads\/2024\/10\/Francisco-Estevez-Vallery-Lesta-y-Herson-Corona-768x1152.jpg 768w, https:\/\/diariodominicano.com\/wp-content\/uploads\/2024\/10\/Francisco-Estevez-Vallery-Lesta-y-Herson-Corona-1024x1536.jpg 1024w, https:\/\/diariodominicano.com\/wp-content\/uploads\/2024\/10\/Francisco-Estevez-Vallery-Lesta-y-Herson-Corona-1365x2048.jpg 1365w, https:\/\/diariodominicano.com\/wp-content\/uploads\/2024\/10\/Francisco-Estevez-Vallery-Lesta-y-Herson-Corona-816x1224.jpg 816w, https:\/\/diariodominicano.com\/wp-content\/uploads\/2024\/10\/Francisco-Estevez-Vallery-Lesta-y-Herson-Corona.jpg 1500w\" sizes=\"auto, (max-width: 683px) 100vw, 683px\" \/><figcaption class=\"wp-element-caption\">Francisco Est\u00e9vez, Vallery Lesta y Herson Corona <\/figcaption><\/figure>\n<\/figure>\n\n\n\n<p>\u201cEstamos convencidos que una adecuada gesti\u00f3n de riesgos, acompa\u00f1ada de un marco de gesti\u00f3n bien dise\u00f1ado, ejecutado y correctamente comunicado, sumado a una cultura de riesgos madura, impregnada en cada una de las decisiones estrat\u00e9gicas y de negocios que se tome, es una de las claves del \u00e9xito para preservar el buen desempe\u00f1o, la robustez financiera y la resiliencia operacional de cada entidad, siendo esto a su vez, pilar fundamental para la estabilidad econ\u00f3mica y financiera de nuestra sociedad\u201d, dijo Rijo Mont\u00e1s.<\/p>\n\n\n\n<figure class=\"wp-block-gallery has-nested-images columns-default is-cropped wp-block-gallery-2 is-layout-flex wp-block-gallery-is-layout-flex\">\n<figure class=\"wp-block-image size-large\"><img loading=\"lazy\" decoding=\"async\" width=\"683\" height=\"1024\" data-id=\"565086\" src=\"https:\/\/diariodominicano.com\/wp-content\/uploads\/2024\/10\/Maribel-Concepcion-y-Carlos-Rodriguez-683x1024.jpg\" alt=\"\" class=\"wp-image-565086\" srcset=\"https:\/\/diariodominicano.com\/wp-content\/uploads\/2024\/10\/Maribel-Concepcion-y-Carlos-Rodriguez-683x1024.jpg 683w, https:\/\/diariodominicano.com\/wp-content\/uploads\/2024\/10\/Maribel-Concepcion-y-Carlos-Rodriguez-200x300.jpg 200w, https:\/\/diariodominicano.com\/wp-content\/uploads\/2024\/10\/Maribel-Concepcion-y-Carlos-Rodriguez-768x1152.jpg 768w, https:\/\/diariodominicano.com\/wp-content\/uploads\/2024\/10\/Maribel-Concepcion-y-Carlos-Rodriguez-1024x1536.jpg 1024w, https:\/\/diariodominicano.com\/wp-content\/uploads\/2024\/10\/Maribel-Concepcion-y-Carlos-Rodriguez-1365x2048.jpg 1365w, https:\/\/diariodominicano.com\/wp-content\/uploads\/2024\/10\/Maribel-Concepcion-y-Carlos-Rodriguez-816x1224.jpg 816w, https:\/\/diariodominicano.com\/wp-content\/uploads\/2024\/10\/Maribel-Concepcion-y-Carlos-Rodriguez.jpg 1500w\" sizes=\"auto, (max-width: 683px) 100vw, 683px\" \/><figcaption class=\"wp-element-caption\">Maribel Concepci\u00f3n y Carlos Rodr\u00edguez <\/figcaption><\/figure>\n\n\n\n<figure class=\"wp-block-image size-large\"><img loading=\"lazy\" decoding=\"async\" width=\"683\" height=\"1024\" data-id=\"565080\" src=\"https:\/\/diariodominicano.com\/wp-content\/uploads\/2024\/10\/Patricia-Orizondo-Carlos-Rodriguez-y-Tania-Gomez-683x1024.png\" alt=\"\" class=\"wp-image-565080\" srcset=\"https:\/\/diariodominicano.com\/wp-content\/uploads\/2024\/10\/Patricia-Orizondo-Carlos-Rodriguez-y-Tania-Gomez-683x1024.png 683w, https:\/\/diariodominicano.com\/wp-content\/uploads\/2024\/10\/Patricia-Orizondo-Carlos-Rodriguez-y-Tania-Gomez-200x300.png 200w, https:\/\/diariodominicano.com\/wp-content\/uploads\/2024\/10\/Patricia-Orizondo-Carlos-Rodriguez-y-Tania-Gomez-768x1152.png 768w, https:\/\/diariodominicano.com\/wp-content\/uploads\/2024\/10\/Patricia-Orizondo-Carlos-Rodriguez-y-Tania-Gomez-1024x1536.png 1024w, https:\/\/diariodominicano.com\/wp-content\/uploads\/2024\/10\/Patricia-Orizondo-Carlos-Rodriguez-y-Tania-Gomez-1365x2048.png 1365w, https:\/\/diariodominicano.com\/wp-content\/uploads\/2024\/10\/Patricia-Orizondo-Carlos-Rodriguez-y-Tania-Gomez-816x1224.png 816w, https:\/\/diariodominicano.com\/wp-content\/uploads\/2024\/10\/Patricia-Orizondo-Carlos-Rodriguez-y-Tania-Gomez.png 1500w\" sizes=\"auto, (max-width: 683px) 100vw, 683px\" \/><figcaption class=\"wp-element-caption\">Patricia Orizondo, Carlos Rodr\u00edguez y Tania G\u00f3mez<\/figcaption><\/figure>\n<\/figure>\n\n\n\n<p>Los participantes estuvieron inmersos durante dos d\u00edas, en un hotel de Santo Domingo, conociendo las \u00faltimas tendencias y perspectivas de la gesti\u00f3n de riesgos para los gestores de todo el sistema financiero integrado, de la mano de expertos locales e internacionales de primera l\u00ednea e importantes representantes de autoridades locales.<\/p>\n\n\n\n<figure class=\"wp-block-gallery has-nested-images columns-default is-cropped wp-block-gallery-3 is-layout-flex wp-block-gallery-is-layout-flex\">\n<figure class=\"wp-block-image size-large\"><img loading=\"lazy\" decoding=\"async\" width=\"683\" height=\"1024\" data-id=\"565078\" src=\"https:\/\/diariodominicano.com\/wp-content\/uploads\/2024\/10\/Maribel-Concepcion-y-Carlos-Rodriguez-683x1024.png\" alt=\"\" class=\"wp-image-565078\" srcset=\"https:\/\/diariodominicano.com\/wp-content\/uploads\/2024\/10\/Maribel-Concepcion-y-Carlos-Rodriguez-683x1024.png 683w, https:\/\/diariodominicano.com\/wp-content\/uploads\/2024\/10\/Maribel-Concepcion-y-Carlos-Rodriguez-200x300.png 200w, https:\/\/diariodominicano.com\/wp-content\/uploads\/2024\/10\/Maribel-Concepcion-y-Carlos-Rodriguez-768x1152.png 768w, https:\/\/diariodominicano.com\/wp-content\/uploads\/2024\/10\/Maribel-Concepcion-y-Carlos-Rodriguez-1024x1536.png 1024w, https:\/\/diariodominicano.com\/wp-content\/uploads\/2024\/10\/Maribel-Concepcion-y-Carlos-Rodriguez-1365x2048.png 1365w, https:\/\/diariodominicano.com\/wp-content\/uploads\/2024\/10\/Maribel-Concepcion-y-Carlos-Rodriguez-816x1224.png 816w, https:\/\/diariodominicano.com\/wp-content\/uploads\/2024\/10\/Maribel-Concepcion-y-Carlos-Rodriguez.png 1500w\" sizes=\"auto, (max-width: 683px) 100vw, 683px\" \/><figcaption class=\"wp-element-caption\">Maribel Concepci\u00f3n y Carlos Rodr\u00edguez <\/figcaption><\/figure>\n\n\n\n<figure class=\"wp-block-image size-large\"><img loading=\"lazy\" decoding=\"async\" width=\"720\" height=\"1024\" data-id=\"565077\" src=\"https:\/\/diariodominicano.com\/wp-content\/uploads\/2024\/10\/Gabriela-Olivo-Stefan-Bolta-y-Priscilla-Morales-720x1024.jpg\" alt=\"\" class=\"wp-image-565077\" srcset=\"https:\/\/diariodominicano.com\/wp-content\/uploads\/2024\/10\/Gabriela-Olivo-Stefan-Bolta-y-Priscilla-Morales-720x1024.jpg 720w, https:\/\/diariodominicano.com\/wp-content\/uploads\/2024\/10\/Gabriela-Olivo-Stefan-Bolta-y-Priscilla-Morales-211x300.jpg 211w, https:\/\/diariodominicano.com\/wp-content\/uploads\/2024\/10\/Gabriela-Olivo-Stefan-Bolta-y-Priscilla-Morales-768x1092.jpg 768w, https:\/\/diariodominicano.com\/wp-content\/uploads\/2024\/10\/Gabriela-Olivo-Stefan-Bolta-y-Priscilla-Morales-1081x1536.jpg 1081w, https:\/\/diariodominicano.com\/wp-content\/uploads\/2024\/10\/Gabriela-Olivo-Stefan-Bolta-y-Priscilla-Morales-1441x2048.jpg 1441w, https:\/\/diariodominicano.com\/wp-content\/uploads\/2024\/10\/Gabriela-Olivo-Stefan-Bolta-y-Priscilla-Morales-816x1160.jpg 816w, https:\/\/diariodominicano.com\/wp-content\/uploads\/2024\/10\/Gabriela-Olivo-Stefan-Bolta-y-Priscilla-Morales.jpg 1500w\" sizes=\"auto, (max-width: 720px) 100vw, 720px\" \/><figcaption class=\"wp-element-caption\">Gabriela Olivo, Stefan Bolta y Priscilla Morales <\/figcaption><\/figure>\n<\/figure>\n\n\n\n<p>La jornada cont\u00f3 con la participaci\u00f3n de expositores de Rep\u00fablica Dominicana, Estados Unidos, M\u00e9xico, Per\u00fa, Venezuela, Colombia, Espa\u00f1a, Costa Rica, Panam\u00e1, Brasil y Uruguay.<\/p>\n\n\n\n<figure class=\"wp-block-gallery has-nested-images columns-default is-cropped wp-block-gallery-4 is-layout-flex wp-block-gallery-is-layout-flex\">\n<figure class=\"wp-block-image size-large\"><img loading=\"lazy\" decoding=\"async\" width=\"1024\" height=\"777\" data-id=\"565081\" src=\"https:\/\/diariodominicano.com\/wp-content\/uploads\/2024\/10\/Pedro-Rosario-Jharol-Guevara-Janet-Zarzuela-Leslie-Guerra-Ivan-Tejeda-1024x777.jpg\" alt=\"\" class=\"wp-image-565081\" srcset=\"https:\/\/diariodominicano.com\/wp-content\/uploads\/2024\/10\/Pedro-Rosario-Jharol-Guevara-Janet-Zarzuela-Leslie-Guerra-Ivan-Tejeda-1024x777.jpg 1024w, https:\/\/diariodominicano.com\/wp-content\/uploads\/2024\/10\/Pedro-Rosario-Jharol-Guevara-Janet-Zarzuela-Leslie-Guerra-Ivan-Tejeda-300x228.jpg 300w, https:\/\/diariodominicano.com\/wp-content\/uploads\/2024\/10\/Pedro-Rosario-Jharol-Guevara-Janet-Zarzuela-Leslie-Guerra-Ivan-Tejeda-768x583.jpg 768w, https:\/\/diariodominicano.com\/wp-content\/uploads\/2024\/10\/Pedro-Rosario-Jharol-Guevara-Janet-Zarzuela-Leslie-Guerra-Ivan-Tejeda-1536x1165.jpg 1536w, https:\/\/diariodominicano.com\/wp-content\/uploads\/2024\/10\/Pedro-Rosario-Jharol-Guevara-Janet-Zarzuela-Leslie-Guerra-Ivan-Tejeda-816x619.jpg 816w, https:\/\/diariodominicano.com\/wp-content\/uploads\/2024\/10\/Pedro-Rosario-Jharol-Guevara-Janet-Zarzuela-Leslie-Guerra-Ivan-Tejeda.jpg 1977w\" sizes=\"auto, (max-width: 1024px) 100vw, 1024px\" \/><figcaption class=\"wp-element-caption\">Pedro Rosario, Jharol Guevara, Janet Zarzuela, Leslie Guerra, Iv\u00e1n Tejeda <\/figcaption><\/figure>\n<\/figure>\n\n\n\n<p>El Superintendente de Bancos de Rep\u00fablica Dominicana, Alejandro Fern\u00e1ndez, tuvo a su cargo la charla magistral de clausura.<\/p>\n\n\n\n<p>Los directivos del CGRRD agradecieron a los patrocinadores Elite: Deloitte, Banco Santa Cruz y PWC, as\u00ed como a todos los que contribuyeron para que este evento fuera una realidad.<\/p>\n\n\n\n<figure class=\"wp-block-gallery has-nested-images columns-default is-cropped wp-block-gallery-5 is-layout-flex wp-block-gallery-is-layout-flex\">\n<figure class=\"wp-block-image size-large\"><img loading=\"lazy\" decoding=\"async\" width=\"1024\" height=\"683\" data-id=\"565082\" src=\"https:\/\/diariodominicano.com\/wp-content\/uploads\/2024\/10\/Wilton-Garcia-Angeline-Santos-Cibeles-Jimenez-y-Carlos-Saint-Hilare-1024x683.jpg\" alt=\"\" class=\"wp-image-565082\" srcset=\"https:\/\/diariodominicano.com\/wp-content\/uploads\/2024\/10\/Wilton-Garcia-Angeline-Santos-Cibeles-Jimenez-y-Carlos-Saint-Hilare-1024x683.jpg 1024w, https:\/\/diariodominicano.com\/wp-content\/uploads\/2024\/10\/Wilton-Garcia-Angeline-Santos-Cibeles-Jimenez-y-Carlos-Saint-Hilare-300x200.jpg 300w, https:\/\/diariodominicano.com\/wp-content\/uploads\/2024\/10\/Wilton-Garcia-Angeline-Santos-Cibeles-Jimenez-y-Carlos-Saint-Hilare-768x512.jpg 768w, https:\/\/diariodominicano.com\/wp-content\/uploads\/2024\/10\/Wilton-Garcia-Angeline-Santos-Cibeles-Jimenez-y-Carlos-Saint-Hilare-1536x1024.jpg 1536w, https:\/\/diariodominicano.com\/wp-content\/uploads\/2024\/10\/Wilton-Garcia-Angeline-Santos-Cibeles-Jimenez-y-Carlos-Saint-Hilare-2048x1365.jpg 2048w, https:\/\/diariodominicano.com\/wp-content\/uploads\/2024\/10\/Wilton-Garcia-Angeline-Santos-Cibeles-Jimenez-y-Carlos-Saint-Hilare-816x544.jpg 816w\" sizes=\"auto, (max-width: 1024px) 100vw, 1024px\" \/><figcaption class=\"wp-element-caption\">Wilton Garc\u00eda, Angeline Santos, Cibeles Jim\u00e9nez y Carlos Saint-Hilare<\/figcaption><\/figure>\n<\/figure>\n\n\n\n<p>Acerca del CGRRD<\/p>\n\n\n\n<p>El Club de Gesti\u00f3n de Riesgos de Rep\u00fablica Dominicana (CGRRD) tiene como finalidad promover la cultura de riesgos, fomentar el intercambio de ideas, investigaci\u00f3n, experiencias y contraste de opiniones entre los miembros. Es una asociaci\u00f3n de car\u00e1cter privado, independiente y apol\u00edtico, no adscrita a ning\u00fan organismo ni instituci\u00f3n, la cual se rige por lo dispuesto en la Ley n\u00famero 122-05<\/p>\n\n\n\n<figure class=\"wp-block-gallery has-nested-images columns-default is-cropped wp-block-gallery-6 is-layout-flex wp-block-gallery-is-layout-flex\">\n<figure class=\"wp-block-image size-large\"><img loading=\"lazy\" decoding=\"async\" width=\"1024\" height=\"683\" data-id=\"565079\" src=\"https:\/\/diariodominicano.com\/wp-content\/uploads\/2024\/10\/Nelson-De-Los-Santos-Omar-Bairan-Cibeles-Jimenez-Cristina-De-Castro-Rosanna-Ruiz-Manuel-A.-Cocco-Carlos-Rijo-y-Stefan-Bolta-1024x683.jpg\" alt=\"\" class=\"wp-image-565079\" srcset=\"https:\/\/diariodominicano.com\/wp-content\/uploads\/2024\/10\/Nelson-De-Los-Santos-Omar-Bairan-Cibeles-Jimenez-Cristina-De-Castro-Rosanna-Ruiz-Manuel-A.-Cocco-Carlos-Rijo-y-Stefan-Bolta-1024x683.jpg 1024w, https:\/\/diariodominicano.com\/wp-content\/uploads\/2024\/10\/Nelson-De-Los-Santos-Omar-Bairan-Cibeles-Jimenez-Cristina-De-Castro-Rosanna-Ruiz-Manuel-A.-Cocco-Carlos-Rijo-y-Stefan-Bolta-300x200.jpg 300w, https:\/\/diariodominicano.com\/wp-content\/uploads\/2024\/10\/Nelson-De-Los-Santos-Omar-Bairan-Cibeles-Jimenez-Cristina-De-Castro-Rosanna-Ruiz-Manuel-A.-Cocco-Carlos-Rijo-y-Stefan-Bolta-768x512.jpg 768w, https:\/\/diariodominicano.com\/wp-content\/uploads\/2024\/10\/Nelson-De-Los-Santos-Omar-Bairan-Cibeles-Jimenez-Cristina-De-Castro-Rosanna-Ruiz-Manuel-A.-Cocco-Carlos-Rijo-y-Stefan-Bolta-1536x1024.jpg 1536w, https:\/\/diariodominicano.com\/wp-content\/uploads\/2024\/10\/Nelson-De-Los-Santos-Omar-Bairan-Cibeles-Jimenez-Cristina-De-Castro-Rosanna-Ruiz-Manuel-A.-Cocco-Carlos-Rijo-y-Stefan-Bolta-2048x1365.jpg 2048w, https:\/\/diariodominicano.com\/wp-content\/uploads\/2024\/10\/Nelson-De-Los-Santos-Omar-Bairan-Cibeles-Jimenez-Cristina-De-Castro-Rosanna-Ruiz-Manuel-A.-Cocco-Carlos-Rijo-y-Stefan-Bolta-816x544.jpg 816w\" sizes=\"auto, (max-width: 1024px) 100vw, 1024px\" \/><figcaption class=\"wp-element-caption\">Nelson De Los Santos, Omar Bair\u00e1n, Cibeles Jim\u00e9nez, Cristina De Castro, Rosanna Ru\u00edz, Manuel A. Cocco, Carlos Rijo y Stefan Bolta<\/figcaption><\/figure>\n\n\n\n<figure class=\"wp-block-image size-large\"><img loading=\"lazy\" decoding=\"async\" width=\"1024\" height=\"683\" data-id=\"565074\" src=\"https:\/\/diariodominicano.com\/wp-content\/uploads\/2024\/10\/Claudia-Rodriguez-Felix-Rodriguez-Katherine-Duran-Yomarky-Castillo-y-Jose-Rodriguez-1024x683.jpg\" alt=\"\" class=\"wp-image-565074\" srcset=\"https:\/\/diariodominicano.com\/wp-content\/uploads\/2024\/10\/Claudia-Rodriguez-Felix-Rodriguez-Katherine-Duran-Yomarky-Castillo-y-Jose-Rodriguez-1024x683.jpg 1024w, https:\/\/diariodominicano.com\/wp-content\/uploads\/2024\/10\/Claudia-Rodriguez-Felix-Rodriguez-Katherine-Duran-Yomarky-Castillo-y-Jose-Rodriguez-300x200.jpg 300w, https:\/\/diariodominicano.com\/wp-content\/uploads\/2024\/10\/Claudia-Rodriguez-Felix-Rodriguez-Katherine-Duran-Yomarky-Castillo-y-Jose-Rodriguez-768x512.jpg 768w, https:\/\/diariodominicano.com\/wp-content\/uploads\/2024\/10\/Claudia-Rodriguez-Felix-Rodriguez-Katherine-Duran-Yomarky-Castillo-y-Jose-Rodriguez-1536x1024.jpg 1536w, https:\/\/diariodominicano.com\/wp-content\/uploads\/2024\/10\/Claudia-Rodriguez-Felix-Rodriguez-Katherine-Duran-Yomarky-Castillo-y-Jose-Rodriguez-2048x1365.jpg 2048w, https:\/\/diariodominicano.com\/wp-content\/uploads\/2024\/10\/Claudia-Rodriguez-Felix-Rodriguez-Katherine-Duran-Yomarky-Castillo-y-Jose-Rodriguez-816x544.jpg 816w\" sizes=\"auto, (max-width: 1024px) 100vw, 1024px\" \/><figcaption class=\"wp-element-caption\">Claudia Rodr\u00edguez, F\u00e9lix Rodr\u00edguez, Katherine Duran, Yomarky Castillo y Jos\u00e9 Rodr\u00edguez <\/figcaption><\/figure>\n<\/figure>\n\n\n\n<p><strong>Joel Vasquez<\/strong>\u00a0&lt;joel.vasquezramos@gmail.com> <\/p>\n","protected":false},"excerpt":{"rendered":"<p>&nbsp;El Club de Gesti\u00f3n de Riesgos de la Rep\u00fablica Dominicana (CGRRD) celebr\u00f3 la II Jornada Anual de Riesgos (II JAR 2024), titulada \u201cFortaleciendo la cultura y la gesti\u00f3n de los riesgos\u201d. Carlos J. Rijo Mont\u00e1s, fundador y actual presidente del CGRRD, estuvo acompa\u00f1ado de la directiva del club en este encuentro que reuni\u00f3 personas del [&hellip;]<\/p>\n","protected":false},"author":7,"featured_media":565074,"comment_status":"closed","ping_status":"closed","sticky":false,"template":"","format":"standard","meta":{"footnotes":""},"categories":[25],"tags":[383,384,382],"class_list":["post-565050","post","type-post","status-publish","format-standard","has-post-thumbnail","hentry","category-gente","tag-el-club-de-gestion-de-riesgos-de-la-republica-dominicana-cgrrd","tag-ii-jar-2024","tag-ii-jornada-anual-de-riesgos"],"_links":{"self":[{"href":"https:\/\/diariodominicano.com\/index.php?rest_route=\/wp\/v2\/posts\/565050","targetHints":{"allow":["GET"]}}],"collection":[{"href":"https:\/\/diariodominicano.com\/index.php?rest_route=\/wp\/v2\/posts"}],"about":[{"href":"https:\/\/diariodominicano.com\/index.php?rest_route=\/wp\/v2\/types\/post"}],"author":[{"embeddable":true,"href":"https:\/\/diariodominicano.com\/index.php?rest_route=\/wp\/v2\/users\/7"}],"replies":[{"embeddable":true,"href":"https:\/\/diariodominicano.com\/index.php?rest_route=%2Fwp%2Fv2%2Fcomments&post=565050"}],"version-history":[{"count":1,"href":"https:\/\/diariodominicano.com\/index.php?rest_route=\/wp\/v2\/posts\/565050\/revisions"}],"predecessor-version":[{"id":565091,"href":"https:\/\/diariodominicano.com\/index.php?rest_route=\/wp\/v2\/posts\/565050\/revisions\/565091"}],"wp:featuredmedia":[{"embeddable":true,"href":"https:\/\/diariodominicano.com\/index.php?rest_route=\/wp\/v2\/media\/565074"}],"wp:attachment":[{"href":"https:\/\/diariodominicano.com\/index.php?rest_route=%2Fwp%2Fv2%2Fmedia&parent=565050"}],"wp:term":[{"taxonomy":"category","embeddable":true,"href":"https:\/\/diariodominicano.com\/index.php?rest_route=%2Fwp%2Fv2%2Fcategories&post=565050"},{"taxonomy":"post_tag","embeddable":true,"href":"https:\/\/diariodominicano.com\/index.php?rest_route=%2Fwp%2Fv2%2Ftags&post=565050"}],"curies":[{"name":"wp","href":"https:\/\/api.w.org\/{rel}","templated":true}]}}