{"id":564992,"date":"2024-10-09T01:54:13","date_gmt":"2024-10-09T05:54:13","guid":{"rendered":"https:\/\/diariodominicano.com\/?p=564992"},"modified":"2024-10-09T01:54:17","modified_gmt":"2024-10-09T05:54:17","slug":"el-che-sigue-vivo-aseguran-en-argentina","status":"publish","type":"post","link":"https:\/\/diariodominicano.com\/?p=564992","title":{"rendered":"El Che sigue vivo, aseguran en Argentina"},"content":{"rendered":"\n<p>Buenos Aires, 9 oct (Prensa Latina) El Che sigue vivo y est\u00e1 presente hoy en cada movilizaci\u00f3n obrera y popular, asegur\u00f3 Juan Mart\u00edn, hermano del revolucionario argentino-cubano Ernesto Guevara (1928-1967).<\/p>\n\n\n\n<ul class=\"wp-block-list\">\n<li><a href=\"https:\/\/www.prensa-latina.cu\/2024\/10\/09\/\"><time>octubre 9, 2024 | 00:02<\/time><\/a><\/li>\n<\/ul>\n\n\n\n<ul class=\"wp-block-list\">\n<li><a href=\"https:\/\/www.prensa-latina.cu\/2024\/10\/09\/el-che-sigue-vivo-aseguran-en-argentina\/#\"><\/a><\/li>\n\n\n\n<li><a href=\"https:\/\/www.prensa-latina.cu\/2024\/10\/09\/el-che-sigue-vivo-aseguran-en-argentina\/#\"><\/a><\/li>\n\n\n\n<li><a href=\"https:\/\/www.prensa-latina.cu\/2024\/10\/09\/el-che-sigue-vivo-aseguran-en-argentina\/#\"><\/a><\/li>\n\n\n\n<li><a href=\"https:\/\/www.prensa-latina.cu\/2024\/10\/09\/el-che-sigue-vivo-aseguran-en-argentina\/#\"><\/a><\/li>\n<\/ul>\n\n\n\n<p>En declaraciones a Prensa Latina con motivo del aniversario 57 del asesinato del Guerrillero Heroico, el menor de los Guevara de la Serna afirm\u00f3 que cada bandera que aparece con su rostro es una muestra de que su pensamiento y su ejemplo a\u00fan est\u00e1n vigentes.<\/p>\n\n\n\n<p>Fue su cuerpo el que desapareci\u00f3, pero todo lo que escribi\u00f3, lo que dijo e hizo, est\u00e1 aqu\u00ed, asever\u00f3.<\/p>\n\n\n\n<p>Adem\u00e1s, se\u00f1al\u00f3 que la mejor manera de rendirle tributo es luchar.<\/p>\n\n\n\n<p>Este es un momento bastante dif\u00edcil. Hay distintas formas de lucha y en cada circunstancia se puede utilizar una u otra. Este es el mejor homenaje: nunca bajar los brazos ni aceptar que las cosas suceden porque s\u00ed. Todo tiene una raz\u00f3n y siempre hay alguien que la maneja. Entonces, hay que actuar sobre eso, indic\u00f3.<\/p>\n\n\n\n<p>Adem\u00e1s, consider\u00f3 fundamental llevar a los j\u00f3venes el pensamiento y la obra del Che, en especial, en un mundo marcado por el avance de las nuevas tecnolog\u00edas, las redes sociales e Internet.<\/p>\n\n\n\n<p>Tenemos que aprender y trabajar con la juventud para enfrentar a aquellos que pretenden mantener un status quo o empeorar la situaci\u00f3n, dijo.<\/p>\n\n\n\n<p>Por otra parte, asever\u00f3 que los lazos entre Cuba y Argentina no se romper\u00e1n nunca, \u201cpor m\u00e1s que el gobierno de ac\u00e1 cambie\u201d.<\/p>\n\n\n\n<p>La relaci\u00f3n entre nuestros pueblos ser\u00e1 siempre buena, coment\u00f3.<\/p>\n\n\n\n<p>Durante los \u00faltimos d\u00edas, tuvieron lugar en esta capital varias iniciativas para resaltar el legado de reconocido luchador, entre ellas un conversatorio en la Facultad de Ciencias Sociales de la Universidad de Buenos Aires.<\/p>\n\n\n\n<p>Tambi\u00e9n est\u00e1 expuesta en la embajada cubana aqu\u00ed la muestra Cuando Ernesto so\u00f1\u00f3 al Che que propone un recorrido, mediante fotos, documentos y testimonios, por el camino transitado por el destacado revolucionario.<\/p>\n\n\n\n<p>jha\/gas<\/p>\n","protected":false},"excerpt":{"rendered":"<p>Buenos Aires, 9 oct (Prensa Latina) El Che sigue vivo y est\u00e1 presente hoy en cada movilizaci\u00f3n obrera y popular, asegur\u00f3 Juan Mart\u00edn, hermano del revolucionario argentino-cubano Ernesto Guevara (1928-1967). En declaraciones a Prensa Latina con motivo del aniversario 57 del asesinato del Guerrillero Heroico, el menor de los Guevara de la Serna afirm\u00f3 que [&hellip;]<\/p>\n","protected":false},"author":28,"featured_media":564993,"comment_status":"closed","ping_status":"closed","sticky":false,"template":"","format":"standard","meta":{"footnotes":""},"categories":[26,23],"tags":[],"class_list":["post-564992","post","type-post","status-publish","format-standard","has-post-thumbnail","hentry","category-efemerides","category-internacional"],"_links":{"self":[{"href":"https:\/\/diariodominicano.com\/index.php?rest_route=\/wp\/v2\/posts\/564992","targetHints":{"allow":["GET"]}}],"collection":[{"href":"https:\/\/diariodominicano.com\/index.php?rest_route=\/wp\/v2\/posts"}],"about":[{"href":"https:\/\/diariodominicano.com\/index.php?rest_route=\/wp\/v2\/types\/post"}],"author":[{"embeddable":true,"href":"https:\/\/diariodominicano.com\/index.php?rest_route=\/wp\/v2\/users\/28"}],"replies":[{"embeddable":true,"href":"https:\/\/diariodominicano.com\/index.php?rest_route=%2Fwp%2Fv2%2Fcomments&post=564992"}],"version-history":[{"count":1,"href":"https:\/\/diariodominicano.com\/index.php?rest_route=\/wp\/v2\/posts\/564992\/revisions"}],"predecessor-version":[{"id":564994,"href":"https:\/\/diariodominicano.com\/index.php?rest_route=\/wp\/v2\/posts\/564992\/revisions\/564994"}],"wp:featuredmedia":[{"embeddable":true,"href":"https:\/\/diariodominicano.com\/index.php?rest_route=\/wp\/v2\/media\/564993"}],"wp:attachment":[{"href":"https:\/\/diariodominicano.com\/index.php?rest_route=%2Fwp%2Fv2%2Fmedia&parent=564992"}],"wp:term":[{"taxonomy":"category","embeddable":true,"href":"https:\/\/diariodominicano.com\/index.php?rest_route=%2Fwp%2Fv2%2Fcategories&post=564992"},{"taxonomy":"post_tag","embeddable":true,"href":"https:\/\/diariodominicano.com\/index.php?rest_route=%2Fwp%2Fv2%2Ftags&post=564992"}],"curies":[{"name":"wp","href":"https:\/\/api.w.org\/{rel}","templated":true}]}}