{"id":564890,"date":"2024-10-09T00:29:49","date_gmt":"2024-10-09T04:29:49","guid":{"rendered":"https:\/\/diariodominicano.com\/?p=564890"},"modified":"2024-10-09T00:59:16","modified_gmt":"2024-10-09T04:59:16","slug":"conep-subraya-importancia-de-preservar-la-estabilidad-y-eficiencia-en-el-marco-de-la-modernizacion-fiscal","status":"publish","type":"post","link":"https:\/\/diariodominicano.com\/?p=564890","title":{"rendered":"CONEP subraya importancia de preservar la estabilidad y eficiencia en el marco de la modernizaci\u00f3n fiscal"},"content":{"rendered":"\n<p><br><strong>Santo Domingo, RD. &#8211;<\/strong>\u00a0El Consejo Nacional de la Empresa Privada (CONEP), a trav\u00e9s de su vicepresidente ejecutivo, C\u00e9sar Dargam, expres\u00f3 su visi\u00f3n sobre la propuesta de modernizaci\u00f3n fiscal, destacando la necesidad de abordar con precisi\u00f3n las medidas planteadas sin comprometer los pilares de estabilidad que caracterizan a Rep\u00fablica Dominicana.<\/p>\n\n\n\n<p><br>Durante su intervenci\u00f3n, Dargam resalt\u00f3 que \u201cRep\u00fablica Dominicana es un para\u00edso en nuestra regi\u00f3n\u201d, subrayando que el pa\u00eds goza de estabilidad pol\u00edtica, crecimiento econ\u00f3mico sostenido durante d\u00e9cadas y paz social. \u201cEntendemos que los pilares y fundamentos de esa situaci\u00f3n que tenemos en Rep\u00fablica Dominicana debemos preservarlos\u201d, indic\u00f3.<\/p>\n\n\n\n<p><br>En referencia a la reforma fiscal, el CONEP manifest\u00f3 que, aunque una reforma de este tipo no deber\u00eda generar preocupaci\u00f3n ni perjudicar el clima actual, es fundamental que se consideren en su justa dimensi\u00f3n los efectos que cada una de las medidas podr\u00edan tener en la econom\u00eda. Dargam insisti\u00f3 en que \u201cdeben considerarse en su justa dimensi\u00f3n cada una de las medidas que se est\u00e1n introduciendo\u201d.<\/p>\n\n\n\n<p><br>Asimismo, el ejecutivo del CONEP destac\u00f3 la importancia de alcanzar una mayor eficiencia en la recaudaci\u00f3n y transparencia en el gasto p\u00fablico. \u201cDe cada peso que en Rep\u00fablica Dominicana se puede recaudar, al d\u00eda de hoy, solamente se est\u00e1n recaudando 34 centavos\u201d, explic\u00f3. A partir de esta realidad, Dargam llam\u00f3 la atenci\u00f3n sobre la necesidad de implementar medidas administrativas que mejoren la eficiencia recaudatoria\u201d.<\/p>\n\n\n\n<p><strong>prensaymax noticias<\/strong>&nbsp;&lt;prensaymaxnoticias@gmail.com&gt; <\/p>\n","protected":false},"excerpt":{"rendered":"<p>Santo Domingo, RD. &#8211;\u00a0El Consejo Nacional de la Empresa Privada (CONEP), a trav\u00e9s de su vicepresidente ejecutivo, C\u00e9sar Dargam, expres\u00f3 su visi\u00f3n sobre la propuesta de modernizaci\u00f3n fiscal, destacando la necesidad de abordar con precisi\u00f3n las medidas planteadas sin comprometer los pilares de estabilidad que caracterizan a Rep\u00fablica Dominicana. Durante su intervenci\u00f3n, Dargam resalt\u00f3 que [&hellip;]<\/p>\n","protected":false},"author":7,"featured_media":564934,"comment_status":"closed","ping_status":"closed","sticky":false,"template":"","format":"standard","meta":{"footnotes":""},"categories":[18,27],"tags":[377],"class_list":["post-564890","post","type-post","status-publish","format-standard","has-post-thumbnail","hentry","category-economia","category-portada","tag-conep"],"_links":{"self":[{"href":"https:\/\/diariodominicano.com\/index.php?rest_route=\/wp\/v2\/posts\/564890","targetHints":{"allow":["GET"]}}],"collection":[{"href":"https:\/\/diariodominicano.com\/index.php?rest_route=\/wp\/v2\/posts"}],"about":[{"href":"https:\/\/diariodominicano.com\/index.php?rest_route=\/wp\/v2\/types\/post"}],"author":[{"embeddable":true,"href":"https:\/\/diariodominicano.com\/index.php?rest_route=\/wp\/v2\/users\/7"}],"replies":[{"embeddable":true,"href":"https:\/\/diariodominicano.com\/index.php?rest_route=%2Fwp%2Fv2%2Fcomments&post=564890"}],"version-history":[{"count":3,"href":"https:\/\/diariodominicano.com\/index.php?rest_route=\/wp\/v2\/posts\/564890\/revisions"}],"predecessor-version":[{"id":564958,"href":"https:\/\/diariodominicano.com\/index.php?rest_route=\/wp\/v2\/posts\/564890\/revisions\/564958"}],"wp:featuredmedia":[{"embeddable":true,"href":"https:\/\/diariodominicano.com\/index.php?rest_route=\/wp\/v2\/media\/564934"}],"wp:attachment":[{"href":"https:\/\/diariodominicano.com\/index.php?rest_route=%2Fwp%2Fv2%2Fmedia&parent=564890"}],"wp:term":[{"taxonomy":"category","embeddable":true,"href":"https:\/\/diariodominicano.com\/index.php?rest_route=%2Fwp%2Fv2%2Fcategories&post=564890"},{"taxonomy":"post_tag","embeddable":true,"href":"https:\/\/diariodominicano.com\/index.php?rest_route=%2Fwp%2Fv2%2Ftags&post=564890"}],"curies":[{"name":"wp","href":"https:\/\/api.w.org\/{rel}","templated":true}]}}