{"id":564844,"date":"2024-10-08T20:09:35","date_gmt":"2024-10-09T00:09:35","guid":{"rendered":"https:\/\/diariodominicano.com\/?p=564844"},"modified":"2024-10-08T20:09:42","modified_gmt":"2024-10-09T00:09:42","slug":"organismos-nacionales-que-manejan-el-tema-de-las-drogas-de-america-latina-el-caribe-y-la-ue-se-reunen-en-bruselas-para-afrontar-desafios-compartidos","status":"publish","type":"post","link":"https:\/\/diariodominicano.com\/?p=564844","title":{"rendered":"Organismos Nacionales que manejan el tema de las drogas de Am\u00e9rica Latina, El Caribe y la UE se re\u00fanen en Bruselas para afrontar desaf\u00edos compartidos"},"content":{"rendered":"\n<p>diariodominicano.com<\/p>\n\n\n\n<p><strong>Bruselas, B\u00e9lgica, 8 de octubre, 2024.\u2013<\/strong>\u00a0Con el principal objetivo de reforzar los intercambios de conocimientos t\u00e9cnicos entre los organismos rectores de las pol\u00edticas antidrogas de la Comunidad de Estados Latinoamericanos y Caribe\u00f1os (CELAC), la Uni\u00f3n Europea (UE) y las embajadas de los pa\u00edses de la CELAC en Bruselas, el presidente del Consejo Nacional de Drogas, mayor general (sp) Jaime Marte Mart\u00ednez, representa a la Rep\u00fablica Dominicana en esta importante reuni\u00f3n de alto nivel.<\/p>\n\n\n\n<p>Este encuentro impulsado por el Programa de Cooperaci\u00f3n entre Am\u00e9rica Latina, el Caribe y la UE en materia de drogas (COPOLAD III), se desarrolla del 8 al 10 de octubre.<\/p>\n\n\n\n<p>El titular del organismo rector de las pol\u00edticas de drogas, subray\u00f3 la importancia de la colaboraci\u00f3n internacional para enfrentar los desaf\u00edos comunes en el control de drogas, declarando:<\/p>\n\n\n\n<p><em>\u00abLa lucha contra el narcotr\u00e1fico no tiene fronteras, y solo mediante una cooperaci\u00f3n efectiva entre regiones podremos hacer frente a las amenazas que ponen en riesgo la seguridad y la salud p\u00fablica de nuestras naciones\u00bb.<\/em><\/p>\n\n\n\n<p>Asimismo, resalt\u00f3 los grandes esfuerzos liderados por el presidente de la Rep\u00fablica Dominicana, Luis Abinader Corona, para combatir esta problem\u00e1tica, demostrando un firme compromiso con la protecci\u00f3n de la ciudadan\u00eda y la seguridad regional.<\/p>\n\n\n\n<p>Acompa\u00f1ando a Marte Mart\u00ednez se encuentran el mayor general (sp) Yuri Ruiz Villalona, director del Observatorio Dominicano de Drogas; el se\u00f1or Iv\u00e1n Ogando Lora y la se\u00f1ora Ellen Mart\u00ednez Cooreman, embajador y ministra consejera de la Embajada de la Rep\u00fablica Dominicana ante el Reino de B\u00e9lgica, el Gran Ducado de Luxemburgo y la misi\u00f3n ante la Uni\u00f3n Europea.<\/p>\n\n\n\n<p><strong>Jornada de trabajo<\/strong><\/p>\n\n\n\n<p>Entre los temas abordados durante la jornada figuran la&nbsp;<strong>amenaza de las nuevas sustancias psicoactivas (NSP),&nbsp;<\/strong>as\u00ed como su impacto en la salud p\u00fablica, las investigaciones patrimoniales dirigidas a desmantelar redes de narcotr\u00e1fico y el fortalecimiento de los sistemas de alerta temprana (SAT).<\/p>\n\n\n\n<p>Los Observatorios Nacionales de Drogas y el Sistema de Alerta Temprana (SAT) son clave en la lucha contra las Nuevas Sustancias Psicoactivas (NSP), ya que permiten detectar, monitorear y evaluar los riesgos de estas sustancias emergentes.<\/p>\n\n\n\n<p>A trav\u00e9s de la recopilaci\u00f3n de datos y la emisi\u00f3n de alertas, el SAT notifica a las autoridades pertinentes, facilitando la cooperaci\u00f3n internacional impulsando de esta forma el desarrollo de pol\u00edticas p\u00fablicas con el fin de mitigar riesgos, as\u00ed como proteger la salud p\u00fablica.<\/p>\n\n\n\n<p>Tambi\u00e9n se discutir\u00e1 el uso social de los bienes incautados a grupos criminales, reforzando la cooperaci\u00f3n internacional en estas \u00e1reas.<\/p>\n\n\n\n<p>Las jornadas de trabajo incluyen un Seminario Conjunto UE\/CELAC, donde se presentar\u00e1n los esfuerzos de cooperaci\u00f3n en pol\u00edticas de drogas, seguido de un intercambio entre los servicios de la UE y las agencias nacionales de drogas de la CELAC.<\/p>\n\n\n\n<p>El evento culminar\u00e1 con la Reuni\u00f3n del Comit\u00e9 T\u00e9cnico del Mecanismo de Cooperaci\u00f3n y Coordinaci\u00f3n sobre Drogas UE-CELAC, en el que participar\u00e1n los jefes y jefas de los organismos rectores de las pol\u00edticas antidrogas de la CELAC.<\/p>\n\n\n\n<p><strong>DEPARTAMENTO DE COMUNICACIONES DEL CONSEJO NACIONAL DE DROGAS<\/strong><\/p>\n\n\n\n<p><\/p>\n","protected":false},"excerpt":{"rendered":"<p>diariodominicano.com Bruselas, B\u00e9lgica, 8 de octubre, 2024.\u2013\u00a0Con el principal objetivo de reforzar los intercambios de conocimientos t\u00e9cnicos entre los organismos rectores de las pol\u00edticas antidrogas de la Comunidad de Estados Latinoamericanos y Caribe\u00f1os (CELAC), la Uni\u00f3n Europea (UE) y las embajadas de los pa\u00edses de la CELAC en Bruselas, el presidente del Consejo Nacional de [&hellip;]<\/p>\n","protected":false},"author":5,"featured_media":564845,"comment_status":"closed","ping_status":"closed","sticky":true,"template":"","format":"standard","meta":{"footnotes":""},"categories":[24,27],"tags":[],"class_list":["post-564844","post","type-post","status-publish","format-standard","has-post-thumbnail","hentry","category-justicia-y-derecho","category-portada"],"_links":{"self":[{"href":"https:\/\/diariodominicano.com\/index.php?rest_route=\/wp\/v2\/posts\/564844","targetHints":{"allow":["GET"]}}],"collection":[{"href":"https:\/\/diariodominicano.com\/index.php?rest_route=\/wp\/v2\/posts"}],"about":[{"href":"https:\/\/diariodominicano.com\/index.php?rest_route=\/wp\/v2\/types\/post"}],"author":[{"embeddable":true,"href":"https:\/\/diariodominicano.com\/index.php?rest_route=\/wp\/v2\/users\/5"}],"replies":[{"embeddable":true,"href":"https:\/\/diariodominicano.com\/index.php?rest_route=%2Fwp%2Fv2%2Fcomments&post=564844"}],"version-history":[{"count":1,"href":"https:\/\/diariodominicano.com\/index.php?rest_route=\/wp\/v2\/posts\/564844\/revisions"}],"predecessor-version":[{"id":564846,"href":"https:\/\/diariodominicano.com\/index.php?rest_route=\/wp\/v2\/posts\/564844\/revisions\/564846"}],"wp:featuredmedia":[{"embeddable":true,"href":"https:\/\/diariodominicano.com\/index.php?rest_route=\/wp\/v2\/media\/564845"}],"wp:attachment":[{"href":"https:\/\/diariodominicano.com\/index.php?rest_route=%2Fwp%2Fv2%2Fmedia&parent=564844"}],"wp:term":[{"taxonomy":"category","embeddable":true,"href":"https:\/\/diariodominicano.com\/index.php?rest_route=%2Fwp%2Fv2%2Fcategories&post=564844"},{"taxonomy":"post_tag","embeddable":true,"href":"https:\/\/diariodominicano.com\/index.php?rest_route=%2Fwp%2Fv2%2Ftags&post=564844"}],"curies":[{"name":"wp","href":"https:\/\/api.w.org\/{rel}","templated":true}]}}