{"id":564834,"date":"2024-10-08T22:27:36","date_gmt":"2024-10-09T02:27:36","guid":{"rendered":"https:\/\/diariodominicano.com\/?p=564834"},"modified":"2026-01-02T18:16:57","modified_gmt":"2026-01-02T22:16:57","slug":"alcaldia-del-dn-desarrolla-operativo-de-instalacion-de-luminarias-en-distintos-sectores","status":"publish","type":"post","link":"https:\/\/diariodominicano.com\/?p=564834","title":{"rendered":"Alcald\u00eda del DN desarrolla  operativo de instalaci\u00f3n de luminarias en distintos sectores"},"content":{"rendered":"\n<p id=\"block-1e4e069d-33f0-42b3-895a-0d472546d8dc\">Santo Domingo, DN \u2013 La Alcald\u00eda del Distrito Nacional, a trav\u00e9s de su Direcci\u00f3n de Infraestructura Urbana, lleva a cabo un amplio operativo de alumbrado p\u00fablico en varios sectores.<\/p>\n\n\n\n<p id=\"block-e3805f02-4fec-4f1d-b294-d1b46dae1779\">La iniciativa se inscribe dentro del compromiso impulsado por la alcaldesa Carolina Mej\u00eda para dotar de mayor seguridad las calles de distintos barrios, continuando con la transformaci\u00f3n de Santo Domingo.<\/p>\n\n\n\n<p id=\"block-5eb819a9-82ba-41ae-bc53-bee73c66e050\">En la avenida Paseo de los Reyes Cat\u00f3licos fueron instaladas 14 l\u00e1mparas led de 120 watts y m\u00e1s de 400 cables de aluminio. De igual forma, en Arroyo Hondo se colocaron luminarias en la calle Erick Leonard Ekman.<\/p>\n\n\n\n<figure class=\"wp-block-image\" id=\"block-b0fb812e-182c-4c54-a599-04ff967b9e23\"><img decoding=\"async\" src=\"https:\/\/diariodominicano.com\/wp-content\/uploads\/2024\/10\/Alcaldia-del-DN-desarrolla-amplio-operativo-de-instalacion-de-luminarias-en-distintos-sectores-1024x910.jpeg\" alt=\"La imagen tiene un atributo ALT vac\u00edo; su nombre de archivo es Alcaldia-del-DN-desarrolla-amplio-operativo-de-instalacion-de-luminarias-en-distintos-sectores-1024x910.jpeg\"\/><\/figure>\n\n\n\n<p id=\"block-3174b57c-ef7c-42b5-a1af-4660107c026c\">Adem\u00e1s, el cabildo trabaja junto a Edeeste en el alumbrado del entorno Parque Enriquillo, el cual se encuentra en remozamiento.<\/p>\n\n\n\n<p id=\"block-079e15e3-068e-4cda-8bf0-4bf0f8857384\">En ese mismo tenor, la Direcci\u00f3n de Infraestructura Urbana prev\u00e9 dar continuidad a los procesos de alumbrado de los mercados de Honduras y El Corralito (Villas Agr\u00edcolas).<\/p>\n\n\n\n<p id=\"block-33708656-b862-448e-83b3-2efd5d068b58\">En esta semana, el ayuntamiento tiene contemplado cambiar el cableado desde la avenida Juna Pablo Duarte hasta la Jos\u00e9 Mart\u00ed. Tambi\u00e9n colocar\u00e1 l\u00e1mparas en la cancha y el parque del sector Atala.<\/p>\n\n\n\n<figure class=\"wp-block-image\" id=\"block-eeaab4c1-d00b-4e4a-96b1-1c2021671da0\"><img decoding=\"async\" src=\"https:\/\/diariodominicano.com\/wp-content\/uploads\/2024\/10\/Alcaldia-del-DN-desarrolla-amplio-operativo-de-instalacion-luminarias-en-distintos-sectores-682x1024.jpeg\" alt=\"La imagen tiene un atributo ALT vac\u00edo; su nombre de archivo es Alcaldia-del-DN-desarrolla-amplio-operativo-de-instalacion-luminarias-en-distintos-sectores-682x1024.jpeg\"\/><\/figure>\n\n\n\n<p id=\"block-cc1f510d-da84-45cd-a53c-474bfa8293cd\"><strong>Direccion de Comunicaciones<\/strong><\/p>\n\n\n\n<p id=\"block-3ae577a2-e8e3-4fc5-99da-561eab379a0d\"><strong>Martes 08 de octubre 2024<\/strong><\/p>\n\n\n\n<p>Santo Domingo, DN \u2013 La Alcald\u00eda del Distrito Nacional, a trav\u00e9s de su Direcci\u00f3n de Infraestructura Urbana, lleva a cabo un amplio operativo de alumbrado p\u00fablico en varios sectores.<\/p>\n\n\n\n<p>La iniciativa se inscribe dentro del compromiso impulsado por la alcaldesa Carolina Mej\u00eda para dotar de mayor seguridad las calles de distintos barrios, continuando con la transformaci\u00f3n de Santo Domingo.<\/p>\n\n\n\n<p>En la avenida Paseo de los Reyes Cat\u00f3licos fueron instaladas 14 l\u00e1mparas led de 120 watts y m\u00e1s de 400 cables de aluminio. De igual forma, en Arroyo Hondo se colocaron luminarias en la calle Erick Leonard Ekman.<\/p>\n\n\n\n<figure class=\"wp-block-image size-large\"><img loading=\"lazy\" decoding=\"async\" width=\"1024\" height=\"910\" src=\"https:\/\/diariodominicano.com\/wp-content\/uploads\/2024\/10\/Alcaldia-del-DN-desarrolla-amplio-operativo-de-instalacion-de-luminarias-en-distintos-sectores-1024x910.jpeg\" alt=\"\" class=\"wp-image-564842\" srcset=\"https:\/\/diariodominicano.com\/wp-content\/uploads\/2024\/10\/Alcaldia-del-DN-desarrolla-amplio-operativo-de-instalacion-de-luminarias-en-distintos-sectores-1024x910.jpeg 1024w, https:\/\/diariodominicano.com\/wp-content\/uploads\/2024\/10\/Alcaldia-del-DN-desarrolla-amplio-operativo-de-instalacion-de-luminarias-en-distintos-sectores-300x267.jpeg 300w, https:\/\/diariodominicano.com\/wp-content\/uploads\/2024\/10\/Alcaldia-del-DN-desarrolla-amplio-operativo-de-instalacion-de-luminarias-en-distintos-sectores-768x683.jpeg 768w, https:\/\/diariodominicano.com\/wp-content\/uploads\/2024\/10\/Alcaldia-del-DN-desarrolla-amplio-operativo-de-instalacion-de-luminarias-en-distintos-sectores-1536x1365.jpeg 1536w, https:\/\/diariodominicano.com\/wp-content\/uploads\/2024\/10\/Alcaldia-del-DN-desarrolla-amplio-operativo-de-instalacion-de-luminarias-en-distintos-sectores-816x725.jpeg 816w, https:\/\/diariodominicano.com\/wp-content\/uploads\/2024\/10\/Alcaldia-del-DN-desarrolla-amplio-operativo-de-instalacion-de-luminarias-en-distintos-sectores.jpeg 1600w\" sizes=\"auto, (max-width: 1024px) 100vw, 1024px\" \/><\/figure>\n\n\n\n<p>Adem\u00e1s, el cabildo trabaja junto a Edeeste en el alumbrado del entorno Parque Enriquillo, el cual se encuentra en remozamiento.<\/p>\n\n\n\n<p>En ese mismo tenor, la Direcci\u00f3n de Infraestructura Urbana prev\u00e9 dar continuidad a los procesos de alumbrado de los mercados de Honduras y El Corralito (Villas Agr\u00edcolas).<\/p>\n\n\n\n<p>En esta semana, el ayuntamiento tiene contemplado cambiar el cableado desde la avenida Juna Pablo Duarte hasta la Jos\u00e9 Mart\u00ed. Tambi\u00e9n colocar\u00e1 l\u00e1mparas en la cancha y el parque del sector Atala.<\/p>\n\n\n\n<figure class=\"wp-block-image size-large\"><img loading=\"lazy\" decoding=\"async\" width=\"682\" height=\"1024\" src=\"https:\/\/diariodominicano.com\/wp-content\/uploads\/2024\/10\/Alcaldia-del-DN-desarrolla-amplio-operativo-de-instalacion-luminarias-en-distintos-sectores-682x1024.jpeg\" alt=\"\" class=\"wp-image-564841\" srcset=\"https:\/\/diariodominicano.com\/wp-content\/uploads\/2024\/10\/Alcaldia-del-DN-desarrolla-amplio-operativo-de-instalacion-luminarias-en-distintos-sectores-682x1024.jpeg 682w, https:\/\/diariodominicano.com\/wp-content\/uploads\/2024\/10\/Alcaldia-del-DN-desarrolla-amplio-operativo-de-instalacion-luminarias-en-distintos-sectores-200x300.jpeg 200w, https:\/\/diariodominicano.com\/wp-content\/uploads\/2024\/10\/Alcaldia-del-DN-desarrolla-amplio-operativo-de-instalacion-luminarias-en-distintos-sectores-768x1153.jpeg 768w, https:\/\/diariodominicano.com\/wp-content\/uploads\/2024\/10\/Alcaldia-del-DN-desarrolla-amplio-operativo-de-instalacion-luminarias-en-distintos-sectores-1023x1536.jpeg 1023w, https:\/\/diariodominicano.com\/wp-content\/uploads\/2024\/10\/Alcaldia-del-DN-desarrolla-amplio-operativo-de-instalacion-luminarias-en-distintos-sectores-816x1225.jpeg 816w, https:\/\/diariodominicano.com\/wp-content\/uploads\/2024\/10\/Alcaldia-del-DN-desarrolla-amplio-operativo-de-instalacion-luminarias-en-distintos-sectores.jpeg 1066w\" sizes=\"auto, (max-width: 682px) 100vw, 682px\" \/><\/figure>\n\n\n\n<p><strong>Direccion de Comunicaciones<\/strong><\/p>\n\n\n\n<p><strong>Martes 08 de octubre 2024 <\/strong><\/p>\n","protected":false},"excerpt":{"rendered":"<p>Santo Domingo, DN \u2013 La Alcald\u00eda del Distrito Nacional, a trav\u00e9s de su Direcci\u00f3n de Infraestructura Urbana, lleva a cabo un amplio operativo de alumbrado p\u00fablico en varios sectores. La iniciativa se inscribe dentro del compromiso impulsado por la alcaldesa Carolina Mej\u00eda para dotar de mayor seguridad las calles de distintos barrios, continuando con la [&hellip;]<\/p>\n","protected":false},"author":7,"featured_media":564843,"comment_status":"closed","ping_status":"closed","sticky":false,"template":"","format":"standard","meta":{"footnotes":""},"categories":[1],"tags":[1016],"class_list":["post-564834","post","type-post","status-publish","format-standard","has-post-thumbnail","hentry","category-editorial","tag-alcaldia-del-distrito-nacional"],"_links":{"self":[{"href":"https:\/\/diariodominicano.com\/index.php?rest_route=\/wp\/v2\/posts\/564834","targetHints":{"allow":["GET"]}}],"collection":[{"href":"https:\/\/diariodominicano.com\/index.php?rest_route=\/wp\/v2\/posts"}],"about":[{"href":"https:\/\/diariodominicano.com\/index.php?rest_route=\/wp\/v2\/types\/post"}],"author":[{"embeddable":true,"href":"https:\/\/diariodominicano.com\/index.php?rest_route=\/wp\/v2\/users\/7"}],"replies":[{"embeddable":true,"href":"https:\/\/diariodominicano.com\/index.php?rest_route=%2Fwp%2Fv2%2Fcomments&post=564834"}],"version-history":[{"count":2,"href":"https:\/\/diariodominicano.com\/index.php?rest_route=\/wp\/v2\/posts\/564834\/revisions"}],"predecessor-version":[{"id":564893,"href":"https:\/\/diariodominicano.com\/index.php?rest_route=\/wp\/v2\/posts\/564834\/revisions\/564893"}],"wp:featuredmedia":[{"embeddable":true,"href":"https:\/\/diariodominicano.com\/index.php?rest_route=\/wp\/v2\/media\/564843"}],"wp:attachment":[{"href":"https:\/\/diariodominicano.com\/index.php?rest_route=%2Fwp%2Fv2%2Fmedia&parent=564834"}],"wp:term":[{"taxonomy":"category","embeddable":true,"href":"https:\/\/diariodominicano.com\/index.php?rest_route=%2Fwp%2Fv2%2Fcategories&post=564834"},{"taxonomy":"post_tag","embeddable":true,"href":"https:\/\/diariodominicano.com\/index.php?rest_route=%2Fwp%2Fv2%2Ftags&post=564834"}],"curies":[{"name":"wp","href":"https:\/\/api.w.org\/{rel}","templated":true}]}}