{"id":56483,"date":"2020-02-09T23:06:26","date_gmt":"2020-02-09T23:06:26","guid":{"rendered":"http:\/\/diariodominicano.ddns.net\/?p=56483"},"modified":"2021-02-08T02:38:27","modified_gmt":"2021-02-08T06:38:27","slug":"ejercito-de-haiti-toma-puntos-estrategicos-de-ciudad-santo-domingo","status":"publish","type":"post","link":"https:\/\/diariodominicano.com\/?p=56483","title":{"rendered":"Ej\u00e9rcito de Hait\u00ed  toma puntos estrat\u00e9gicos  de ciudad Santo Domingo"},"content":{"rendered":"<p><img decoding=\"async\" src=\"img3\/Boyer33.jpg\" \/><\/p>\n<p><strong>Diariodominicano.com<\/strong><\/p>\n<p><strong>Ej\u00e9rcito de Hait\u00ed toma puntos estrat\u00e9gicos de ciudad Santo Domingo<\/strong><\/p>\n<p><strong>El d\u00eda anterior, el 9 de febrero de 1822, hab\u00eda comenzado el Gobierno de la ocupaci\u00f3n haitiana. A las 7 de la ma\u00f1ana de ese d\u00eda, los miembros de la Sala Capitular de Santo Domingo, se reunieron en la puerta del Conde para recibir al Presidente Jean Pierre Boyer, y les rindieron los honores de Presidente de la Isla denominada en esa ocasi\u00f3n como Hait\u00ed.<\/strong><\/p>\n<p><strong>por H\u00e9ctor Tineo Nolasco<\/strong><\/p>\n<p><strong>Diariodominicano.com<\/strong><\/p>\n<p><strong>SANTO DOMINGO, el 10 de febrero de 1822, <\/strong>el Ej\u00e9rcito Hait\u00ed fue establecido en los puntos estrat\u00e9gicos de la ciudad de Santo Domingo y tom\u00f3 el control de todas las dependencias militares que pertenecieron a la antigua colonia espa\u00f1ola de Santo Domingo.<\/p>\n<p>El d\u00eda anterior, el 9 de febrero de 1822, hab\u00eda comenzado el Gobierno de la ocupaci\u00f3n haitiana. A las 7 de la ma\u00f1ana de ese d\u00eda, los miembros de la Sala Capitular de Santo Domingo, se reunieron en la puerta del Conde para recibir al Presidente Jean Pierre Boyer, y les rindieron los honores de Presidente de la Isla denominada en esa ocasi\u00f3n como Hait\u00ed.<\/p>\n<p>El licenciado Jos\u00e9 N\u00fa\u00f1ez de C\u00e1ceres, obligado por las circunstancias al no recibir apoyo externo tras la proclamaci\u00f3n de independencia que hab\u00eda hecho el 1 de diciembre de 1821, formaliz\u00f3 la entrega del Gobierno a Boyer.<\/p>\n<p>Le prometi\u00f3 al Presidente haitiano que las ciudades del Este que a\u00fan se encontraban bajo su influencia y \u00f3rdenes, responder\u00edan con tranquilidad y reposo.<\/p>\n<p><strong> En un discurso ante el Presidente Boyer, N\u00fa\u00f1ez de C\u00e1ceres dijo: <\/strong><\/p>\n<p>\u00ab&#8230; s\u00f3lo me falta, como el \u00faltimo de mis deberes, rogar a Vuestra Excelencia, a pesar de que, por un rasgo heroico de su virtuosa modestia, ella reh\u00fase someterse a la ceremonia establecida en semejantes circunstancias de la costumbre de entregar las llaves de la Ciudad en se\u00f1al de posesi\u00f3n del territorio, porque Vuestra Excelencia no ha entrado en \u00e9l como conquistador, sino m\u00e1s bien como un padre, hermano y amigo, que me sea al menos permitido simbolizar la adhesi\u00f3n de los nuevos s\u00fabditos de la Rep\u00fablica, d\u00f3ciles por convicci\u00f3n, sometidos por deber y unidos por cordialidad.<\/p>\n<p>En opini\u00f3n de N\u00fa\u00f1ez de C\u00e1ceres, esas son las virtudes que adornan al pueblo dominicano, virtudes adquiridas y depuradas, en el crisol de una larga y penosa experiencia de sus vicisitudes pol\u00edticas.<\/p>\n<p>Al entregarle el Gobierno al Presidente haitiano, N\u00fa\u00f1ez de C\u00e1ceres le pidi\u00f3 que protegiera y defendiera al pueblo del antiguo Santo Domingo espa\u00f1ol, a fin de hacerlo dichoso para que no tenga que pasar por ninguna de sus calamidades anteriores.<\/p>\n<p>Luego de concluido el acto, los presentes aclamaron la Independencia, la Rep\u00fablica y al Presidente Boyer. Los presentes se dirigieron a la Catedral para escuchar la homil\u00eda que pronunci\u00f3 el Arzobispo Portes, quien invit\u00f3 a aceptar el traspaso de mando como un hecho consumado.<\/p>\n<p>El d\u00eda 8 de febrero de 1822, el presidente haitiano Jean Pierre Boyer hab\u00eda llegado con su Ej\u00e9rcito al sector de San Carlos de la ciudad de Santo Domingo.<\/p>\n<p>All\u00ed Jean Pierre Boyer se reuni\u00f3 con las tropas del general Bonnet que vinieron de la ciudad de Santiago de los Caballeros.<\/p>\n<p>Boyer ten\u00eda preparados desde el 1 de enero de 1822, doce mil hombres para ocupar el Santo Domingo espa\u00f1ol.<\/p>\n<p>La ocupaci\u00f3n haitiana se mantuvo hasta el 27 de febrero de 1844, cuando fue proclamada la Rep\u00fablica Dominicana.<\/p>\n<h6>2020-02-09 23:06:26<\/h6>\n<p><!--\n \t<link rel=\"stylesheet\" href=\"css\/bootstrap.min.css\">\n\n\n<ul class=\"pagination\">\n \t\n\n<li >\n\t<a href='?page_no=840'>Previous<\/a><\/li>\n\n\n \t\n\n<li><a href='?page_no=1'>1<\/a><\/li>\n\n\n \t\n\n<li><a href='?page_no=2'>2<\/a><\/li>\n\n\n \t\n\n<li><a>...<\/a><\/li>\n\n\n \t\n\n<li><a href='?page_no=839'>839<\/a><\/li>\n\n\n \t\n\n<li><a href='?page_no=840'>840<\/a><\/li>\n\n\n \t\n\n<li class='active'><a>841<\/a><\/li>\n\n\n \t\n\n<li><a href='?page_no=842'>842<\/a><\/li>\n\n\n \t\n\n<li><a href='?page_no=843'>843<\/a><\/li>\n\n\n \t\n\n<li><a>...<\/a><\/li>\n\n\n \t\n\n<li><a href='?page_no=22911'>22911<\/a><\/li>\n\n\n \t\n\n<li><a href='?page_no=22912'>22912<\/a><\/li>\n\n\n \t\n\n<li >\n\t<a href='?page_no=842'>Next<\/a><\/li>\n\n\n \t\n\n<li><a href='?page_no=22912'>Last &rsaquo;&rsaquo;<\/a><\/li>\n\n\n<\/ul>\n\n\n--><\/p>\n","protected":false},"excerpt":{"rendered":"<p>Diariodominicano.com Ej\u00e9rcito de Hait\u00ed toma puntos estrat\u00e9gicos de ciudad Santo Domingo El d\u00eda anterior, el 9 de febrero de 1822, hab\u00eda comenzado el Gobierno de la ocupaci\u00f3n haitiana. A las 7 de la ma\u00f1ana de ese d\u00eda, los miembros de la Sala Capitular de Santo Domingo, se reunieron en la puerta del Conde para recibir [&hellip;]<\/p>\n","protected":false},"author":3,"featured_media":0,"comment_status":"open","ping_status":"open","sticky":false,"template":"","format":"standard","meta":{"footnotes":""},"categories":[21],"tags":[],"class_list":["post-56483","post","type-post","status-publish","format-standard","hentry","category-cultura"],"_links":{"self":[{"href":"https:\/\/diariodominicano.com\/index.php?rest_route=\/wp\/v2\/posts\/56483","targetHints":{"allow":["GET"]}}],"collection":[{"href":"https:\/\/diariodominicano.com\/index.php?rest_route=\/wp\/v2\/posts"}],"about":[{"href":"https:\/\/diariodominicano.com\/index.php?rest_route=\/wp\/v2\/types\/post"}],"author":[{"embeddable":true,"href":"https:\/\/diariodominicano.com\/index.php?rest_route=\/wp\/v2\/users\/3"}],"replies":[{"embeddable":true,"href":"https:\/\/diariodominicano.com\/index.php?rest_route=%2Fwp%2Fv2%2Fcomments&post=56483"}],"version-history":[{"count":1,"href":"https:\/\/diariodominicano.com\/index.php?rest_route=\/wp\/v2\/posts\/56483\/revisions"}],"predecessor-version":[{"id":262985,"href":"https:\/\/diariodominicano.com\/index.php?rest_route=\/wp\/v2\/posts\/56483\/revisions\/262985"}],"wp:attachment":[{"href":"https:\/\/diariodominicano.com\/index.php?rest_route=%2Fwp%2Fv2%2Fmedia&parent=56483"}],"wp:term":[{"taxonomy":"category","embeddable":true,"href":"https:\/\/diariodominicano.com\/index.php?rest_route=%2Fwp%2Fv2%2Fcategories&post=56483"},{"taxonomy":"post_tag","embeddable":true,"href":"https:\/\/diariodominicano.com\/index.php?rest_route=%2Fwp%2Fv2%2Ftags&post=56483"}],"curies":[{"name":"wp","href":"https:\/\/api.w.org\/{rel}","templated":true}]}}