{"id":564798,"date":"2024-10-08T18:11:55","date_gmt":"2024-10-08T22:11:55","guid":{"rendered":"https:\/\/diariodominicano.com\/?p=564798"},"modified":"2024-10-08T22:31:41","modified_gmt":"2024-10-09T02:31:41","slug":"ministerio-publico-logra-condena-de-12-anos-de-prision-contra-mujer-integrante-de-banda-de-raptos-expres","status":"publish","type":"post","link":"https:\/\/diariodominicano.com\/?p=564798","title":{"rendered":"Condenan a 12 a\u00f1os de prisi\u00f3n a una mujer integrante de banda de raptos expr\u00e9s"},"content":{"rendered":"\n<p><em><u>La mujer citaba a hombres bajo enga\u00f1o por una red social para cometer robo agravado<\/u><\/em><\/p>\n\n\n\n<p>Diariodominicano.com<\/p>\n\n\n\n<p><strong>Santo Domingo (RD), martes, 8 de octubre de 2024.<\/strong>\u00a0La Unidad Antisecuestro, dependencia de la Direcci\u00f3n General de Persecuci\u00f3n del Ministerio P\u00fablico, logr\u00f3 una condena de 12 a\u00f1os de prisi\u00f3n en contra de Yocaira Julianny Sosa Asencio (Yokairy y\/o Irene), miembro de una temible banda de raptos expr\u00e9s, que operaba en el sector Mar\u00eda Auxiliadora, del Distrito Nacional.<\/p>\n\n\n\n<p>El Cuarto Tribunal Colegiado del Distrito Nacional, integrado por los jueces Keila P\u00e9rez Santana (presidenta), El\u00edas Santini Perera y Arisleida M\u00e9ndez Batista, acogi\u00f3 la acusaci\u00f3n presentada por el Ministerio P\u00fablico por asociaci\u00f3n de malhechores, robo agravado (con violencia) y porte ilegal de arma de fuego, dictando la sentencia condenatoria y la imposici\u00f3n de cinco millones de pesos de indemnizaci\u00f3n para la v\u00edctima, quien estuvo representada por la licenciada Luz Castillo Castillo, del Servicio Nacional de Representaci\u00f3n Legal de los Derechos de la V\u00edctima (Relevic).<\/p>\n\n\n\n<p>Sosa Asencio, fue acusada por el Ministerio P\u00fablico, tras la misma ser perseguida por citar a hombres por la red social Tinder, para encuentros \u00edntimos, y luego de que las v\u00edctimas acced\u00edan al lugar, eran interceptadas por este grupo armado, quienes, con violencia y armas, perpetraban el crimen.<\/p>\n\n\n\n<p>En este caso por el que fue procesada Sosa Asencio, fueron dos v\u00edctimas enga\u00f1adas el 7 de octubre de 2022, cuando le citaron a la calle Barbar\u00edn Mojica, del sector Mar\u00eda Auxiliadora, y tanto Yocaira Julianny Sosa Asencio, conjuntamente con una tal La July y\/o La Rubia, quien se encuentra pr\u00f3fuga, y Enmanuel Antonio Almarante Medrano (condenado), perpetraron el crimen, con violencia y con arma de fuego.<\/p>\n\n\n\n<p>Las v\u00edctimas, de quienes se omiten los nombres por asuntos legales, fueron amenazados de muerte y apuntados con arma de fuego, provocando que el veh\u00edculo que conduc\u00edan se volcara, dejando inconsciente a uno de ellos (de las v\u00edctimas), de sexo masculino; adem\u00e1s, le sustrajeron sus pertenencias, como celular y dinero en efectivo, as\u00ed como prendas en oro, entre otras propiedades.&nbsp;<\/p>\n\n\n\n<p>Por el caso, tambi\u00e9n fue condenado en mayo de 2024 a la pena de 15 a\u00f1os de prisi\u00f3n por el Tercer Tribunal Colegiado del Distrito Nacional, el acusado Enmanuel Antonio Almarante Medrano, quien, dentro de la estructura criminal se dedicaba a agredir f\u00edsicamente y a amenazar con un arma de fuego ilegal.<\/p>\n\n\n\n<p>El equipo t\u00e9cnico de la Divisi\u00f3n Especial de Investigaci\u00f3n de Crimen Organizado Internacional (Deicroi), de la Polic\u00eda Nacional, del sector Villa Mar\u00eda, y de la Unidad Antisecuestro, pudieron arrestar y someter a la acusada Yokaira Sosa Asencio, quien deber\u00e1 cumplir la sentencia condenatoria en el Centro de Correcci\u00f3n y Rehabilitaci\u00f3n (CCR) Hig\u00fcey Mujeres, en La Altagracia.<\/p>\n\n\n\n<p>La magistrada Ramona Nova Cabrera, titular interina de la Procuradur\u00eda Especializada Antilavado de Activos y Financiamiento del Terrorismo, y el procurador fiscal Claudio Cordero, quienes coordinan la Unidad Antisecuestro, establecieron que esta es otra condena firme, contra las bandas criminales en los sectores populosos del Distrito Nacional, siendo una evidencia del trabajo que se realiza para combatir estas acciones il\u00edcitas.&nbsp;&nbsp;&nbsp;<\/p>\n","protected":false},"excerpt":{"rendered":"<p>La mujer citaba a hombres bajo enga\u00f1o por una red social para cometer robo agravado Diariodominicano.com Santo Domingo (RD), martes, 8 de octubre de 2024.\u00a0La Unidad Antisecuestro, dependencia de la Direcci\u00f3n General de Persecuci\u00f3n del Ministerio P\u00fablico, logr\u00f3 una condena de 12 a\u00f1os de prisi\u00f3n en contra de Yocaira Julianny Sosa Asencio (Yokairy y\/o Irene), [&hellip;]<\/p>\n","protected":false},"author":7,"featured_media":495896,"comment_status":"closed","ping_status":"closed","sticky":false,"template":"","format":"standard","meta":{"footnotes":""},"categories":[24,27],"tags":[171],"class_list":["post-564798","post","type-post","status-publish","format-standard","has-post-thumbnail","hentry","category-justicia-y-derecho","category-portada","tag-ministerio-publico"],"_links":{"self":[{"href":"https:\/\/diariodominicano.com\/index.php?rest_route=\/wp\/v2\/posts\/564798","targetHints":{"allow":["GET"]}}],"collection":[{"href":"https:\/\/diariodominicano.com\/index.php?rest_route=\/wp\/v2\/posts"}],"about":[{"href":"https:\/\/diariodominicano.com\/index.php?rest_route=\/wp\/v2\/types\/post"}],"author":[{"embeddable":true,"href":"https:\/\/diariodominicano.com\/index.php?rest_route=\/wp\/v2\/users\/7"}],"replies":[{"embeddable":true,"href":"https:\/\/diariodominicano.com\/index.php?rest_route=%2Fwp%2Fv2%2Fcomments&post=564798"}],"version-history":[{"count":3,"href":"https:\/\/diariodominicano.com\/index.php?rest_route=\/wp\/v2\/posts\/564798\/revisions"}],"predecessor-version":[{"id":564871,"href":"https:\/\/diariodominicano.com\/index.php?rest_route=\/wp\/v2\/posts\/564798\/revisions\/564871"}],"wp:featuredmedia":[{"embeddable":true,"href":"https:\/\/diariodominicano.com\/index.php?rest_route=\/wp\/v2\/media\/495896"}],"wp:attachment":[{"href":"https:\/\/diariodominicano.com\/index.php?rest_route=%2Fwp%2Fv2%2Fmedia&parent=564798"}],"wp:term":[{"taxonomy":"category","embeddable":true,"href":"https:\/\/diariodominicano.com\/index.php?rest_route=%2Fwp%2Fv2%2Fcategories&post=564798"},{"taxonomy":"post_tag","embeddable":true,"href":"https:\/\/diariodominicano.com\/index.php?rest_route=%2Fwp%2Fv2%2Ftags&post=564798"}],"curies":[{"name":"wp","href":"https:\/\/api.w.org\/{rel}","templated":true}]}}