{"id":564745,"date":"2024-10-08T08:46:00","date_gmt":"2024-10-08T12:46:00","guid":{"rendered":"https:\/\/diariodominicano.com\/?p=564745"},"modified":"2024-10-08T08:46:06","modified_gmt":"2024-10-08T12:46:06","slug":"cuba-conmemora-caida-en-combate-del-comandante-che-guevara","status":"publish","type":"post","link":"https:\/\/diariodominicano.com\/?p=564745","title":{"rendered":"Cuba conmemora ca\u00edda en combate del comandante Che Guevara"},"content":{"rendered":"\n<p>La Habana, 8 oct (Prensa Latina) En todos los recodos de Cuba el pueblo evoca y rinde homenaje hoy a Ernesto Guevara de la Serna, a prop\u00f3sito de cumplirse el aniversario 57 de su captura y posterior asesinato en Bolivia.<\/p>\n\n\n\n<ul class=\"wp-block-list\">\n<li><a href=\"https:\/\/www.prensa-latina.cu\/2024\/10\/08\/\"><time>octubre 8, 2024 | 03:37<\/time><\/a><\/li>\n<\/ul>\n\n\n\n<ul class=\"wp-block-list\">\n<li><a href=\"https:\/\/www.prensa-latina.cu\/2024\/10\/08\/cuba-conmemora-caida-en-combate-del-comandante-che-guevara\/#\"><\/a><\/li>\n\n\n\n<li><a href=\"https:\/\/www.prensa-latina.cu\/2024\/10\/08\/cuba-conmemora-caida-en-combate-del-comandante-che-guevara\/#\"><\/a><\/li>\n\n\n\n<li><a href=\"https:\/\/www.prensa-latina.cu\/2024\/10\/08\/cuba-conmemora-caida-en-combate-del-comandante-che-guevara\/#\"><\/a><\/li>\n\n\n\n<li><a href=\"https:\/\/www.prensa-latina.cu\/2024\/10\/08\/cuba-conmemora-caida-en-combate-del-comandante-che-guevara\/#\"><\/a><\/li>\n<\/ul>\n\n\n\n<p>Para los cubanos, el mundialmente conocido como \u201cChe\u201d Guevara leg\u00f3 un ideal de justicia y el ejemplo de empe\u00f1arse en luchar por el bienestar de todos, que marca los esfuerzos en la naci\u00f3n antillana orientados a promover el crecimiento integral.<\/p>\n\n\n\n<p>Asimismo, consideran su pensamiento pol\u00edtico antiimperialista, dentro de una concepci\u00f3n marxista, uno de los hilos conductores del enfrentamiento y la resistencia de la Revoluci\u00f3n cubana a la hostilidad perpetrada por los gobiernos de Estados Unidos durante m\u00e1s de seis d\u00e9cadas.<\/p>\n\n\n\n<p>La huella de Che Guevara en Cuba comienza cuando conoci\u00f3 al l\u00edder de la Revoluci\u00f3n cubana, Fidel Castro, y a partir de su amistad con Camilo Cienfuegos y protagonismo en el movimiento armado para concretar el triunfo de los Barbudos.<\/p>\n\n\n\n<p>Se cimenta con la aceptaci\u00f3n que tuvieron sus valores, labor e ideolog\u00eda despu\u00e9s del 1 de enero de 1959, sobre todo como ministro de Industrias y Presidente del Banco Nacional de Cuba, y su liderazgo en delegaciones a foros internacionales.<\/p>\n\n\n\n<p>Y llega a propagarse allende los mares, hasta convertirse en paradigma mundial, desde su participaci\u00f3n en movimientos gestados en otras naciones, en las cuales los revolucionarios calcaron su esp\u00edritu internacionalista.<\/p>\n\n\n\n<p>Convertido en paradigma para Cuba y el mundo, todos los a\u00f1os se le rinde tributo aqu\u00ed y en otras naciones.<\/p>\n\n\n\n<p>El 8 de octubre de 1967, Che Guevara cay\u00f3 en manos del ej\u00e9rcito de Bolivia, baleado en una pierna y con el arma inutilizada, antes de que lo ultimaran por orden de la Agencia Central de Inteligencia y el Gobierno de Estados Unidos.<\/p>\n\n\n\n<p>De esa manera y con el enterramiento secreto de sus restos, intentaron sepultar su ejemplo.<\/p>\n\n\n\n<p>Sus restos mortales fueron localizados y regresados a Cuba 30 a\u00f1os despu\u00e9s, y reposan junto a los de otros guerrilleros en un memorial en Santa Clara, ciudad del centro del pa\u00eds.<\/p>\n\n\n\n<p>Este martes, marca el comienzo de la jornada Camilo-Che, que concluye el 28 de octubre, cuando se conmemora la desaparici\u00f3n f\u00edsica en un accidente a\u00e9reo, en 1959, del comandante Camilo Cienfuegos, amigo entra\u00f1able de Ernesto Guevara.<\/p>\n\n\n\n<p>lam\/raj<\/p>\n","protected":false},"excerpt":{"rendered":"<p>La Habana, 8 oct (Prensa Latina) En todos los recodos de Cuba el pueblo evoca y rinde homenaje hoy a Ernesto Guevara de la Serna, a prop\u00f3sito de cumplirse el aniversario 57 de su captura y posterior asesinato en Bolivia. Para los cubanos, el mundialmente conocido como \u201cChe\u201d Guevara leg\u00f3 un ideal de justicia y [&hellip;]<\/p>\n","protected":false},"author":28,"featured_media":564746,"comment_status":"closed","ping_status":"closed","sticky":false,"template":"","format":"standard","meta":{"footnotes":""},"categories":[21,36,26,23],"tags":[],"class_list":["post-564745","post","type-post","status-publish","format-standard","has-post-thumbnail","hentry","category-cultura","category-hombresmujeresycosas","category-efemerides","category-internacional"],"_links":{"self":[{"href":"https:\/\/diariodominicano.com\/index.php?rest_route=\/wp\/v2\/posts\/564745","targetHints":{"allow":["GET"]}}],"collection":[{"href":"https:\/\/diariodominicano.com\/index.php?rest_route=\/wp\/v2\/posts"}],"about":[{"href":"https:\/\/diariodominicano.com\/index.php?rest_route=\/wp\/v2\/types\/post"}],"author":[{"embeddable":true,"href":"https:\/\/diariodominicano.com\/index.php?rest_route=\/wp\/v2\/users\/28"}],"replies":[{"embeddable":true,"href":"https:\/\/diariodominicano.com\/index.php?rest_route=%2Fwp%2Fv2%2Fcomments&post=564745"}],"version-history":[{"count":1,"href":"https:\/\/diariodominicano.com\/index.php?rest_route=\/wp\/v2\/posts\/564745\/revisions"}],"predecessor-version":[{"id":564747,"href":"https:\/\/diariodominicano.com\/index.php?rest_route=\/wp\/v2\/posts\/564745\/revisions\/564747"}],"wp:featuredmedia":[{"embeddable":true,"href":"https:\/\/diariodominicano.com\/index.php?rest_route=\/wp\/v2\/media\/564746"}],"wp:attachment":[{"href":"https:\/\/diariodominicano.com\/index.php?rest_route=%2Fwp%2Fv2%2Fmedia&parent=564745"}],"wp:term":[{"taxonomy":"category","embeddable":true,"href":"https:\/\/diariodominicano.com\/index.php?rest_route=%2Fwp%2Fv2%2Fcategories&post=564745"},{"taxonomy":"post_tag","embeddable":true,"href":"https:\/\/diariodominicano.com\/index.php?rest_route=%2Fwp%2Fv2%2Ftags&post=564745"}],"curies":[{"name":"wp","href":"https:\/\/api.w.org\/{rel}","templated":true}]}}