{"id":564727,"date":"2024-10-08T01:15:49","date_gmt":"2024-10-08T05:15:49","guid":{"rendered":"https:\/\/diariodominicano.com\/?p=564727"},"modified":"2024-10-08T01:15:56","modified_gmt":"2024-10-08T05:15:56","slug":"vicepremier-chino-insta-a-impulsar-desarrollo-de-xinjiang","status":"publish","type":"post","link":"https:\/\/diariodominicano.com\/?p=564727","title":{"rendered":"Vicepremier chino insta a impulsar desarrollo de Xinjiang"},"content":{"rendered":"\n<p><em>spanish.news.cn<\/em>|<em>&nbsp;2024-10-08 00:06:30<\/em>|<\/p>\n\n\n\n<figure class=\"wp-block-image\"><img decoding=\"async\" src=\"https:\/\/spanish.xinhuanet.com\/20241008\/d643a6309c3542aa9b878c1e8f5705f4\/KTXiDUR3Vs95fGvn.jpg\" alt=\"\"\/><\/figure>\n\n\n\n<p><\/p>\n\n\n\n<p>URUMQI, 7 octubre, 2024 (Xinhua) &#8212; El vice primer ministro chino, He Lifeng, tambi\u00e9n miembro del Bur\u00f3 Pol\u00edtico del Comit\u00e9 Central del Partido Comunista de China (PCCh), pronuncia un discurso en una reuni\u00f3n para celebrar el 70\u00b0 aniversario de la fundaci\u00f3n del Cuerpo de Producci\u00f3n y Construcci\u00f3n de Xinjiang (CPCX), en Urumqi, capital de la regi\u00f3n aut\u00f3noma uygur de Xinjiang, el 7 de octubre de 2024. El vice primer ministro encabez\u00f3 una delegaci\u00f3n central a Xinjiang para la ocasi\u00f3n. Una carta de felicitaci\u00f3n enviada por el Comit\u00e9 Central del PCCh, el Consejo de Estado y la Comisi\u00f3n Militar Central fue le\u00edda en la reuni\u00f3n. (Xinhua\/Li Xiang)<\/p>\n\n\n\n<p>URUMQI, 7 oct (Xinhua) &#8212; El vice primer ministro chino He Lifeng inst\u00f3 hoy lunes a realizar esfuerzos para reforzar el Cuerpo de Producci\u00f3n y Construcci\u00f3n de Xinjiang (CPCX) en aras de impulsar el desarrollo de Xinjiang.<\/p>\n\n\n\n<p>He, tambi\u00e9n miembro del Bur\u00f3 Pol\u00edtico del Comit\u00e9 Central del Partido Comunista de China (PCCh), hizo estas declaraciones en una reuni\u00f3n para celebrar el 70\u00b0 aniversario de la fundaci\u00f3n del CPCX en Urumqi, capital de la regi\u00f3n aut\u00f3noma uygur de Xinjiang.<\/p>\n\n\n\n<p>El vice primer ministro encabez\u00f3 una delegaci\u00f3n central a Xinjiang para la ocasi\u00f3n.<\/p>\n\n\n\n<p>Por encomienda de Xi Jinping, secretario general del Comit\u00e9 Central del PCCh, He transmiti\u00f3 felicitaciones y saludos a personas de diversos grupos \u00e9tnicos del CPCX en nombre de las autoridades centrales.<\/p>\n\n\n\n<p>Una carta de felicitaci\u00f3n enviada por el Comit\u00e9 Central del PCCh, el Consejo de Estado y la Comisi\u00f3n Militar Central fue le\u00edda en la reuni\u00f3n.<\/p>\n\n\n\n<p>El CPCX fue fundado en 1954 por personal militar desmovilizado de Xinjiang y en las \u00faltimas siete d\u00e9cadas ha realizado contribuciones fundamentales para impulsar el desarrollo de Xinjiang y reforzar la unidad \u00e9tnica y la estabilidad social, as\u00ed como vigilar las fronteras, de acuerdo con la carta.<\/p>\n\n\n\n<p>Indic\u00f3 que el CPCX ha abierto un nuevo camino en la recuperaci\u00f3n de tierras y el desarrollo bajo el sistema del socialismo con peculiaridades chinas en los \u00faltimos 70 a\u00f1os. Generaciones de personas del CPCX han hecho enormes sacrificios y contribuciones, y han acumulado muchas experiencias valiosas, agreg\u00f3 el vice primer ministro.<\/p>\n\n\n\n<p>Pidi\u00f3 al CPCX aprovechar plenamente sus fortalezas en el mantenimiento de la estabilidad y la defensa de las zonas fronterizas para servir a la estabilidad social de Xinjiang, fomentar nuevos motores industriales y de ciencia y tecnolog\u00eda para promover un desarrollo de alta calidad, y aprovechar la reforma y la apertura para convertir a la regi\u00f3n en un \u00abcanal dorado\u00bb entre Asia y Europa y en una cabeza de puente para la apertura de China hacia el oeste.<\/p>\n\n\n\n<figure class=\"wp-block-image\"><img decoding=\"async\" src=\"https:\/\/spanish.xinhuanet.com\/20241008\/d643a6309c3542aa9b878c1e8f5705f4\/tqYzf274SKkXlYGX.jpg\" alt=\"\"\/><\/figure>\n\n\n\n<p>URUMQI, 7 octubre, 2024 (Xinhua) &#8212; El vice primer ministro chino, He Lifeng, tambi\u00e9n miembro del Bur\u00f3 Pol\u00edtico del Comit\u00e9 Central del Partido Comunista de China (PCCh), pronuncia un discurso en una reuni\u00f3n para celebrar el 70\u00b0 aniversario de la fundaci\u00f3n del Cuerpo de Producci\u00f3n y Construcci\u00f3n de Xinjiang (CPCX), en Urumqi, capital de la regi\u00f3n aut\u00f3noma uygur de Xinjiang, el 7 de octubre de 2024. El vice primer ministro encabez\u00f3 una delegaci\u00f3n central a Xinjiang para la ocasi\u00f3n. Una carta de felicitaci\u00f3n enviada por el Comit\u00e9 Central del PCCh, el Consejo de Estado y la Comisi\u00f3n Militar Central fue le\u00edda en la reuni\u00f3n. (Xinhua\/Li Xiang)<\/p>\n\n\n\n<p><a href=\"https:\/\/www.facebook.com\/sharer\/sharer.php?u=https:\/\/spanish.xinhuanet.com\/20241008\/d643a6309c3542aa9b878c1e8f5705f4\/c.html\" target=\"_blank\" rel=\"noreferrer noopener\"><\/a>&nbsp;<a href=\"https:\/\/twitter.com\/intent\/tweet?text=%0A%20%20%20%20%20%20%20%20%20%20%20%20%20%20%20%20%20%20%20%20Vicepremier%20chino%20insta%20a%20impulsar%20desarrollo%20de%20Xinjiang%0A%20%20%20%20%20%20%20%20%20%20%20%20%20%20%20%20&amp;url=https:\/\/spanish.xinhuanet.com\/20241008\/d643a6309c3542aa9b878c1e8f5705f4\/c.html\" target=\"_blank\" rel=\"noreferrer noopener\"><\/a>&nbsp;<a target=\"_blank\" href=\"https:\/\/service.weibo.com\/share\/share.php?title=%0A%20%20%20%20%20%20%20%20%20%20%20%20%20%20%20%20%20%20%20%20Vicepremier%20chino%20insta%20a%20impulsar%20desarrollo%20de%20Xinjiang%0A%20%20%20%20%20%20%20%20%20%20%20%20%20%20%20%20&amp;url=https:\/\/spanish.xinhuanet.com\/20241008\/d643a6309c3542aa9b878c1e8f5705f4\/c.html\" rel=\"noreferrer noopener\"><\/a>&nbsp;<a><\/a><\/p>\n\n\n\n<figure class=\"wp-block-image\"><img decoding=\"async\" src=\"https:\/\/imgs.news.cn\/res\/xhwimg\/spanish\/20170522\/img\/jc-xfa.png\" alt=\"\"\/><\/figure>\n","protected":false},"excerpt":{"rendered":"<p>spanish.news.cn|&nbsp;2024-10-08 00:06:30| URUMQI, 7 octubre, 2024 (Xinhua) &#8212; El vice primer ministro chino, He Lifeng, tambi\u00e9n miembro del Bur\u00f3 Pol\u00edtico del Comit\u00e9 Central del Partido Comunista de China (PCCh), pronuncia un discurso en una reuni\u00f3n para celebrar el 70\u00b0 aniversario de la fundaci\u00f3n del Cuerpo de Producci\u00f3n y Construcci\u00f3n de Xinjiang (CPCX), en Urumqi, capital [&hellip;]<\/p>\n","protected":false},"author":28,"featured_media":564728,"comment_status":"closed","ping_status":"closed","sticky":false,"template":"","format":"standard","meta":{"footnotes":""},"categories":[18,23],"tags":[],"class_list":["post-564727","post","type-post","status-publish","format-standard","has-post-thumbnail","hentry","category-economia","category-internacional"],"_links":{"self":[{"href":"https:\/\/diariodominicano.com\/index.php?rest_route=\/wp\/v2\/posts\/564727","targetHints":{"allow":["GET"]}}],"collection":[{"href":"https:\/\/diariodominicano.com\/index.php?rest_route=\/wp\/v2\/posts"}],"about":[{"href":"https:\/\/diariodominicano.com\/index.php?rest_route=\/wp\/v2\/types\/post"}],"author":[{"embeddable":true,"href":"https:\/\/diariodominicano.com\/index.php?rest_route=\/wp\/v2\/users\/28"}],"replies":[{"embeddable":true,"href":"https:\/\/diariodominicano.com\/index.php?rest_route=%2Fwp%2Fv2%2Fcomments&post=564727"}],"version-history":[{"count":1,"href":"https:\/\/diariodominicano.com\/index.php?rest_route=\/wp\/v2\/posts\/564727\/revisions"}],"predecessor-version":[{"id":564729,"href":"https:\/\/diariodominicano.com\/index.php?rest_route=\/wp\/v2\/posts\/564727\/revisions\/564729"}],"wp:featuredmedia":[{"embeddable":true,"href":"https:\/\/diariodominicano.com\/index.php?rest_route=\/wp\/v2\/media\/564728"}],"wp:attachment":[{"href":"https:\/\/diariodominicano.com\/index.php?rest_route=%2Fwp%2Fv2%2Fmedia&parent=564727"}],"wp:term":[{"taxonomy":"category","embeddable":true,"href":"https:\/\/diariodominicano.com\/index.php?rest_route=%2Fwp%2Fv2%2Fcategories&post=564727"},{"taxonomy":"post_tag","embeddable":true,"href":"https:\/\/diariodominicano.com\/index.php?rest_route=%2Fwp%2Fv2%2Ftags&post=564727"}],"curies":[{"name":"wp","href":"https:\/\/api.w.org\/{rel}","templated":true}]}}