{"id":564720,"date":"2024-10-08T01:09:05","date_gmt":"2024-10-08T05:09:05","guid":{"rendered":"https:\/\/diariodominicano.com\/?p=564720"},"modified":"2024-10-08T01:10:46","modified_gmt":"2024-10-08T05:10:46","slug":"gobierno-ley-de-modernizacion-fiscal-impulsara-el-desarrollo-socioeconomico-de-rd","status":"publish","type":"post","link":"https:\/\/diariodominicano.com\/?p=564720","title":{"rendered":"Gobierno:  Ley de Modernizaci\u00f3n Fiscal impulsar\u00e1 el desarrollo socioecon\u00f3mico de RD"},"content":{"rendered":"\n<p><strong>Jochi Vicente<\/strong>\u2002ministro de Hacienda<\/p>\n\n\n\n<p>Detalla uso que dar\u00e1 a recursos<\/p>\n\n\n\n<p>7 de Octubre 2024 | 20:15<\/p>\n\n\n\n<figure class=\"wp-block-image\"><img decoding=\"async\" src=\"https:\/\/platform-cdn.sharethis.com\/img\/facebook.svg\" alt=\"facebook sharing button\"\/><\/figure>\n\n\n\n<figure class=\"wp-block-image\"><img decoding=\"async\" src=\"https:\/\/platform-cdn.sharethis.com\/img\/twitter.svg\" alt=\"twitter sharing button\"\/><\/figure>\n\n\n\n<figure class=\"wp-block-image\"><img decoding=\"async\" src=\"https:\/\/platform-cdn.sharethis.com\/img\/sharethis.svg\" alt=\"sharethis sharing button\"\/><\/figure>\n\n\n\n<p>Santo Domingo.-&nbsp;<strong>El Gobierno dominicano<\/strong>&nbsp;present\u00f3 este lunes el&nbsp;<strong>Proyecto de Ley de Modernizaci\u00f3n Fiscal,<\/strong>&nbsp;que tiene como finalidad principal&nbsp;<strong>mejorar los ingresos fiscales del Estado<\/strong>&nbsp;para aumentar la&nbsp;<strong>inversi\u00f3n p\u00fablica<\/strong>&nbsp;en \u00e1reas claves como&nbsp;<strong>transporte, salud, seguridad y protecci\u00f3n<\/strong>&nbsp;de la poblaci\u00f3n m\u00e1s vulnerable.<\/p>\n\n\n\n<p>Durante el encuentro&nbsp;<strong>LA Semanal con la Prensa<\/strong>, encabezado por el&nbsp;<strong>presidente Luis Abinader<\/strong>, el ministro de Hacienda,&nbsp;<strong>Jochi Vicente<\/strong>, detall\u00f3 que la iniciativa tambi\u00e9n&nbsp;<strong>garantizar\u00e1 la equidad<\/strong>&nbsp;entre los contribuyentes, modernizar\u00e1 el sistema tributario con la&nbsp;<strong>eliminaci\u00f3n de distorsiones<\/strong>&nbsp;y reforzar\u00e1 la administraci\u00f3n para elevar el&nbsp;<strong>cumplimiento fiscal.<\/strong><\/p>\n\n\n\n<p>El documento, que ser\u00e1 sometido al&nbsp;<strong>Congreso Nacional,<\/strong>&nbsp;incluye&nbsp;<strong>cuatro ejes de acci\u00f3n<\/strong>, siendo el primero el de&nbsp;<strong>protecci\u00f3n a la poblaci\u00f3n m\u00e1s vulnerable<\/strong>, mediante el cual se aumentar\u00e1 el alcance de los&nbsp;<strong>programas sociales<\/strong>, para mitigar cualquier efecto negativo que pudiera resultar de la implementaci\u00f3n del proyecto, en la poblaci\u00f3n m\u00e1s vulnerable.<\/p>\n\n\n\n<p>El funcionario agreg\u00f3 que mediante el&nbsp;<strong>segundo componente<\/strong>&nbsp;se llevar\u00e1 a cabo un programa de&nbsp;<strong>inversi\u00f3n p\u00fablica y gastos priorizados,<\/strong>&nbsp;que permitir\u00e1 cerrar la brecha de infraestructura del pa\u00eds y&nbsp;<strong>aumentar el bienestar de la ciudadan\u00eda.<\/strong><\/p>\n\n\n\n<p>En materia de&nbsp;<strong>seguridad ciudadana<\/strong>, se proyecta una inversi\u00f3n de&nbsp;<strong>RD 52,170 millones<\/strong>&nbsp;en los pr\u00f3ximos cuatro a\u00f1os, recursos destinados a la incorporaci\u00f3n de&nbsp;<strong>20,000 nuevos polic\u00edas<\/strong>, adquisici\u00f3n de&nbsp;<strong>tecnolog\u00eda avanzada<\/strong>&nbsp;<strong>para prevenir y combatir la criminalidad.&nbsp;<\/strong>En tanto, para el&nbsp;<strong>sistema de transporte masivo<\/strong>&nbsp;del pa\u00eds se prev\u00e9 la construcci\u00f3n de proyectos claves, como la&nbsp;<strong>L\u00ednea 3 del Telef\u00e9rico<\/strong>, un tren que conectar\u00e1&nbsp;<strong>Santo Domingo con San Crist\u00f3bal<\/strong>, un tren metropolitano&nbsp;<strong>para Santo Domingo y un tranv\u00eda<\/strong>, obras que&nbsp;<strong>mejorar\u00e1n la movilidad urbana<\/strong>&nbsp;y reducir\u00e1n el tiempo de desplazamiento y el&nbsp;<strong>impacto ambiental.<\/strong><\/p>\n\n\n\n<p>Asimismo, el ministro indic\u00f3 que los recursos tambi\u00e9n ser\u00e1n destinados a implementar una&nbsp;<strong>estrategia de atenci\u00f3n primaria<\/strong>&nbsp;que impactar\u00e1 positivamente a los&nbsp;<strong>5.8 millones<\/strong>&nbsp;de beneficiarios del&nbsp;<strong>R\u00e9gimen Subsidiado de Salud,<\/strong>&nbsp;lo que mejorar\u00e1 la&nbsp;<strong>eficiencia y cobertura del sistema sanitario<\/strong>&nbsp;del pa\u00eds.<\/p>\n\n\n\n<p>De igual forma, los ingresos provenientes de la ley ser\u00e1n destinados a los gobiernos locales (ayuntamientos) para&nbsp;<strong>mejorar servicios<\/strong>&nbsp;como la&nbsp;<strong>recogida de basura y la atenci\u00f3n a emergencias y respuesta a desastres<\/strong>, a la recapitalizaci\u00f3n del&nbsp;<strong>Banco Central<\/strong>&nbsp;para contribuir a un entorno econ\u00f3mico&nbsp;<strong>m\u00e1s s\u00f3lido<\/strong>, y a inversiones en el&nbsp;<strong>sector el\u00e9ctrico<\/strong>&nbsp;que permitan reducir las p\u00e9rdidas de las empresas distribuidoras y garantizar un suministro de electricidad&nbsp;<strong>confiable, eficiente y resiliente.<\/strong><\/p>\n\n\n\n<p>El titular de las&nbsp;<strong>finanzas p\u00fablicas<\/strong>&nbsp;comunic\u00f3 que, mediante el&nbsp;<strong>tercero de los ejes<\/strong>, el Gobierno busca aplicar&nbsp;<strong>reglas claras e iguales para todos<\/strong>&nbsp;y perseguir la&nbsp;<strong>evasi\u00f3n y elusi\u00f3n fiscal.<\/strong><\/p>\n\n\n\n<p><em>\u201cEstos ajustes tributarios permitir\u00e1n que las empresas compitan en igualdad de condiciones y que se eliminen las distorsiones y privilegios existentes que crean inequidades entre contribuyentes, para garantizar que todos contribuyan de una forma m\u00e1s justa\u201d,&nbsp;<\/em>destac\u00f3.<\/p>\n\n\n\n<p>Inform\u00f3 que, el&nbsp;<strong>\u00faltimo eje<\/strong>&nbsp;consiste en&nbsp;<strong>simplificar y modernizar<\/strong>&nbsp;el sistema tributario, se\u00f1alando que el proyecto contiene medidas enfocadas en aumentar la&nbsp;<strong>progresividad y equidad<\/strong>&nbsp;del sistema,&nbsp;<strong>simplificar y eficientizar<\/strong>&nbsp;el r\u00e9gimen tributario, y ampliar la base impositiva, reduciendo as\u00ed los niveles de informalidad y&nbsp;<strong>atacando el fraude fiscal.<\/strong><\/p>\n\n\n\n<figure class=\"wp-block-image\"><img decoding=\"async\" src=\"https:\/\/presidencia.gob.do\/sites\/default\/files\/inline-images\/IMG_4361.jpeg\" alt=\"\"\/><\/figure>\n\n\n\n<p><strong>Medidas relevantes del proyecto<\/strong><\/p>\n\n\n\n<p>Como forma de&nbsp;<strong>simplificar el sistema tributario<\/strong>, se eliminan los anticipos para las&nbsp;<strong>personas f\u00edsicas y microempresas.<\/strong>&nbsp;En el caso de las&nbsp;<strong>empresas peque\u00f1as y medianas<\/strong>, el anticipo ser\u00e1 de solo el&nbsp;<strong>40 % y 60 %<\/strong>&nbsp;de los beneficios reportados en el per\u00edodo anterior, respectivamente. Los pagos para estas empresas&nbsp;<strong>ser\u00e1n trimestrales.<\/strong><\/p>\n\n\n\n<p>El proyecto presentado establece que, una vez aprobada y promulgada la ley, se descontinuar\u00e1 la pr\u00e1ctica de suspender anualmente la&nbsp;<strong>indexaci\u00f3n de las escalas salariales<\/strong>&nbsp;del Impuesto sobre la Renta de personas f\u00edsicas, lo que permitir\u00e1 aumentar el tramo exento todos los a\u00f1os, para&nbsp;<strong>recuperar el aumento inflacionario.<\/strong><\/p>\n\n\n\n<p>De igual forma, la propuesta contempla una \u00fanica tasa de un&nbsp;<strong>18 %<\/strong>&nbsp;para el impuesto a la transferencia de bienes y servicios industrializados&nbsp;<strong>(ITBIS),<\/strong>&nbsp;que, en lo adelante, se denominar\u00e1&nbsp;<strong>impuesto al valor agregado<\/strong>&nbsp;(IVA), quedando exento de este tributo art\u00edculos de primera necesidad como el&nbsp;<strong>pan, arroz, pollo, huevo, leche, pl\u00e1tano, yuca,<\/strong>&nbsp;entre otros.<\/p>\n\n\n\n<p>Adem\u00e1s,&nbsp;<strong>no estar\u00e1n gravados<\/strong>&nbsp;los siguientes servicios: educaci\u00f3n, salud, energ\u00eda el\u00e9ctrica, agua potable, recogida de basura, transporte de pasajeros, alquiler de vivienda para uso familiar, planes de pensiones y jubilaciones y la intermediaci\u00f3n financiera y seguros.<\/p>\n\n\n\n<p><a href=\"https:\/\/presidencia.gob.do\/taxonomy\/term\/250\">Reforma Fiscal<\/a><\/p>\n","protected":false},"excerpt":{"rendered":"<p>Jochi Vicente\u2002ministro de Hacienda Detalla uso que dar\u00e1 a recursos 7 de Octubre 2024 | 20:15 Santo Domingo.-&nbsp;El Gobierno dominicano&nbsp;present\u00f3 este lunes el&nbsp;Proyecto de Ley de Modernizaci\u00f3n Fiscal,&nbsp;que tiene como finalidad principal&nbsp;mejorar los ingresos fiscales del Estado&nbsp;para aumentar la&nbsp;inversi\u00f3n p\u00fablica&nbsp;en \u00e1reas claves como&nbsp;transporte, salud, seguridad y protecci\u00f3n&nbsp;de la poblaci\u00f3n m\u00e1s vulnerable. Durante el encuentro&nbsp;LA Semanal [&hellip;]<\/p>\n","protected":false},"author":28,"featured_media":564721,"comment_status":"closed","ping_status":"closed","sticky":false,"template":"","format":"standard","meta":{"footnotes":""},"categories":[36,20,18,27],"tags":[],"class_list":["post-564720","post","type-post","status-publish","format-standard","has-post-thumbnail","hentry","category-hombresmujeresycosas","category-dominicana-hoy","category-economia","category-portada"],"_links":{"self":[{"href":"https:\/\/diariodominicano.com\/index.php?rest_route=\/wp\/v2\/posts\/564720","targetHints":{"allow":["GET"]}}],"collection":[{"href":"https:\/\/diariodominicano.com\/index.php?rest_route=\/wp\/v2\/posts"}],"about":[{"href":"https:\/\/diariodominicano.com\/index.php?rest_route=\/wp\/v2\/types\/post"}],"author":[{"embeddable":true,"href":"https:\/\/diariodominicano.com\/index.php?rest_route=\/wp\/v2\/users\/28"}],"replies":[{"embeddable":true,"href":"https:\/\/diariodominicano.com\/index.php?rest_route=%2Fwp%2Fv2%2Fcomments&post=564720"}],"version-history":[{"count":3,"href":"https:\/\/diariodominicano.com\/index.php?rest_route=\/wp\/v2\/posts\/564720\/revisions"}],"predecessor-version":[{"id":564737,"href":"https:\/\/diariodominicano.com\/index.php?rest_route=\/wp\/v2\/posts\/564720\/revisions\/564737"}],"wp:featuredmedia":[{"embeddable":true,"href":"https:\/\/diariodominicano.com\/index.php?rest_route=\/wp\/v2\/media\/564721"}],"wp:attachment":[{"href":"https:\/\/diariodominicano.com\/index.php?rest_route=%2Fwp%2Fv2%2Fmedia&parent=564720"}],"wp:term":[{"taxonomy":"category","embeddable":true,"href":"https:\/\/diariodominicano.com\/index.php?rest_route=%2Fwp%2Fv2%2Fcategories&post=564720"},{"taxonomy":"post_tag","embeddable":true,"href":"https:\/\/diariodominicano.com\/index.php?rest_route=%2Fwp%2Fv2%2Ftags&post=564720"}],"curies":[{"name":"wp","href":"https:\/\/api.w.org\/{rel}","templated":true}]}}