{"id":56471,"date":"2020-11-03T03:00:31","date_gmt":"2020-11-03T03:00:31","guid":{"rendered":"http:\/\/diariodominicano.ddns.net\/?p=56471"},"modified":"2020-11-03T03:00:31","modified_gmt":"2020-11-03T03:00:31","slug":"facultad-de-artes-de-la-uasd-arriba-a-sus-20-anos-de-fundacion","status":"publish","type":"post","link":"https:\/\/diariodominicano.com\/?p=56471","title":{"rendered":"Facultad de Artes de la UASD arriba a sus 20 a\u00f1os de fundaci\u00f3n"},"content":{"rendered":"<p><body><\/p>\n<p><img decoding=\"async\" src=\"img3\/FA 1.jpg\" \/><br \/><img decoding=\"async\" src=\"img3\/FA 2.jpg\" \/><br \/><img decoding=\"async\" src=\"img3\/FA 3.jpg\" \/>  <\/p>\n<p><strong>Diariodominicano.com<\/strong><\/p>\n<p><strong>Facultad de Artes de la UASD arriba a sus 20 a\u00f1os de fundaci{on <\/strong><\/p>\n<p><strong> <\/strong><\/p>\n<p><strong>Santo Domingo, RD,-<\/strong> Autoridades de la Facultad de Artes (FA) de la Universidad Aut\u00f3noma de Santo Domingo (UASD) depositaron una ofrenda floral en la estatua del patricio Juan Pablo Duarte, ubicada en la explanada de la Alma M\u00e1ter de esa academia, con motivo del XX aniversario de la creaci\u00f3n de esa dependencia.<\/p>\n<\/p>\n<p>Su decano, maestro  Dione Rufino, expres\u00f3 que esa  FA,  cuya misi\u00f3n es formar artistas profesionales y especialistas del arte para incidir en el desarrollo social, cultural y econ\u00f3mico del pa\u00eds,  tiene pendientes grandes retos y  compromisos.<\/p>\n<\/p>\n<p>Expres\u00f3 tambi\u00e9n  que esa entidad acad\u00e9mica aporta de manera significativa a la investigaci\u00f3n de los fen\u00f3menos e intereses del arte y de esa manera contribuye a las soluciones efectivas a las m\u00e1s diversas problem\u00e1ticas en materia art\u00edstica y el cultural del pa\u00eds.<\/p>\n<\/p>\n<p>Destac\u00f3 el artista y profesor de la Primada de Am\u00e9rica que los desaf\u00edos que debe enfrentar esa  facultad bajo su direcci\u00f3n conlleva el cumplimiento de grandes responsabilidades, sobre todo en los actuales tiempos de crisis que vive la humanidad.<\/p>\n<\/p>\n<p>\u00abEl arte y el artista se crecen en las crisis, y esta  le sirve de material para crear nuevas obras y generar nuevos medios para el conocimiento\u00bb indic\u00f3  enf\u00e1ticamente el maestro Rufino.<\/p>\n<\/p>\n<p>Asimismo, se\u00f1al\u00f3 que los  estudiantes son los grandes protagonistas de ese proceso y los inst\u00f3 a seguir adelante, a salir al encuentro de cosas positivas   que la Facultad de Artes les prepara para la consecuci\u00f3n de sus anhelos y sue\u00f1os.<\/p>\n<\/p>\n<p> Rufino anunci\u00f3 que el pr\u00f3ximo mi\u00e9rcoles cuatro de noviembre ser\u00e1 inaugurada la s\u00e9ptima versi\u00f3n del Congreso Internacional de Artes Visuales\u00bb Artes Visuales y Neohumanismo en la Era de la Tecnolog\u00eda\u00bb dedicado al maestro de la pl\u00e1stica dominicana Amable Sterling, el cual  tendr\u00e1 como pa\u00eds invitado a Per\u00fa.<\/p>\n<\/p>\n<p>En la actividad, donde asistieron autoridades universitarias y empleados de  la FA, su decano anunci\u00f3 que se ofertan varias carreras dirigidas a preservar la identidad cultural y nacional y dinamizar las producciones culturales y creativas acorde con las nuevas necesidades sociales y de mercado.<\/p>\n<\/p>\n<\/p>\n<p>&#8212;<\/p>\n<p>MA. Luis P\u00e9rez Nova<\/p>\n<p>Director de Relaciones P\u00fablicas<\/p>\n<h6> 2020-11-03 03:00:31 <\/h6>\n<p><!--\n<link rel=\"stylesheet\" href=\"css\/bootstrap.min.css\">\n\n\n<ul class=\"pagination\">\n\t    \n\t\n\n<li >\n\t<a href='?page_no=83'>Previous<\/a>\n\t<\/li>\n\n\n       \n    \n\n<li><a href='?page_no=1'>1<\/a><\/li>\n\n\n\n<li><a href='?page_no=2'>2<\/a><\/li>\n\n\n\n<li><a>...<\/a><\/li>\n\n\n\n<li><a href='?page_no=82'>82<\/a><\/li>\n\n\n\n<li><a href='?page_no=83'>83<\/a><\/li>\n\n\n\n<li class='active'><a>84<\/a><\/li>\n\n\n\n<li><a href='?page_no=85'>85<\/a><\/li>\n\n\n\n<li><a href='?page_no=86'>86<\/a><\/li>\n\n\n\n<li><a>...<\/a><\/li>\n\n\n\n<li><a href='?page_no=22911'>22911<\/a><\/li>\n\n\n\n<li><a href='?page_no=22912'>22912<\/a><\/li>\n\n    \n\t\n\n<li >\n\t<a href='?page_no=85'>Next<\/a>\n\t<\/li>\n\n\n    \n\n<li><a href='?page_no=22912'>Last &rsaquo;&rsaquo;<\/a><\/li>\n\n<\/ul>\n\n\n--><br \/>\n<\/body><\/p>\n","protected":false},"excerpt":{"rendered":"<p>Diariodominicano.com Facultad de Artes de la UASD arriba a sus 20 a\u00f1os de fundaci{on Santo Domingo, RD,- Autoridades de la Facultad de Artes (FA) de la Universidad Aut\u00f3noma de Santo Domingo (UASD) depositaron una ofrenda floral en la estatua del patricio Juan Pablo Duarte, ubicada en la explanada de la Alma M\u00e1ter de esa academia, [&hellip;]<\/p>\n","protected":false},"author":3,"featured_media":0,"comment_status":"open","ping_status":"open","sticky":false,"template":"","format":"standard","meta":{"footnotes":""},"categories":[21],"tags":[],"class_list":["post-56471","post","type-post","status-publish","format-standard","hentry","category-cultura"],"_links":{"self":[{"href":"https:\/\/diariodominicano.com\/index.php?rest_route=\/wp\/v2\/posts\/56471","targetHints":{"allow":["GET"]}}],"collection":[{"href":"https:\/\/diariodominicano.com\/index.php?rest_route=\/wp\/v2\/posts"}],"about":[{"href":"https:\/\/diariodominicano.com\/index.php?rest_route=\/wp\/v2\/types\/post"}],"author":[{"embeddable":true,"href":"https:\/\/diariodominicano.com\/index.php?rest_route=\/wp\/v2\/users\/3"}],"replies":[{"embeddable":true,"href":"https:\/\/diariodominicano.com\/index.php?rest_route=%2Fwp%2Fv2%2Fcomments&post=56471"}],"version-history":[{"count":0,"href":"https:\/\/diariodominicano.com\/index.php?rest_route=\/wp\/v2\/posts\/56471\/revisions"}],"wp:attachment":[{"href":"https:\/\/diariodominicano.com\/index.php?rest_route=%2Fwp%2Fv2%2Fmedia&parent=56471"}],"wp:term":[{"taxonomy":"category","embeddable":true,"href":"https:\/\/diariodominicano.com\/index.php?rest_route=%2Fwp%2Fv2%2Fcategories&post=56471"},{"taxonomy":"post_tag","embeddable":true,"href":"https:\/\/diariodominicano.com\/index.php?rest_route=%2Fwp%2Fv2%2Ftags&post=56471"}],"curies":[{"name":"wp","href":"https:\/\/api.w.org\/{rel}","templated":true}]}}