{"id":56460,"date":"2020-02-10T23:22:46","date_gmt":"2020-02-10T23:22:46","guid":{"rendered":"http:\/\/diariodominicano.ddns.net\/?p=56460"},"modified":"2020-02-10T23:22:46","modified_gmt":"2020-02-10T23:22:46","slug":"murio-el-brigadier-juan-sanchez-ramirez","status":"publish","type":"post","link":"https:\/\/diariodominicano.com\/?p=56460","title":{"rendered":"Muri\u00f3 el brigadier Juan S\u00e1nchez Ram\u00edrez&#13;"},"content":{"rendered":"<p><body><\/p>\n<p><img decoding=\"async\" src=\"img3\/sanchezR.jpg\" \/>  <\/p>\n<p><strong>Muri\u00f3 el brigadier Juan S\u00e1nchez Ram\u00edrez<\/strong><\/p>\n<p>S\u00e1nchez Ram\u00edrez, fue el jefe militar de las fuerzas que vencieron  a los franceses, comandados por Eugene Ferrand,  en la Batalla de Palo Hincado, el  7 de noviembre de 1808.<\/p>\n<p><strong>Por H\u00e9ctor Tineo Nolasco<\/strong><\/p>\n<p><strong>Diariodominicano.com<\/strong><\/p>\n<p><strong>SANTO DOMINGO,  el  11 de febrero de 1811<\/strong>, falleci\u00f3 en ciudad de Santo Domingo el Capit\u00e1n General de la Colonia Espa\u00f1ola de Santo Domingo,  brigadier Juan S\u00e1nchez Ram\u00edrez, quien sufr\u00eda de hidropes\u00eda.<\/p>\n<\/p>\n<p>S\u00e1nchez Ram\u00edrez, fue el jefe militar de las fuerzas que vencieron  a los franceses, comandados por Eugene Ferrand,  en la Batalla de Palo Hincado, el  7 de noviembre de 1808.<\/p>\n<\/p>\n<p>    La victoria  fue determinante para que Espa\u00f1a reconquistara su colonia de Santo Domingo, que era ocupada por Francia.<\/p>\n<\/p>\n<p>    Horas antes de su muerte, el brigadier  S\u00e1nchez Ram\u00edrez exhort\u00f3 a la poblaci\u00f3n de Santo Domingo a mantenerse fiel a Espa\u00f1a.<\/p>\n<\/p>\n<p>     En la Batalla de Palo Hincado,  las tropas de S\u00e1nchez Ram\u00edrez aniquilaron a las fuerzas militares del General franc\u00e9s Eugene Ferr\u00e1nd.<\/p>\n<\/p>\n<p>      Juan S\u00e1nchez Ram\u00edrez comandaba un ej\u00e9rcito de dos mil hombres, incluidos 300  que fueron enviados a Santo Domingo, por la Gobernaci\u00f3n Espa\u00f1ola de Puerto Rico. Desembarcaron  por Boca de Yuma, en Hig\u00fcey.<\/p>\n<\/p>\n<p>     De inmediato se unieron a las tropas que Juan S\u00e1nchez Ram\u00edrez hab\u00eda reunido en El Seibo, para marchar a la ciudad de Santo Domingo para enfrentar a los franceses.<\/p>\n<\/p>\n<p>     Se hab\u00edan producido enfrentamientos de los franceses en la regi\u00f3n sur, pero la batalla que permiti\u00f3 la reconquista del territorio espa\u00f1ol de la parte oriental de la Isla de Santo Domingo, fue la batalla de Palo Hincado, el 7 de noviembre de 1808.<\/p>\n<\/p>\n<p>    Se le da el nombre de Palo Hincado, porque los combates se desarrollaron en la Sabana de Palo Hincado.<\/p>\n<\/p>\n<p>    Casi todos los hombres del ej\u00e9rcito de Ferrand fueron muertos por las tropas del general Juan S\u00e1nchez Ram\u00edrez.<\/p>\n<\/p>\n<p>El  general Ferrand luego de la derrota se suicid\u00f3 de un disparo, en un hecho ocurrido en un arroyo cercano a Palo Hincado.<\/p>\n<\/p>\n<p>    Al perder la batalla,  Ferrand se ocult\u00f3 y se conoci\u00f3 de su muerte cuando fue localizado el cad\u00e1ver.<\/p>\n<\/p>\n<p>    Los militares franceses que sobrevivieron huyeron a la ciudad de Santo Domingo, pasando por bosques y lugares dif\u00edciles. Llegaron a la ciudad 15 d\u00edas despu\u00e9s.<\/p>\n<\/p>\n<p>    En la ciudad de Santo Domingo,  cuando se enteraron de los resultados de la Batalla de Palo Hincado, los franceses se declararon en pie de Guerra.<\/p>\n<\/p>\n<p>    El d\u00eda 12 de noviembre de 1808, la plaza de Santo Domingo fue declarada en Estado de sitio por el general franc\u00e9s Dubarquier, quien reemplaz\u00f3 al general Ferrand.<\/p>\n<\/p>\n<p>     Juan S\u00e1nchez Ram\u00edrez entr\u00f3 con sus tropas el d\u00eda 27 de noviembre y se instal\u00f3 en Jainamosa.<\/p>\n<\/p>\n<p>    Los franceses hab\u00edan ocupado la parte oriental de la isla de Santo Domingo, en virtud del Tratado de Basilea, firmado por  Francia y Espa\u00f1a, el 22 de julio de 1795.<\/p>\n<\/p>\n<p>    En virtud del convenio,  Espa\u00f1a le cedi\u00f3 a Francia su colonia de Santo Domingo, a cambio de las tierras que hab\u00eda perdido en la guerra con los franceses en la Pen\u00ednsula Ib\u00e9rica.<\/p>\n<\/p>\n<h6> 2020-02-10 23:22:46 <\/h6>\n<p><!--\n<link rel=\"stylesheet\" href=\"css\/bootstrap.min.css\">\n\n\n<ul class=\"pagination\">\n\t    \n\t\n\n<li >\n\t<a href='?page_no=838'>Previous<\/a>\n\t<\/li>\n\n\n       \n    \n\n<li><a href='?page_no=1'>1<\/a><\/li>\n\n\n\n<li><a href='?page_no=2'>2<\/a><\/li>\n\n\n\n<li><a>...<\/a><\/li>\n\n\n\n<li><a href='?page_no=837'>837<\/a><\/li>\n\n\n\n<li><a href='?page_no=838'>838<\/a><\/li>\n\n\n\n<li class='active'><a>839<\/a><\/li>\n\n\n\n<li><a href='?page_no=840'>840<\/a><\/li>\n\n\n\n<li><a href='?page_no=841'>841<\/a><\/li>\n\n\n\n<li><a>...<\/a><\/li>\n\n\n\n<li><a href='?page_no=22911'>22911<\/a><\/li>\n\n\n\n<li><a href='?page_no=22912'>22912<\/a><\/li>\n\n    \n\t\n\n<li >\n\t<a href='?page_no=840'>Next<\/a>\n\t<\/li>\n\n\n    \n\n<li><a href='?page_no=22912'>Last &rsaquo;&rsaquo;<\/a><\/li>\n\n<\/ul>\n\n\n--><br \/>\n<\/body><\/p>\n","protected":false},"excerpt":{"rendered":"<p>Muri\u00f3 el brigadier Juan S\u00e1nchez Ram\u00edrez S\u00e1nchez Ram\u00edrez, fue el jefe militar de las fuerzas que vencieron a los franceses, comandados por Eugene Ferrand, en la Batalla de Palo Hincado, el 7 de noviembre de 1808. Por H\u00e9ctor Tineo Nolasco Diariodominicano.com SANTO DOMINGO, el 11 de febrero de 1811, falleci\u00f3 en ciudad de Santo Domingo [&hellip;]<\/p>\n","protected":false},"author":3,"featured_media":0,"comment_status":"open","ping_status":"open","sticky":false,"template":"","format":"standard","meta":{"footnotes":""},"categories":[21],"tags":[],"class_list":["post-56460","post","type-post","status-publish","format-standard","hentry","category-cultura"],"_links":{"self":[{"href":"https:\/\/diariodominicano.com\/index.php?rest_route=\/wp\/v2\/posts\/56460","targetHints":{"allow":["GET"]}}],"collection":[{"href":"https:\/\/diariodominicano.com\/index.php?rest_route=\/wp\/v2\/posts"}],"about":[{"href":"https:\/\/diariodominicano.com\/index.php?rest_route=\/wp\/v2\/types\/post"}],"author":[{"embeddable":true,"href":"https:\/\/diariodominicano.com\/index.php?rest_route=\/wp\/v2\/users\/3"}],"replies":[{"embeddable":true,"href":"https:\/\/diariodominicano.com\/index.php?rest_route=%2Fwp%2Fv2%2Fcomments&post=56460"}],"version-history":[{"count":0,"href":"https:\/\/diariodominicano.com\/index.php?rest_route=\/wp\/v2\/posts\/56460\/revisions"}],"wp:attachment":[{"href":"https:\/\/diariodominicano.com\/index.php?rest_route=%2Fwp%2Fv2%2Fmedia&parent=56460"}],"wp:term":[{"taxonomy":"category","embeddable":true,"href":"https:\/\/diariodominicano.com\/index.php?rest_route=%2Fwp%2Fv2%2Fcategories&post=56460"},{"taxonomy":"post_tag","embeddable":true,"href":"https:\/\/diariodominicano.com\/index.php?rest_route=%2Fwp%2Fv2%2Ftags&post=56460"}],"curies":[{"name":"wp","href":"https:\/\/api.w.org\/{rel}","templated":true}]}}