{"id":564398,"date":"2024-10-06T23:11:58","date_gmt":"2024-10-07T03:11:58","guid":{"rendered":"https:\/\/diariodominicano.com\/?p=564398"},"modified":"2024-10-06T23:12:03","modified_gmt":"2024-10-07T03:12:03","slug":"rinden-homenaje-en-cuba-a-victimas-del-crimen-de-barbados-fotos","status":"publish","type":"post","link":"https:\/\/diariodominicano.com\/?p=564398","title":{"rendered":"Rinden homenaje en Cuba a v\u00edctimas del Crimen de Barbados (+Fotos)"},"content":{"rendered":"\n<p>La Habana, 6 oct (Prensa Latina) Cuba rinde hoy homenaje a las 73 v\u00edctimas del atentado terrorista cometido hace 48 a\u00f1os contra un avi\u00f3n de Cubana de Aviaci\u00f3n en las costas de Barbados y cuyos autores nunca fueron enjuiciados por el crimen.<\/p>\n\n\n\n<ul class=\"wp-block-list\">\n<li><a href=\"https:\/\/www.prensa-latina.cu\/2024\/10\/06\/\"><time>octubre 6, 2024 | 12:02<\/time><\/a><\/li>\n<\/ul>\n\n\n\n<ul class=\"wp-block-list\">\n<li>Fotos: Vladimir Molina Espada (FotosPL)<\/li>\n<\/ul>\n\n\n\n<ul class=\"wp-block-list\">\n<li><a href=\"https:\/\/www.prensa-latina.cu\/2024\/10\/06\/rinden-homenaje-en-cuba-a-victimas-del-crimen-de-barbados\/#\"><\/a><\/li>\n\n\n\n<li><a href=\"https:\/\/www.prensa-latina.cu\/2024\/10\/06\/rinden-homenaje-en-cuba-a-victimas-del-crimen-de-barbados\/#\"><\/a><\/li>\n\n\n\n<li><a href=\"https:\/\/www.prensa-latina.cu\/2024\/10\/06\/rinden-homenaje-en-cuba-a-victimas-del-crimen-de-barbados\/#\"><\/a><\/li>\n\n\n\n<li><a href=\"https:\/\/www.prensa-latina.cu\/2024\/10\/06\/rinden-homenaje-en-cuba-a-victimas-del-crimen-de-barbados\/#\"><\/a><\/li>\n<\/ul>\n\n\n\n<p>En tributo a los fallecidos de la acci\u00f3n terrorista ocurrida el 6 de octubre de 1976, autoridades y una representaci\u00f3n del pueblo cubano marcharon este domingo en peregrinaci\u00f3n hasta la capitalina Necr\u00f3polis de Col\u00f3n, como es habitual en la isla cuando se cumple un aniversario de la tragedia.<\/p>\n\n\n\n<figure class=\"wp-block-image\"><img decoding=\"async\" src=\"https:\/\/www.prensa-latina.cu\/wp-content\/uploads\/2024\/10\/20241006_VME01.jpg\" alt=\"\" class=\"wp-image-1263523\"\/><\/figure>\n\n\n\n<p>Ofrendas florales del l\u00edder de la Revoluci\u00f3n cubana, Ra\u00fal Castro, y del presidente Miguel D\u00edaz-Canel acompa\u00f1aron el homenaje.<\/p>\n\n\n\n<p>En las redes sociales, dirigentes de la naci\u00f3n caribe\u00f1a recordaron a las v\u00edctimas del crimen de Barbados y expresaron su m\u00e1s sentido tributo.<\/p>\n\n\n\n<p>D\u00edaz-Canel se\u00f1al\u00f3 en X que su pa\u00eds, junto a la Comunidad del Caribe, conmemora en esta jornada D\u00eda Caricom-Cuba contra el terrorismo.<\/p>\n\n\n\n<p>\u00abEsta efem\u00e9ride representa nuestro sentido homenaje a las v\u00edctimas del atroz crimen de Barbados y profundiza el compromiso de Caricom y Cuba de enfrentar toda manifestaci\u00f3n de terrorismo\u00bb, subray\u00f3 el mandatario en la red social.<\/p>\n\n\n\n<figure class=\"wp-block-image\"><img decoding=\"async\" src=\"https:\/\/www.prensa-latina.cu\/wp-content\/uploads\/2024\/10\/20241006_VME03.jpg\" alt=\"\" class=\"wp-image-1263521\"\/><\/figure>\n\n\n\n<p>El crimen de Barbados, como se le conoce a la destrucci\u00f3n en pleno vuelo con bombas instaladas en el interior de la aeronave CU-455, es considerado hasta ahora el peor ataque de este tipo en el hemisferio occidental y uno de los m\u00e1s brutales actos de terrorismo ejecutado contra la Revoluci\u00f3n cubana por personas al servicio de la Agencia Central de Inteligencia (CIA).<\/p>\n\n\n\n<p>De acuerdo con investigaciones, fue orquestado en Venezuela por los terroristas de origen cubano Luis Posada Carriles y Orlando Bosch, quienes emplearon a los venezolanos Hern\u00e1n Ricardo y Freddy Lugo para la colocaci\u00f3n de las bombas dentro del avi\u00f3n.<\/p>\n\n\n\n<p>Ricardo y Lugo fueron sentenciados a 20 a\u00f1os de prisi\u00f3n, mientras que Bosch tras un breve periodo detenido, qued\u00f3 absuelto por tecnicismos y Posada Carriles estuvo en prisi\u00f3n por ocho a\u00f1os, pero logr\u00f3 huir con el apoyo de los guardias del establecimiento penitenciario.<\/p>\n\n\n\n<p>Posteriormente, Posada Carriles y Bosch encontraron refugio en la ciudad norteamericana de Miami, donde, adem\u00e1s, continuaron hasta su muerte planificando acciones violentas y de desestabilizaci\u00f3n contra la mayor de las Antillas.<\/p>\n\n\n\n<p>En Cuba, el 6 de octubre fue instaurado de manera oficial como D\u00eda de las V\u00edctimas del Terrorismo de Estado.<\/p>\n\n\n\n<p>mem\/mks<\/p>\n\n\n\n<ul class=\"wp-block-list\">\n<li>#<a href=\"https:\/\/www.prensa-latina.cu\/etiqueta\/crimen-de-barbados\/\">Crimen de Barbados<\/a>\u00a0#<a href=\"https:\/\/www.prensa-latina.cu\/etiqueta\/cuba\/\">cuba<\/a>\u00a0#<a href=\"https:\/\/www.prensa-latina.cu\/etiqueta\/homenaje\/\">homenaje<\/a>\u00a0#<a href=\"https:\/\/www.prensa-latina.cu\/etiqueta\/terrorismo\/\">terrorismo<\/a><\/li>\n<\/ul>\n","protected":false},"excerpt":{"rendered":"<p>La Habana, 6 oct (Prensa Latina) Cuba rinde hoy homenaje a las 73 v\u00edctimas del atentado terrorista cometido hace 48 a\u00f1os contra un avi\u00f3n de Cubana de Aviaci\u00f3n en las costas de Barbados y cuyos autores nunca fueron enjuiciados por el crimen. En tributo a los fallecidos de la acci\u00f3n terrorista ocurrida el 6 de [&hellip;]<\/p>\n","protected":false},"author":2,"featured_media":564399,"comment_status":"closed","ping_status":"closed","sticky":true,"template":"","format":"standard","meta":{"footnotes":""},"categories":[26,23],"tags":[],"class_list":["post-564398","post","type-post","status-publish","format-standard","has-post-thumbnail","hentry","category-efemerides","category-internacional"],"_links":{"self":[{"href":"https:\/\/diariodominicano.com\/index.php?rest_route=\/wp\/v2\/posts\/564398","targetHints":{"allow":["GET"]}}],"collection":[{"href":"https:\/\/diariodominicano.com\/index.php?rest_route=\/wp\/v2\/posts"}],"about":[{"href":"https:\/\/diariodominicano.com\/index.php?rest_route=\/wp\/v2\/types\/post"}],"author":[{"embeddable":true,"href":"https:\/\/diariodominicano.com\/index.php?rest_route=\/wp\/v2\/users\/2"}],"replies":[{"embeddable":true,"href":"https:\/\/diariodominicano.com\/index.php?rest_route=%2Fwp%2Fv2%2Fcomments&post=564398"}],"version-history":[{"count":1,"href":"https:\/\/diariodominicano.com\/index.php?rest_route=\/wp\/v2\/posts\/564398\/revisions"}],"predecessor-version":[{"id":564400,"href":"https:\/\/diariodominicano.com\/index.php?rest_route=\/wp\/v2\/posts\/564398\/revisions\/564400"}],"wp:featuredmedia":[{"embeddable":true,"href":"https:\/\/diariodominicano.com\/index.php?rest_route=\/wp\/v2\/media\/564399"}],"wp:attachment":[{"href":"https:\/\/diariodominicano.com\/index.php?rest_route=%2Fwp%2Fv2%2Fmedia&parent=564398"}],"wp:term":[{"taxonomy":"category","embeddable":true,"href":"https:\/\/diariodominicano.com\/index.php?rest_route=%2Fwp%2Fv2%2Fcategories&post=564398"},{"taxonomy":"post_tag","embeddable":true,"href":"https:\/\/diariodominicano.com\/index.php?rest_route=%2Fwp%2Fv2%2Ftags&post=564398"}],"curies":[{"name":"wp","href":"https:\/\/api.w.org\/{rel}","templated":true}]}}