{"id":564383,"date":"2024-10-06T22:58:48","date_gmt":"2024-10-07T02:58:48","guid":{"rendered":"https:\/\/diariodominicano.com\/?p=564383"},"modified":"2024-10-06T22:59:14","modified_gmt":"2024-10-07T02:59:14","slug":"honran-en-caribe-a-victimas-del-sabotaje-de-avion-cubano-en-1976","status":"publish","type":"post","link":"https:\/\/diariodominicano.com\/?p=564383","title":{"rendered":"Honran en Caribe a v\u00edctimas del sabotaje de avi\u00f3n cubano en 1976"},"content":{"rendered":"\n<p>Bridgetown, 6 oct (Prensa Latina) Barbados, Guyana y Trinidad y Tobago acogieron hoy actos de tributo a las v\u00edctimas del sabotaje a un avi\u00f3n civil de Cuba hace 48 a\u00f1os, en los cuales condenaron cualquier forma de terrorismo.<\/p>\n\n\n\n<ul class=\"wp-block-list\">\n<li><a href=\"https:\/\/www.prensa-latina.cu\/2024\/10\/06\/\"><time>octubre 6, 2024 | 18:05<\/time><\/a><\/li>\n<\/ul>\n\n\n\n<ul class=\"wp-block-list\">\n<li><a href=\"https:\/\/www.prensa-latina.cu\/2024\/10\/06\/honran-en-caribe-a-victimas-del-sabotaje-de-avion-cubano-en-1976\/#\"><\/a><\/li>\n\n\n\n<li><a href=\"https:\/\/www.prensa-latina.cu\/2024\/10\/06\/honran-en-caribe-a-victimas-del-sabotaje-de-avion-cubano-en-1976\/#\"><\/a><\/li>\n\n\n\n<li><a href=\"https:\/\/www.prensa-latina.cu\/2024\/10\/06\/honran-en-caribe-a-victimas-del-sabotaje-de-avion-cubano-en-1976\/#\"><\/a><\/li>\n\n\n\n<li><a href=\"https:\/\/www.prensa-latina.cu\/2024\/10\/06\/honran-en-caribe-a-victimas-del-sabotaje-de-avion-cubano-en-1976\/#\"><\/a><\/li>\n<\/ul>\n\n\n\n<p>En la primera naci\u00f3n, la ceremonia tuvo lugar ante el monumento erigido en la bah\u00eda de Paynes y justo frente al lugar donde en esta fecha de 1976 cay\u00f3 la nave de Cubana de Aviaci\u00f3n tras explotar en pleno vuelo, debido a una bomba situada en su interior.<\/p>\n\n\n\n<p>Incluy\u00f3 la declamaci\u00f3n de poemas alusivos al suceso, variados segmentos culturales y los discursos de autoridades de ambos pa\u00edses.<\/p>\n\n\n\n<p>La ministra en funciones de Relaciones Exteriores de Barbados, Sandra Husbands, subray\u00f3 que aunque la tragedia se plane\u00f3 con el objetivo de crear terror entre los miembros de la Comunidad del Caribe (Caricom), tuvo un efecto contrario y conllev\u00f3 a robustecer el compromiso de la zona con consolidar las relaciones duraderas con Cuba.<\/p>\n\n\n\n<p>Mientras, en Trinidad y Tobago, la velada se celebr\u00f3 en el aeropuerto internacional de Puerto Espa\u00f1a, junto a una placa develada en 2016 por iniciativa del Movimiento de Solidaridad con Cuba en ese pa\u00eds.<\/p>\n\n\n\n<p>El canciller Amery Browne encabez\u00f3 el homenaje y ratific\u00f3 la posici\u00f3n de Trinidad y Tobago a favor del fin del bloqueo econ\u00f3mico, financiero y comercial de Estados Unidos contra Cuba, adem\u00e1s de pedir la exclusi\u00f3n de la mayor de las Antillas de la lista de pa\u00edses supuestos patrocinadores del terrorismo.<\/p>\n\n\n\n<p>Salud\u00f3 la adopci\u00f3n del 6 de octubre como D\u00eda Caricom-Cuba contra el terrorismo y exhort\u00f3 a que la oposici\u00f3n a ese flagelo sea mediante acciones cotidianas, en vez de en una ocasi\u00f3n espec\u00edfica.<\/p>\n\n\n\n<p>De igual manera, en Guyana se desarroll\u00f3 una ceremonia y deposit\u00f3 una ofrenda floral ante el monumento levantado en la universidad del pa\u00eds en memoria de los compatriotas, los ciudadanos de Cuba y la Rep\u00fablica Popular Democr\u00e1tica de Corea que perdieron la vida cuando explot\u00f3 la nave.<\/p>\n\n\n\n<p>Ese acto lo lider\u00f3 el ministro de Relaciones Exteriores, Hugh Todd, y adem\u00e1s reuni\u00f3 a otras autoridades del gobierno local, del cuerpo diplom\u00e1tico acreditado en Georgetown, de La Habana y de familiares y amigos de los fallecidos.<\/p>\n\n\n\n<p>Esas y otras actividades sesionaron este domingo en el contexto del d\u00eda Caricom-Cuba contra el Terrorismo; y adem\u00e1s los interlocutores aprovecharon para condenar tanto el genocidio de Israel en Gaza, como otros conflictos en el mundo donde a diario fallecen miles de inocentes.<\/p>\n\n\n\n<p>Hace 48 a\u00f1os una aeronave de Cubana de Aviaci\u00f3n estall\u00f3 con su tripulaci\u00f3n y pasajeros a bordo, entre los que se encontraban el equipo juvenil cubano de esgrima, 11 guyaneses y cinco norcoreanos.<\/p>\n\n\n\n<p>Los venezolanos Hern\u00e1n Ricardo y Freddy Lugo colocaron los explosivos en el aparato por orden de los terroristas de origen cubano Luis Posada Carriles y Orlando Bosch, quienes planearon el sabotaje desde Caracas.<\/p>\n\n\n\n<p>Los autores materiales del hecho fueron condenados a prisi\u00f3n pero ninguno de los organizadores nunca recibieron castigo alguno, pese a las m\u00faltiples denuncias en escenarios internacionales de que la voladura fue ejecutada por agentes de la Agencia Central de Inteligencia de Estados Unidos.<\/p>\n\n\n\n<p>npg\/ymr<\/p>\n","protected":false},"excerpt":{"rendered":"<p>Bridgetown, 6 oct (Prensa Latina) Barbados, Guyana y Trinidad y Tobago acogieron hoy actos de tributo a las v\u00edctimas del sabotaje a un avi\u00f3n civil de Cuba hace 48 a\u00f1os, en los cuales condenaron cualquier forma de terrorismo. En la primera naci\u00f3n, la ceremonia tuvo lugar ante el monumento erigido en la bah\u00eda de Paynes [&hellip;]<\/p>\n","protected":false},"author":2,"featured_media":564384,"comment_status":"closed","ping_status":"closed","sticky":true,"template":"","format":"standard","meta":{"footnotes":""},"categories":[26,23],"tags":[],"class_list":["post-564383","post","type-post","status-publish","format-standard","has-post-thumbnail","hentry","category-efemerides","category-internacional"],"_links":{"self":[{"href":"https:\/\/diariodominicano.com\/index.php?rest_route=\/wp\/v2\/posts\/564383","targetHints":{"allow":["GET"]}}],"collection":[{"href":"https:\/\/diariodominicano.com\/index.php?rest_route=\/wp\/v2\/posts"}],"about":[{"href":"https:\/\/diariodominicano.com\/index.php?rest_route=\/wp\/v2\/types\/post"}],"author":[{"embeddable":true,"href":"https:\/\/diariodominicano.com\/index.php?rest_route=\/wp\/v2\/users\/2"}],"replies":[{"embeddable":true,"href":"https:\/\/diariodominicano.com\/index.php?rest_route=%2Fwp%2Fv2%2Fcomments&post=564383"}],"version-history":[{"count":2,"href":"https:\/\/diariodominicano.com\/index.php?rest_route=\/wp\/v2\/posts\/564383\/revisions"}],"predecessor-version":[{"id":564386,"href":"https:\/\/diariodominicano.com\/index.php?rest_route=\/wp\/v2\/posts\/564383\/revisions\/564386"}],"wp:featuredmedia":[{"embeddable":true,"href":"https:\/\/diariodominicano.com\/index.php?rest_route=\/wp\/v2\/media\/564384"}],"wp:attachment":[{"href":"https:\/\/diariodominicano.com\/index.php?rest_route=%2Fwp%2Fv2%2Fmedia&parent=564383"}],"wp:term":[{"taxonomy":"category","embeddable":true,"href":"https:\/\/diariodominicano.com\/index.php?rest_route=%2Fwp%2Fv2%2Fcategories&post=564383"},{"taxonomy":"post_tag","embeddable":true,"href":"https:\/\/diariodominicano.com\/index.php?rest_route=%2Fwp%2Fv2%2Ftags&post=564383"}],"curies":[{"name":"wp","href":"https:\/\/api.w.org\/{rel}","templated":true}]}}