{"id":564314,"date":"2024-10-06T20:18:24","date_gmt":"2024-10-07T00:18:24","guid":{"rendered":"https:\/\/diariodominicano.com\/?p=564314"},"modified":"2024-10-06T20:18:26","modified_gmt":"2024-10-07T00:18:26","slug":"director-del-infotep-cita-aportes-de-la-institucion-en-la-formacion-de-tecnicos-cualificados-para-el-turismo","status":"publish","type":"post","link":"https:\/\/diariodominicano.com\/?p=564314","title":{"rendered":"Director del INFOTEP cita aportes de la instituci\u00f3n en la formaci\u00f3n de t\u00e9cnicos cualificados para el Turismo"},"content":{"rendered":"\n<p>\u00b7&nbsp;&nbsp;&nbsp;&nbsp;&nbsp;&nbsp;&nbsp;&nbsp;&nbsp;Santos Bad\u00eda particip\u00f3 como panelista en 1\u00aa Cumbre de ONU Turismo para \u00c1frica y las Am\u00e9ricas<\/p>\n\n\n\n<p>Punta Cana. -El director general del Instituto Nacional de Formaci\u00f3n T\u00e9cnico Profesional (INFOTEP), destac\u00f3 que, para satisfacer las demandas actuales y futuras de la Industria del Turismo y dem\u00e1s sectores de la econom\u00eda, la instituci\u00f3n ha dado un salto significativo en construcci\u00f3n de infraestructura f\u00edsica y tecnol\u00f3gica innovadoras, acorde con las exigencias de la Cuarta Revoluci\u00f3n Industrial.<\/p>\n\n\n\n<figure class=\"wp-block-gallery has-nested-images columns-default is-cropped wp-block-gallery-1 is-layout-flex wp-block-gallery-is-layout-flex\">\n<figure class=\"wp-block-image size-large\"><img loading=\"lazy\" decoding=\"async\" width=\"1024\" height=\"682\" data-id=\"564322\" src=\"https:\/\/diariodominicano.com\/wp-content\/uploads\/2024\/10\/Rafael-Santos-Badia-director-general-del-INFOTEP-panelista-a-1a-Cumbre-de-ONU-Turismo-para-Africa-y-las-Americas-1024x682.jpg\" alt=\"\" class=\"wp-image-564322\" srcset=\"https:\/\/diariodominicano.com\/wp-content\/uploads\/2024\/10\/Rafael-Santos-Badia-director-general-del-INFOTEP-panelista-a-1a-Cumbre-de-ONU-Turismo-para-Africa-y-las-Americas-1024x682.jpg 1024w, https:\/\/diariodominicano.com\/wp-content\/uploads\/2024\/10\/Rafael-Santos-Badia-director-general-del-INFOTEP-panelista-a-1a-Cumbre-de-ONU-Turismo-para-Africa-y-las-Americas-300x200.jpg 300w, https:\/\/diariodominicano.com\/wp-content\/uploads\/2024\/10\/Rafael-Santos-Badia-director-general-del-INFOTEP-panelista-a-1a-Cumbre-de-ONU-Turismo-para-Africa-y-las-Americas-768x512.jpg 768w, https:\/\/diariodominicano.com\/wp-content\/uploads\/2024\/10\/Rafael-Santos-Badia-director-general-del-INFOTEP-panelista-a-1a-Cumbre-de-ONU-Turismo-para-Africa-y-las-Americas-1536x1024.jpg 1536w, https:\/\/diariodominicano.com\/wp-content\/uploads\/2024\/10\/Rafael-Santos-Badia-director-general-del-INFOTEP-panelista-a-1a-Cumbre-de-ONU-Turismo-para-Africa-y-las-Americas-2048x1365.jpg 2048w, https:\/\/diariodominicano.com\/wp-content\/uploads\/2024\/10\/Rafael-Santos-Badia-director-general-del-INFOTEP-panelista-a-1a-Cumbre-de-ONU-Turismo-para-Africa-y-las-Americas-816x544.jpg 816w\" sizes=\"auto, (max-width: 1024px) 100vw, 1024px\" \/><\/figure>\n<\/figure>\n\n\n\n<p>\u201cEl INFOTEP ha aprovechado esta Cuarta Revoluci\u00f3n Industrial, haciendo provecho de la inteligencia artificial y la rob\u00f3tica, para acelerar el conocimiento, los aprendizajes de calidad\u201d, expuso Santos Bad\u00eda, al participar como panelista a 1\u00aa Cumbre de ONU Turismo para \u00c1frica y las Am\u00e9ricas, donde participaron ministros y representantes del turismo de m\u00e1s de 70 pa\u00edses de estos continentes.<\/p>\n\n\n\n<figure class=\"wp-block-gallery has-nested-images columns-default is-cropped wp-block-gallery-2 is-layout-flex wp-block-gallery-is-layout-flex\">\n<figure class=\"wp-block-image size-large\"><img loading=\"lazy\" decoding=\"async\" width=\"1024\" height=\"682\" data-id=\"564320\" src=\"https:\/\/diariodominicano.com\/wp-content\/uploads\/2024\/10\/1a-Cumbre-de-ONU-Turismo-para-Africa-y-las-Americas-1024x682.jpg\" alt=\"\" class=\"wp-image-564320\" srcset=\"https:\/\/diariodominicano.com\/wp-content\/uploads\/2024\/10\/1a-Cumbre-de-ONU-Turismo-para-Africa-y-las-Americas-1024x682.jpg 1024w, https:\/\/diariodominicano.com\/wp-content\/uploads\/2024\/10\/1a-Cumbre-de-ONU-Turismo-para-Africa-y-las-Americas-300x200.jpg 300w, https:\/\/diariodominicano.com\/wp-content\/uploads\/2024\/10\/1a-Cumbre-de-ONU-Turismo-para-Africa-y-las-Americas-768x512.jpg 768w, https:\/\/diariodominicano.com\/wp-content\/uploads\/2024\/10\/1a-Cumbre-de-ONU-Turismo-para-Africa-y-las-Americas-1536x1024.jpg 1536w, https:\/\/diariodominicano.com\/wp-content\/uploads\/2024\/10\/1a-Cumbre-de-ONU-Turismo-para-Africa-y-las-Americas-2048x1365.jpg 2048w, https:\/\/diariodominicano.com\/wp-content\/uploads\/2024\/10\/1a-Cumbre-de-ONU-Turismo-para-Africa-y-las-Americas-816x544.jpg 816w\" sizes=\"auto, (max-width: 1024px) 100vw, 1024px\" \/><\/figure>\n<\/figure>\n\n\n\n<p>En ese sentido resalt\u00f3 la instalaci\u00f3n de un aula polimedia para la creaci\u00f3n de contenidos multimedia virtuales, as\u00ed como una Academia de Tecnolog\u00eda INFOTEP-HUAWEI para construir un ecosistema de talentos en TIC, proporcionando habilidades de \u00faltima generaci\u00f3n tecnol\u00f3gica para el desarrollo de la industria dominicana.<\/p>\n\n\n\n<p>Explic\u00f3 que el INFOTEP ofrece capacitaci\u00f3n dentro de las mismas instalaciones hoteleras, a trav\u00e9s de la modalidad de formaci\u00f3n dual, con un 80% de pr\u00e1ctica y un 20% de teor\u00eda<\/p>\n\n\n\n<figure class=\"wp-block-gallery has-nested-images columns-default is-cropped wp-block-gallery-3 is-layout-flex wp-block-gallery-is-layout-flex\">\n<figure class=\"wp-block-image size-large\"><img loading=\"lazy\" decoding=\"async\" width=\"1024\" height=\"682\" data-id=\"564320\" src=\"https:\/\/diariodominicano.com\/wp-content\/uploads\/2024\/10\/1a-Cumbre-de-ONU-Turismo-para-Africa-y-las-Americas-1024x682.jpg\" alt=\"\" class=\"wp-image-564320\" srcset=\"https:\/\/diariodominicano.com\/wp-content\/uploads\/2024\/10\/1a-Cumbre-de-ONU-Turismo-para-Africa-y-las-Americas-1024x682.jpg 1024w, https:\/\/diariodominicano.com\/wp-content\/uploads\/2024\/10\/1a-Cumbre-de-ONU-Turismo-para-Africa-y-las-Americas-300x200.jpg 300w, https:\/\/diariodominicano.com\/wp-content\/uploads\/2024\/10\/1a-Cumbre-de-ONU-Turismo-para-Africa-y-las-Americas-768x512.jpg 768w, https:\/\/diariodominicano.com\/wp-content\/uploads\/2024\/10\/1a-Cumbre-de-ONU-Turismo-para-Africa-y-las-Americas-1536x1024.jpg 1536w, https:\/\/diariodominicano.com\/wp-content\/uploads\/2024\/10\/1a-Cumbre-de-ONU-Turismo-para-Africa-y-las-Americas-2048x1365.jpg 2048w, https:\/\/diariodominicano.com\/wp-content\/uploads\/2024\/10\/1a-Cumbre-de-ONU-Turismo-para-Africa-y-las-Americas-816x544.jpg 816w\" sizes=\"auto, (max-width: 1024px) 100vw, 1024px\" \/><\/figure>\n<\/figure>\n\n\n\n<p>El director del INFOTEP tambi\u00e9n dijo que para toda la provincia La Altagracia, la instituci\u00f3n dispone de la Escuela de Hoteler\u00eda, Gastronom\u00eda y Pasteler\u00eda donde se han capacitado m\u00e1s de 15 mil t\u00e9cnicos para la industria tur\u00edstica.<\/p>\n\n\n\n<p>Agreg\u00f3 que se abrir\u00e1 una escuela de turismo en Sabana de la Mar, a partir de la remodelaci\u00f3n del viejo hotel Villa Suiza, para formar t\u00e9cnicos especializados en hoteler\u00eda.<\/p>\n\n\n\n<p>Se refiri\u00f3, adem\u00e1s, a la transformaci\u00f3n del Hotel Guarocuya de Barahona, en una escuela de formaci\u00f3n de la industria tur\u00edstica y hotelera, desde donde se ofrecer\u00e1 servicio a las cuatro provincias de la regi\u00f3n Enriquillo, con la finalidad de preparar personas para el polo tur\u00edstico que se est\u00e1 desarrollando en Pedernales.<\/p>\n\n\n\n<p>En t\u00e9rmino de la curr\u00edcula, explic\u00f3 que la tradicional es muy larga y que se est\u00e1 simplificando, a fin de que los j\u00f3venes puedan aprender en un tiempo m\u00e1s breve.<\/p>\n\n\n\n<p>Santos Bad\u00eda particip\u00f3 en el panel Educaci\u00f3n: \u201cConstruyendo un ma\u00f1ana mejor, hoy\u201d, junto a Malemwa Moongwa, presidenta del Consejo de Gobierno del Instituto de Estudios de Turismo y Hoteler\u00eda de Zambia.<\/p>\n\n\n\n<p>Tambi\u00e9n Andr\u00e9s Mark, director general de la Escuela de Negocios y Hospitalidad de Suiza; Morena Valdez, ministra de Turismo de El Salvador y Yanira Mart\u00ednez, subsecretaria de Turismo de Argentina, as\u00ed como Katherine Vado, experta en Turismo Sostenible de Rep\u00fablica Dominicana.<\/p>\n\n\n\n<p>Este panel se enfoc\u00f3 en el papel fundamental de la educaci\u00f3n y el desarrollo de competencias para garantizar la competitividad del sector tur\u00edstico en ambos continentes.<\/p>\n\n\n\n<p>Prensa INFOTEP prensainfotep@infotep.gob.do <\/p>\n","protected":false},"excerpt":{"rendered":"<p>\u00b7&nbsp;&nbsp;&nbsp;&nbsp;&nbsp;&nbsp;&nbsp;&nbsp;&nbsp;Santos Bad\u00eda particip\u00f3 como panelista en 1\u00aa Cumbre de ONU Turismo para \u00c1frica y las Am\u00e9ricas Punta Cana. -El director general del Instituto Nacional de Formaci\u00f3n T\u00e9cnico Profesional (INFOTEP), destac\u00f3 que, para satisfacer las demandas actuales y futuras de la Industria del Turismo y dem\u00e1s sectores de la econom\u00eda, la instituci\u00f3n ha dado un salto [&hellip;]<\/p>\n","protected":false},"author":7,"featured_media":564324,"comment_status":"closed","ping_status":"closed","sticky":false,"template":"","format":"standard","meta":{"footnotes":""},"categories":[36],"tags":[94],"class_list":["post-564314","post","type-post","status-publish","format-standard","has-post-thumbnail","hentry","category-hombresmujeresycosas","tag-infotep"],"_links":{"self":[{"href":"https:\/\/diariodominicano.com\/index.php?rest_route=\/wp\/v2\/posts\/564314","targetHints":{"allow":["GET"]}}],"collection":[{"href":"https:\/\/diariodominicano.com\/index.php?rest_route=\/wp\/v2\/posts"}],"about":[{"href":"https:\/\/diariodominicano.com\/index.php?rest_route=\/wp\/v2\/types\/post"}],"author":[{"embeddable":true,"href":"https:\/\/diariodominicano.com\/index.php?rest_route=\/wp\/v2\/users\/7"}],"replies":[{"embeddable":true,"href":"https:\/\/diariodominicano.com\/index.php?rest_route=%2Fwp%2Fv2%2Fcomments&post=564314"}],"version-history":[{"count":1,"href":"https:\/\/diariodominicano.com\/index.php?rest_route=\/wp\/v2\/posts\/564314\/revisions"}],"predecessor-version":[{"id":564325,"href":"https:\/\/diariodominicano.com\/index.php?rest_route=\/wp\/v2\/posts\/564314\/revisions\/564325"}],"wp:featuredmedia":[{"embeddable":true,"href":"https:\/\/diariodominicano.com\/index.php?rest_route=\/wp\/v2\/media\/564324"}],"wp:attachment":[{"href":"https:\/\/diariodominicano.com\/index.php?rest_route=%2Fwp%2Fv2%2Fmedia&parent=564314"}],"wp:term":[{"taxonomy":"category","embeddable":true,"href":"https:\/\/diariodominicano.com\/index.php?rest_route=%2Fwp%2Fv2%2Fcategories&post=564314"},{"taxonomy":"post_tag","embeddable":true,"href":"https:\/\/diariodominicano.com\/index.php?rest_route=%2Fwp%2Fv2%2Ftags&post=564314"}],"curies":[{"name":"wp","href":"https:\/\/api.w.org\/{rel}","templated":true}]}}