{"id":564286,"date":"2024-10-06T18:25:11","date_gmt":"2024-10-06T22:25:11","guid":{"rendered":"https:\/\/diariodominicano.com\/?p=564286"},"modified":"2024-10-06T18:25:20","modified_gmt":"2024-10-06T22:25:20","slug":"mp-deposita-solicitud-de-medida-de-coercion-contra-seis-personas-arrestadas-en-la-operacion-arrecife-2-0","status":"publish","type":"post","link":"https:\/\/diariodominicano.com\/?p=564286","title":{"rendered":"MP deposita solicitud de medida de coerci\u00f3n contra seis personas arrestadas en la Operaci\u00f3n Arrecife 2.0"},"content":{"rendered":"\n<p>diariodominicano.com<\/p>\n\n\n\n<p>Nagua, Mar\u00eda Trinidad S\u00e1nchez, R<strong>. D.,<\/strong> 6 de octubre, 2024<strong>.-<\/strong>\u00a0La Procuradur\u00eda Especializada Antilavado de Activos y Financiamiento del Terrorismo y la Fiscal\u00eda de Mar\u00eda Trinidad S\u00e1nchez, presentaron la solicitud de imposici\u00f3n de medida de coerci\u00f3n contra seis personas a quienes les imputa ser miembros de una red responsable de tr\u00e1fico internacional de drogas, tr\u00e1fico de armas y lavado de activos desmantelada en la Operaci\u00f3n Arrecife 2.0.<\/p>\n\n\n\n<p>El Ministerio P\u00fablico ha depositado la solicitud de medida de coerci\u00f3n en contra de \u00c1ngel Mar\u00eda Polanco Tavarez, Luis Ar\u00edstides Alcequiez, Ana Victoria Duarte Trinidad de Alcequiez, Alanna Familia, Ana Mar\u00eda Pe\u00f1a Mel\u00e9ndez y Wilmer Manuel Polanco Caridad, quienes fueron arrestados en allanamientos simult\u00e1neos, ejecutados el pasado 4 de octubre, en Mar\u00eda Trinidad S\u00e1nchez, Saman\u00e1, Montecristi, la provincia Santo Domingo (en sus municipios Santo Domingo Este y Oeste) y el Distrito Nacional.<\/p>\n\n\n\n<p>En los allanamientos, el Ministerio P\u00fablico ocup\u00f3 m\u00e1s de 2 millones de pesos en efectivo, 11 veh\u00edculos alta gama, entre los que destacan un Toyota de los modelos Hilux y 4Runner, Lexus, Mercedes Benz, entre otros, as\u00ed como seis pistolas y escopetas y varias municiones de guerra, que se suman a las piezas probatorias en contra de la organizaci\u00f3n criminal.<\/p>\n\n\n\n<p>Entre las armas de fuego ocupadas a la organizaci\u00f3n delictiva, se encuentra la pistola de marca Daewoo, modelo DP51, calibre 9MM, de color negra, y serie BA501921, en el ca\u00f1\u00f3n a manuscrito, tiene un n\u00famero 2471-16,&nbsp; registrada a nombre de Cristian Antonio Dicent Polanco, quien aparece en el sistema con un proceso por homicidio, ante el Segundo Juzgado de la Instrucci\u00f3n del Distrito Judicial de Santo Domingo y buscado activamente por la Organizaci\u00f3n Internacional de Polic\u00eda Criminal (INTERPOL), seg\u00fan rese\u00f1an diferentes medios de comunicaci\u00f3n.<\/p>\n\n\n\n<p>Por su parte, el \u00f3rgano acusador, ha informado que se encuentra pr\u00f3fugo Joel Antonio Est\u00e9vez Batista, arrojando la investigaci\u00f3n, que es un reconocido Narcotraficante, con varios antecedentes por tr\u00e1fico de drogas, adem\u00e1s fue condenado en el a\u00f1o 2019, a una pena de 30 a\u00f1os de prisi\u00f3n por patrocinio de tr\u00e1fico internacional de drogas, junto al tambi\u00e9n reconocido narcotraficante Alejandro Vidal, mediante sentencia No. 371-05-2019-SSEN-00145, de fecha 24 del mes de julio del a\u00f1o 2019, dictada por el Tercer Tribunal Colegiado del Juzgado de Primera Instancia de Santiago, este \u00faltimo encontrado muerto mientras cumpl\u00eda condena en el Centro de Correcci\u00f3n y Rehabilitaci\u00f3n El Pinito en La Vega, el cual seg\u00fan autopsia fue envenenado en la c\u00e1rcel.<\/p>\n\n\n\n<p>La estructura de narcotr\u00e1fico internacional funciona desde el a\u00f1o 2015, en la misma desarrollan actividades propias del crimen organizado incluyendo el lavado de activos, y varios de sus miembros ya han sido condenados.<\/p>\n\n\n\n<p>Se recuerda que el pasado viernes, m\u00e1s de 25 fiscales, 350 miembros de la Direcci\u00f3n Nacional de Control de Drogas y un equipo t\u00e9cnico del Ministerio P\u00fablico, pusieron en marcha la Operaci\u00f3n Arrecife 2.0, por aire, mar y tierra, en los lugares bajo dominio y control de los miembros de esa organizaci\u00f3n criminal, entre los que se encuentran apartamentos, discotecas, licor store, almacenes, fincas, villas, entre otros,<\/p>\n\n\n\n<p>Toda esta acci\u00f3n judicial,&nbsp; relacionada al hallazgo en fecha 20 de febrero del a\u00f1o 2023, de doscientos cuarenta y tres (243) paquetes de coca\u00edna clorhidratada, ocupadas en una villa ubicada en la carretera R\u00edo San Juan- Cabrera, pr\u00f3ximo al Cliffs Residences y el Rinc\u00f3n del Pirata de la provincia Mar\u00eda Trinidad S\u00e1nchez, donde result\u00f3 arrestado en flagrante delito el imputado Javier de Jes\u00fas de Oleo, oriundo de la ciudad de Santo Domingo, mientras custodiaba la referida sustancia controlada, junto a este, tambi\u00e9n se encuentran con medida de coerci\u00f3n Omar Ortiz Mosquea, Di\u00f3genes Gil Marte, Rafael Arturo Hern\u00e1ndez Garc\u00eda (a) Titi, Eduardo Antonio Mart\u00ednez, Eduardo Antonio Mart\u00ednez Adames (a) Pluma y\/o Condorito.<\/p>\n\n\n\n<p>En tanto que, la procuradora Ramona Nova Cabrera, titular de la Procuradur\u00eda Especializada Antilavado de Activos y Financiamiento del Terrorismo y el fiscal titular de la Fiscal\u00eda de Mar\u00eda Trinidad Juan Mateo Cipri\u00e1n, S\u00e1nchez, aseveraron que esta segunda intervenci\u00f3n ha sido un golpe mortal para la desarticulaci\u00f3n de esta estructura de crimen organizado y, no solo para la provincia Mar\u00eda Trinidad S\u00e1nchez, sino para sectores como Villa Mar\u00eda, en el Distrito Nacional, donde s\u00f3lo ah\u00ed se ocuparon seis armas de fuego, entre pistolas y escopetas.<\/p>\n\n\n\n<p>De igual forma, comunicaron el asiduo trabajo de investigaci\u00f3n de los Fiscales Luis Alberto Garc\u00eda Hern\u00e1ndez y Pedro Medina Quezada, ambos de la Procuradur\u00eda Especializada Antilavado de Activos y Financiamiento del Terrorismo, adem\u00e1s del equipo t\u00e1ctico de la Direcci\u00f3n Nacional de Control de Drogas (DNCD), a trav\u00e9s de su Direcci\u00f3n de Investigaci\u00f3n Financiera y Lavado de Activos (DIFLA) y el Centro de Informaci\u00f3n y Coordinaci\u00f3n Conjunta (CICC).<\/p>\n\n\n\n<p>La Oficina Judicial de los Servicios de Atenci\u00f3n Permanente del Distrito Judicial de Mar\u00eda Trinidad S\u00e1nchez ha fijado para este lunes 7 de octubre de 2024, el conocimiento de la medida de coerci\u00f3n.<\/p>\n\n\n\n<p>El Ministerio P\u00fablico, estar\u00e1 solicitando la declaratoria del caso complejo, en virtud de la normativa procesal penal y la imposici\u00f3n de medidas de coerci\u00f3n como la prisi\u00f3n preventiva, para los principales l\u00edderes de la estructura, as\u00ed como garant\u00eda econ\u00f3mica y presentaci\u00f3n peri\u00f3dica a otros.<strong><\/strong><\/p>\n\n\n\n<p><strong>Direcci\u00f3n General de Comunicaci\u00f3n, Prensa, y RRPP<\/strong><strong><\/strong><\/p>\n\n\n\n<p>Ministerio P\u00fablico.&nbsp;R.D.<\/p>\n\n\n\n<p>Domingo, 6 de octubre de 2024<\/p>\n","protected":false},"excerpt":{"rendered":"<p>diariodominicano.com Nagua, Mar\u00eda Trinidad S\u00e1nchez, R. D., 6 de octubre, 2024.-\u00a0La Procuradur\u00eda Especializada Antilavado de Activos y Financiamiento del Terrorismo y la Fiscal\u00eda de Mar\u00eda Trinidad S\u00e1nchez, presentaron la solicitud de imposici\u00f3n de medida de coerci\u00f3n contra seis personas a quienes les imputa ser miembros de una red responsable de tr\u00e1fico internacional de drogas, tr\u00e1fico [&hellip;]<\/p>\n","protected":false},"author":5,"featured_media":564287,"comment_status":"closed","ping_status":"closed","sticky":true,"template":"","format":"standard","meta":{"footnotes":""},"categories":[24,27],"tags":[],"class_list":["post-564286","post","type-post","status-publish","format-standard","has-post-thumbnail","hentry","category-justicia-y-derecho","category-portada"],"_links":{"self":[{"href":"https:\/\/diariodominicano.com\/index.php?rest_route=\/wp\/v2\/posts\/564286","targetHints":{"allow":["GET"]}}],"collection":[{"href":"https:\/\/diariodominicano.com\/index.php?rest_route=\/wp\/v2\/posts"}],"about":[{"href":"https:\/\/diariodominicano.com\/index.php?rest_route=\/wp\/v2\/types\/post"}],"author":[{"embeddable":true,"href":"https:\/\/diariodominicano.com\/index.php?rest_route=\/wp\/v2\/users\/5"}],"replies":[{"embeddable":true,"href":"https:\/\/diariodominicano.com\/index.php?rest_route=%2Fwp%2Fv2%2Fcomments&post=564286"}],"version-history":[{"count":1,"href":"https:\/\/diariodominicano.com\/index.php?rest_route=\/wp\/v2\/posts\/564286\/revisions"}],"predecessor-version":[{"id":564288,"href":"https:\/\/diariodominicano.com\/index.php?rest_route=\/wp\/v2\/posts\/564286\/revisions\/564288"}],"wp:featuredmedia":[{"embeddable":true,"href":"https:\/\/diariodominicano.com\/index.php?rest_route=\/wp\/v2\/media\/564287"}],"wp:attachment":[{"href":"https:\/\/diariodominicano.com\/index.php?rest_route=%2Fwp%2Fv2%2Fmedia&parent=564286"}],"wp:term":[{"taxonomy":"category","embeddable":true,"href":"https:\/\/diariodominicano.com\/index.php?rest_route=%2Fwp%2Fv2%2Fcategories&post=564286"},{"taxonomy":"post_tag","embeddable":true,"href":"https:\/\/diariodominicano.com\/index.php?rest_route=%2Fwp%2Fv2%2Ftags&post=564286"}],"curies":[{"name":"wp","href":"https:\/\/api.w.org\/{rel}","templated":true}]}}