{"id":564241,"date":"2024-10-06T17:13:28","date_gmt":"2024-10-06T21:13:28","guid":{"rendered":"https:\/\/diariodominicano.com\/?p=564241"},"modified":"2024-10-06T17:13:35","modified_gmt":"2024-10-06T21:13:35","slug":"banco-popular-fomenta-la-ciberseguridad-entre-clientes","status":"publish","type":"post","link":"https:\/\/diariodominicano.com\/?p=564241","title":{"rendered":"Banco Popular fomenta la ciberseguridad entre clientes"},"content":{"rendered":"\n<p><strong>Realizar\u00e1n encuentros presenciales y virtuales en el Mes de la Ciberseguridad<\/strong><\/p>\n\n\n\n<p><strong>Santo Domingo, D.N. \u2013&nbsp;<\/strong>El Banco Popular Dominicano, en el marco del Mes de Concienciaci\u00f3n sobre Ciberseguridad, que se celebra en octubre, llevar\u00e1 a cabo una serie de actividades con el objetivo de aumentar la educaci\u00f3n y protecci\u00f3n de sus clientes en materia de ciberseguridad.<\/p>\n\n\n\n<p>Bajo el lema \u201cProtejamos nuestro mundo\u201d, la versi\u00f3n 2024 de este Mes de la Ciberseguridad busca movilizar a los usuarios para combatir las ciberamenazas, protegi\u00e9ndose a s\u00ed mismos y a sus empresas con medidas sencillas y eficaces.<\/p>\n\n\n\n<p>Desde este punto de vista, la organizaci\u00f3n financiera realizar\u00e1 un webinario para los clientes del Banco Popular y de otras filiales de Grupo Popular el 23 de octubre, un encuentro virtual para pymes y emprendedores el 30 de octubre a trav\u00e9s del canal LinkedIn Audio, en el perfil de LinkedIn del Popular, as\u00ed como una charla presencial en Santiago. &nbsp;<\/p>\n\n\n\n<p>Estos eventos, conducidos por el equipo de expertos del \u00c1rea de Seguridad de la Informaci\u00f3n de la organizaci\u00f3n financiera, ofrecer\u00e1n la oportunidad de conocer las amenazas m\u00e1s frecuentes y las herramientas disponibles para proteger sus negocios y vidas en el \u00e1mbito digital.<\/p>\n\n\n\n<p>En el portal Popularenlinea.com y en las redes sociales institucionales se publicar\u00e1n los detalles sobre los procedimientos de registro y participaci\u00f3n.<\/p>\n\n\n\n<p><strong>Prevenci\u00f3n y protecci\u00f3n cibern\u00e9tica<\/strong><\/p>\n\n\n\n<p>El Popular se ha posicionado como l\u00edder en el \u00e1mbito de la transformaci\u00f3n digital de los servicios financieros en la Rep\u00fablica Dominicana y tambi\u00e9n en el terreno de la ciberseguridad, para lo cual cuenta en su infraestructura tecnol\u00f3gica con un avanzado sistema de monitoreo operado por su Centro de Operaciones de Seguridad (SOC) y su Centro de Operaciones de Red (NOC). Ambos centros vigilan m\u00e1s de 30,000 eventos por segundo, asegurando la protecci\u00f3n constante de sus sistemas y la integridad digital de sus clientes.<\/p>\n\n\n\n<p>Adem\u00e1s de las actividades de este Mes de la Ciberseguridad, la entidad bancaria promueve una cultura de prevenci\u00f3n activa durante todo el a\u00f1o, capacitando tanto a sus clientes como a sus colaboradores para reducir la exposici\u00f3n a los ciberataques.<\/p>\n\n\n\n<p>Como ejemplo de esto est\u00e1 la iniciativa \u201cPistas de Seguridad\u201d donde el Popular comparte consejos y recomendaciones sobre concienciaci\u00f3n digital a trav\u00e9s de su p\u00e1gina web, redes sociales y correo electr\u00f3nico a su base de clientes.<\/p>\n\n\n\n<p>Entre los contenidos de concienciaci\u00f3n, el banco tambi\u00e9n ofrece el p\u00f3dcast educativo \u201c\u00a1Alerta roja: nos han hackeado!\u201d, dirigido a pymes, en el cual se presentan situaciones imaginarias de ciberataques en diferentes tipos de peque\u00f1as empresas que tienen pr\u00e1cticas deficientes y cu\u00e1les ser\u00edan las supuestas repercusiones de sus errores.<\/p>\n\n\n\n<p><strong>Vicepresidencia Ejecutiva<\/strong><\/p>\n\n\n\n<p><strong>Comunicaciones Corporativas, Reputaci\u00f3n y Banca Responsable<\/strong><\/p>\n\n\n\n<p><strong>Grupo Popular, S. A.<\/strong><\/p>\n","protected":false},"excerpt":{"rendered":"<p>Realizar\u00e1n encuentros presenciales y virtuales en el Mes de la Ciberseguridad Santo Domingo, D.N. \u2013&nbsp;El Banco Popular Dominicano, en el marco del Mes de Concienciaci\u00f3n sobre Ciberseguridad, que se celebra en octubre, llevar\u00e1 a cabo una serie de actividades con el objetivo de aumentar la educaci\u00f3n y protecci\u00f3n de sus clientes en materia de ciberseguridad. [&hellip;]<\/p>\n","protected":false},"author":7,"featured_media":564264,"comment_status":"closed","ping_status":"closed","sticky":true,"template":"","format":"standard","meta":{"footnotes":""},"categories":[18,27],"tags":[],"class_list":["post-564241","post","type-post","status-publish","format-standard","has-post-thumbnail","hentry","category-economia","category-portada"],"_links":{"self":[{"href":"https:\/\/diariodominicano.com\/index.php?rest_route=\/wp\/v2\/posts\/564241","targetHints":{"allow":["GET"]}}],"collection":[{"href":"https:\/\/diariodominicano.com\/index.php?rest_route=\/wp\/v2\/posts"}],"about":[{"href":"https:\/\/diariodominicano.com\/index.php?rest_route=\/wp\/v2\/types\/post"}],"author":[{"embeddable":true,"href":"https:\/\/diariodominicano.com\/index.php?rest_route=\/wp\/v2\/users\/7"}],"replies":[{"embeddable":true,"href":"https:\/\/diariodominicano.com\/index.php?rest_route=%2Fwp%2Fv2%2Fcomments&post=564241"}],"version-history":[{"count":1,"href":"https:\/\/diariodominicano.com\/index.php?rest_route=\/wp\/v2\/posts\/564241\/revisions"}],"predecessor-version":[{"id":564265,"href":"https:\/\/diariodominicano.com\/index.php?rest_route=\/wp\/v2\/posts\/564241\/revisions\/564265"}],"wp:featuredmedia":[{"embeddable":true,"href":"https:\/\/diariodominicano.com\/index.php?rest_route=\/wp\/v2\/media\/564264"}],"wp:attachment":[{"href":"https:\/\/diariodominicano.com\/index.php?rest_route=%2Fwp%2Fv2%2Fmedia&parent=564241"}],"wp:term":[{"taxonomy":"category","embeddable":true,"href":"https:\/\/diariodominicano.com\/index.php?rest_route=%2Fwp%2Fv2%2Fcategories&post=564241"},{"taxonomy":"post_tag","embeddable":true,"href":"https:\/\/diariodominicano.com\/index.php?rest_route=%2Fwp%2Fv2%2Ftags&post=564241"}],"curies":[{"name":"wp","href":"https:\/\/api.w.org\/{rel}","templated":true}]}}