{"id":564148,"date":"2024-10-05T01:43:40","date_gmt":"2024-10-05T05:43:40","guid":{"rendered":"https:\/\/diariodominicano.com\/?p=564148"},"modified":"2024-10-05T02:00:55","modified_gmt":"2024-10-05T06:00:55","slug":"republica-dominicana-gana-plata-en-voleibol-playa-norceca","status":"publish","type":"post","link":"https:\/\/diariodominicano.com\/?p=564148","title":{"rendered":"Rep\u00fablica Dominicana gana plata en voleibol playa Norceca"},"content":{"rendered":"\n<p><strong>Cuba conquista el oro en rama masculina; Estados Unidos en femenino<\/strong> <\/p>\n\n\n\n<p><strong>PUNTA CANA.-&nbsp;<\/strong>Rep\u00fablica Dominicana alcanz\u00f3 este viernes la medalla de plata en la final del torneo&nbsp;de voleibol de playa Norceca, que tuvo como escenario la playa Los Corales, de esta ciudad.<\/p>\n\n\n\n<p>La dupla criolla conformada por&nbsp;Hayerling De Jes\u00fas y Rolvin Maldonado cay\u00f3 ante el binomio cubano Dami\u00e1n G\u00f3mez y Eblis Veranes que se qued\u00f3 con el primer lugar tras finalizar el partido dos sets por cero (21-19,21-19).<\/p>\n\n\n\n<figure class=\"wp-block-gallery has-nested-images columns-default is-cropped wp-block-gallery-1 is-layout-flex wp-block-gallery-is-layout-flex\">\n<figure class=\"wp-block-image size-large\"><img loading=\"lazy\" decoding=\"async\" width=\"1024\" height=\"683\" data-id=\"564160\" src=\"https:\/\/diariodominicano.com\/wp-content\/uploads\/2024\/10\/De-Jesus-y-Maldonado-1024x683.jpg\" alt=\"\" class=\"wp-image-564160\" srcset=\"https:\/\/diariodominicano.com\/wp-content\/uploads\/2024\/10\/De-Jesus-y-Maldonado-1024x683.jpg 1024w, https:\/\/diariodominicano.com\/wp-content\/uploads\/2024\/10\/De-Jesus-y-Maldonado-300x200.jpg 300w, https:\/\/diariodominicano.com\/wp-content\/uploads\/2024\/10\/De-Jesus-y-Maldonado-768x512.jpg 768w, https:\/\/diariodominicano.com\/wp-content\/uploads\/2024\/10\/De-Jesus-y-Maldonado-1536x1024.jpg 1536w, https:\/\/diariodominicano.com\/wp-content\/uploads\/2024\/10\/De-Jesus-y-Maldonado-2048x1365.jpg 2048w, https:\/\/diariodominicano.com\/wp-content\/uploads\/2024\/10\/De-Jesus-y-Maldonado-816x544.jpg 816w\" sizes=\"auto, (max-width: 1024px) 100vw, 1024px\" \/><\/figure>\n<\/figure>\n\n\n\n<p>Los cubanos tuvieron que emplearse a fondo para doblegar a De Jes\u00fas y Maldonado que ofrecieron un gran partido en el torneo que forma la antesala de la octava versi\u00f3n del Cl\u00e1sico Punta Cana que arranca el pr\u00f3ximo domingo y que otorga la clasificaci\u00f3n para los Juegos Panamericanos Junior del 2025.<\/p>\n\n\n\n<figure class=\"wp-block-gallery has-nested-images columns-default is-cropped wp-block-gallery-2 is-layout-flex wp-block-gallery-is-layout-flex\">\n<figure class=\"wp-block-image size-large\"><img loading=\"lazy\" decoding=\"async\" width=\"1024\" height=\"683\" data-id=\"564159\" src=\"https:\/\/diariodominicano.com\/wp-content\/uploads\/2024\/10\/Damian-Gomez-y-Eblis-Veranes-de-Cuba-1024x683.jpg\" alt=\"\" class=\"wp-image-564159\" srcset=\"https:\/\/diariodominicano.com\/wp-content\/uploads\/2024\/10\/Damian-Gomez-y-Eblis-Veranes-de-Cuba-1024x683.jpg 1024w, https:\/\/diariodominicano.com\/wp-content\/uploads\/2024\/10\/Damian-Gomez-y-Eblis-Veranes-de-Cuba-300x200.jpg 300w, https:\/\/diariodominicano.com\/wp-content\/uploads\/2024\/10\/Damian-Gomez-y-Eblis-Veranes-de-Cuba-768x512.jpg 768w, https:\/\/diariodominicano.com\/wp-content\/uploads\/2024\/10\/Damian-Gomez-y-Eblis-Veranes-de-Cuba-1536x1024.jpg 1536w, https:\/\/diariodominicano.com\/wp-content\/uploads\/2024\/10\/Damian-Gomez-y-Eblis-Veranes-de-Cuba-2048x1365.jpg 2048w, https:\/\/diariodominicano.com\/wp-content\/uploads\/2024\/10\/Damian-Gomez-y-Eblis-Veranes-de-Cuba-816x544.jpg 816w\" sizes=\"auto, (max-width: 1024px) 100vw, 1024px\" \/><\/figure>\n<\/figure>\n\n\n\n<p>El tercer pelda\u00f1o de las competencias masculinas correspondi\u00f3 a la dupla canadiense Tynan Gannett y Rouzbeh Rahnavard, que derrotaron dos sets por cero (21-11,21-12) a los representantes de Islas V\u00edrgenes, Garrett Bucklin y William Clements.<\/p>\n\n\n\n<figure class=\"wp-block-gallery has-nested-images columns-default is-cropped wp-block-gallery-3 is-layout-flex wp-block-gallery-is-layout-flex\">\n<figure class=\"wp-block-image size-large\"><img loading=\"lazy\" decoding=\"async\" width=\"1024\" height=\"719\" data-id=\"564158\" src=\"https:\/\/diariodominicano.com\/wp-content\/uploads\/2024\/10\/RD-vs-Cub-1024x719.jpg\" alt=\"\" class=\"wp-image-564158\" srcset=\"https:\/\/diariodominicano.com\/wp-content\/uploads\/2024\/10\/RD-vs-Cub-1024x719.jpg 1024w, https:\/\/diariodominicano.com\/wp-content\/uploads\/2024\/10\/RD-vs-Cub-300x211.jpg 300w, https:\/\/diariodominicano.com\/wp-content\/uploads\/2024\/10\/RD-vs-Cub-768x539.jpg 768w, https:\/\/diariodominicano.com\/wp-content\/uploads\/2024\/10\/RD-vs-Cub-1536x1078.jpg 1536w, https:\/\/diariodominicano.com\/wp-content\/uploads\/2024\/10\/RD-vs-Cub-2048x1437.jpg 2048w, https:\/\/diariodominicano.com\/wp-content\/uploads\/2024\/10\/RD-vs-Cub-816x573.jpg 816w\" sizes=\"auto, (max-width: 1024px) 100vw, 1024px\" \/><\/figure>\n<\/figure>\n\n\n\n<p><strong>Rama femenina<\/strong><\/p>\n\n\n\n<p>La dupla de Estados Unidos que lo integra Xolani Hodel y Alexis Durish se alz\u00f3 con los m\u00e1ximos honores de la rama femenina al vencer a las canadienses Amy Ozee y Kaylee Glagau.<\/p>\n\n\n\n<figure class=\"wp-block-gallery has-nested-images columns-default is-cropped wp-block-gallery-4 is-layout-flex wp-block-gallery-is-layout-flex\">\n<figure class=\"wp-block-image size-large\"><img loading=\"lazy\" decoding=\"async\" width=\"1024\" height=\"683\" data-id=\"564157\" src=\"https:\/\/diariodominicano.com\/wp-content\/uploads\/2024\/10\/Acion-partido-final-RD-vs-CuB-1024x683.jpg\" alt=\"\" class=\"wp-image-564157\" srcset=\"https:\/\/diariodominicano.com\/wp-content\/uploads\/2024\/10\/Acion-partido-final-RD-vs-CuB-1024x683.jpg 1024w, https:\/\/diariodominicano.com\/wp-content\/uploads\/2024\/10\/Acion-partido-final-RD-vs-CuB-300x200.jpg 300w, https:\/\/diariodominicano.com\/wp-content\/uploads\/2024\/10\/Acion-partido-final-RD-vs-CuB-768x512.jpg 768w, https:\/\/diariodominicano.com\/wp-content\/uploads\/2024\/10\/Acion-partido-final-RD-vs-CuB-1536x1024.jpg 1536w, https:\/\/diariodominicano.com\/wp-content\/uploads\/2024\/10\/Acion-partido-final-RD-vs-CuB-2048x1365.jpg 2048w, https:\/\/diariodominicano.com\/wp-content\/uploads\/2024\/10\/Acion-partido-final-RD-vs-CuB-816x544.jpg 816w\" sizes=\"auto, (max-width: 1024px) 100vw, 1024px\" \/><\/figure>\n<\/figure>\n\n\n\n<p>Hodel y Durish conquistaron la medalla dorada tras lograr un marcador de dos sets por&nbsp; cero (21-7,21-16).<\/p>\n\n\n\n<p>Por otro lado, las estadounidenses Mariah Whalen y Molly Phillips se conformaron por el tercer lugar tras imponerse ante las integrantes de Islas V\u00edrgenes con marcador (21-16,21-13).<\/p>\n\n\n\n<p>Whalen y Phillips necesitaron apenas 37 minutos para doblegar a Tara Austin y Taylor Buckner.<\/p>\n\n\n\n<p>Entre los pa\u00edses que vieron acciones en este torneo se encuentran, Islas Cayman, Costa Rica, Cuba, El Salvador, Guatemala, Jamaica, Nicaragua, Islas V\u00edrgenes, Estados Unidos, Bermudas, Trinidad y Tobago, Suriname, entre otros.<\/p>\n\n\n\n<p>El torneo form\u00f3 parte del programa de competiciones de la Fundaci\u00f3n Turismo Deportivo y tuvo como presidente del Comit\u00e9 Organizador al licenciado Ernesto Veloz, presidente de la Asociaci\u00f3n de Hoteles y Proyectos Tur\u00edsticos en la Zona Este (Asoleste).<\/p>\n\n\n\n<p>Bienvenido Carmona P\u00e9rez bienvenidocarmona@gmail.com <\/p>\n","protected":false},"excerpt":{"rendered":"<p>Cuba conquista el oro en rama masculina; Estados Unidos en femenino PUNTA CANA.-&nbsp;Rep\u00fablica Dominicana alcanz\u00f3 este viernes la medalla de plata en la final del torneo&nbsp;de voleibol de playa Norceca, que tuvo como escenario la playa Los Corales, de esta ciudad. La dupla criolla conformada por&nbsp;Hayerling De Jes\u00fas y Rolvin Maldonado cay\u00f3 ante el binomio [&hellip;]<\/p>\n","protected":false},"author":7,"featured_media":564161,"comment_status":"closed","ping_status":"closed","sticky":false,"template":"","format":"standard","meta":{"footnotes":""},"categories":[17],"tags":[333,197,335,334],"class_list":["post-564148","post","type-post","status-publish","format-standard","has-post-thumbnail","hentry","category-deportes","tag-norceca","tag-republica-dominicana","tag-voleibol","tag-voleibol-playa-norceca"],"_links":{"self":[{"href":"https:\/\/diariodominicano.com\/index.php?rest_route=\/wp\/v2\/posts\/564148","targetHints":{"allow":["GET"]}}],"collection":[{"href":"https:\/\/diariodominicano.com\/index.php?rest_route=\/wp\/v2\/posts"}],"about":[{"href":"https:\/\/diariodominicano.com\/index.php?rest_route=\/wp\/v2\/types\/post"}],"author":[{"embeddable":true,"href":"https:\/\/diariodominicano.com\/index.php?rest_route=\/wp\/v2\/users\/7"}],"replies":[{"embeddable":true,"href":"https:\/\/diariodominicano.com\/index.php?rest_route=%2Fwp%2Fv2%2Fcomments&post=564148"}],"version-history":[{"count":1,"href":"https:\/\/diariodominicano.com\/index.php?rest_route=\/wp\/v2\/posts\/564148\/revisions"}],"predecessor-version":[{"id":564162,"href":"https:\/\/diariodominicano.com\/index.php?rest_route=\/wp\/v2\/posts\/564148\/revisions\/564162"}],"wp:featuredmedia":[{"embeddable":true,"href":"https:\/\/diariodominicano.com\/index.php?rest_route=\/wp\/v2\/media\/564161"}],"wp:attachment":[{"href":"https:\/\/diariodominicano.com\/index.php?rest_route=%2Fwp%2Fv2%2Fmedia&parent=564148"}],"wp:term":[{"taxonomy":"category","embeddable":true,"href":"https:\/\/diariodominicano.com\/index.php?rest_route=%2Fwp%2Fv2%2Fcategories&post=564148"},{"taxonomy":"post_tag","embeddable":true,"href":"https:\/\/diariodominicano.com\/index.php?rest_route=%2Fwp%2Fv2%2Ftags&post=564148"}],"curies":[{"name":"wp","href":"https:\/\/api.w.org\/{rel}","templated":true}]}}