{"id":564119,"date":"2024-10-04T18:24:02","date_gmt":"2024-10-04T22:24:02","guid":{"rendered":"https:\/\/diariodominicano.com\/?p=564119"},"modified":"2024-10-05T01:26:25","modified_gmt":"2024-10-05T05:26:25","slug":"inauguracion-de-la-exposicion-fotografica-republica-dominicana-submarina","status":"publish","type":"post","link":"https:\/\/diariodominicano.com\/?p=564119","title":{"rendered":"Inauguraci\u00f3n de la exposici\u00f3n fotogr\u00e1fica \u00abRep\u00fablica Dominicana Submarina\u00bb"},"content":{"rendered":"\n<p>La Alianza Francesa de Santo Domingo, en colaboraci\u00f3n con la Embajada de Francia en la Rep\u00fablica Dominicana, se complace en anunciar la inauguraci\u00f3n de la exposici\u00f3n fotogr\u00e1fica \u00abRep\u00fablica Dominicana Submarina\u00bb, una muestra que invita a explorar la biodiversidad marina del pa\u00eds, de la mano de los reconocidos fot\u00f3grafos dominicanos Jos\u00e9 Alejandro \u00c1lvarez e Ysabela Coll.<\/p>\n\n\n\n<p>La exposici\u00f3n se inaugurar\u00e1 el viernes 4 de octubre de 2024 a las 7:00 PM en la Galer\u00eda de la Alianza Francesa de Santo Domingo.<\/p>\n\n\n\n<figure class=\"wp-block-gallery has-nested-images columns-default is-cropped wp-block-gallery-1 is-layout-flex wp-block-gallery-is-layout-flex\">\n<figure class=\"wp-block-image size-large\"><img loading=\"lazy\" decoding=\"async\" width=\"1024\" height=\"682\" data-id=\"564140\" src=\"https:\/\/diariodominicano.com\/wp-content\/uploads\/2024\/10\/Inauguracion-la-exposicion-fotografica-Republica-Dominicana-Submarina-1024x682.jpg\" alt=\"\" class=\"wp-image-564140\" srcset=\"https:\/\/diariodominicano.com\/wp-content\/uploads\/2024\/10\/Inauguracion-la-exposicion-fotografica-Republica-Dominicana-Submarina-1024x682.jpg 1024w, https:\/\/diariodominicano.com\/wp-content\/uploads\/2024\/10\/Inauguracion-la-exposicion-fotografica-Republica-Dominicana-Submarina-300x200.jpg 300w, https:\/\/diariodominicano.com\/wp-content\/uploads\/2024\/10\/Inauguracion-la-exposicion-fotografica-Republica-Dominicana-Submarina-768x512.jpg 768w, https:\/\/diariodominicano.com\/wp-content\/uploads\/2024\/10\/Inauguracion-la-exposicion-fotografica-Republica-Dominicana-Submarina-1536x1023.jpg 1536w, https:\/\/diariodominicano.com\/wp-content\/uploads\/2024\/10\/Inauguracion-la-exposicion-fotografica-Republica-Dominicana-Submarina-816x544.jpg 816w, https:\/\/diariodominicano.com\/wp-content\/uploads\/2024\/10\/Inauguracion-la-exposicion-fotografica-Republica-Dominicana-Submarina.jpg 1800w\" sizes=\"auto, (max-width: 1024px) 100vw, 1024px\" \/><\/figure>\n<\/figure>\n\n\n\n<p>Con m\u00e1s de 30 a\u00f1os de experiencia combinada en la fotograf\u00eda submarina, \u00c1lvarez y Coll han seleccionado 37 im\u00e1genes que presentan la rica diversidad de los ecosistemas marinos de la Rep\u00fablica Dominicana. Las fotograf\u00edas revelan la interconexi\u00f3n de especies y h\u00e1bitats marinos, desde los manglares hasta las profundidades del oc\u00e9ano, mostrando la fragilidad de estos entornos ante las amenazas medioambientales.<\/p>\n\n\n\n<figure class=\"wp-block-gallery has-nested-images columns-default is-cropped wp-block-gallery-2 is-layout-flex wp-block-gallery-is-layout-flex\">\n<figure class=\"wp-block-image size-large\"><img loading=\"lazy\" decoding=\"async\" width=\"1024\" height=\"678\" data-id=\"564137\" src=\"https:\/\/diariodominicano.com\/wp-content\/uploads\/2024\/10\/Inauguracion-de-la-exposicion-fotografica-Republica-Dominicana-Submarina-1024x678.jpg\" alt=\"\" class=\"wp-image-564137\" srcset=\"https:\/\/diariodominicano.com\/wp-content\/uploads\/2024\/10\/Inauguracion-de-la-exposicion-fotografica-Republica-Dominicana-Submarina-1024x678.jpg 1024w, https:\/\/diariodominicano.com\/wp-content\/uploads\/2024\/10\/Inauguracion-de-la-exposicion-fotografica-Republica-Dominicana-Submarina-300x199.jpg 300w, https:\/\/diariodominicano.com\/wp-content\/uploads\/2024\/10\/Inauguracion-de-la-exposicion-fotografica-Republica-Dominicana-Submarina-768x509.jpg 768w, https:\/\/diariodominicano.com\/wp-content\/uploads\/2024\/10\/Inauguracion-de-la-exposicion-fotografica-Republica-Dominicana-Submarina-1536x1017.jpg 1536w, https:\/\/diariodominicano.com\/wp-content\/uploads\/2024\/10\/Inauguracion-de-la-exposicion-fotografica-Republica-Dominicana-Submarina-816x540.jpg 816w, https:\/\/diariodominicano.com\/wp-content\/uploads\/2024\/10\/Inauguracion-de-la-exposicion-fotografica-Republica-Dominicana-Submarina.jpg 1800w\" sizes=\"auto, (max-width: 1024px) 100vw, 1024px\" \/><\/figure>\n<\/figure>\n\n\n\n<p>Esta exposici\u00f3n no solo destaca la belleza natural de la fauna marina del pa\u00eds, sino que tambi\u00e9n busca generar conciencia sobre la importancia de su conservaci\u00f3n. Especies emblem\u00e1ticas como la ballena jorobada, el manat\u00ed y la tortuga tinglar protagonizan esta muestra, que combina lo est\u00e9tico con lo cient\u00edfico, brindando una experiencia educativa para todos los visitantes.<\/p>\n\n\n\n<figure class=\"wp-block-gallery has-nested-images columns-default is-cropped wp-block-gallery-3 is-layout-flex wp-block-gallery-is-layout-flex\">\n<figure class=\"wp-block-image size-large\"><img loading=\"lazy\" decoding=\"async\" width=\"1024\" height=\"682\" data-id=\"564136\" src=\"https:\/\/diariodominicano.com\/wp-content\/uploads\/2024\/10\/Inauguracion-de-la-exposicion-fotografica-Rep.-Dom.-Submarina-1024x682.jpg\" alt=\"\" class=\"wp-image-564136\" srcset=\"https:\/\/diariodominicano.com\/wp-content\/uploads\/2024\/10\/Inauguracion-de-la-exposicion-fotografica-Rep.-Dom.-Submarina-1024x682.jpg 1024w, https:\/\/diariodominicano.com\/wp-content\/uploads\/2024\/10\/Inauguracion-de-la-exposicion-fotografica-Rep.-Dom.-Submarina-300x200.jpg 300w, https:\/\/diariodominicano.com\/wp-content\/uploads\/2024\/10\/Inauguracion-de-la-exposicion-fotografica-Rep.-Dom.-Submarina-768x512.jpg 768w, https:\/\/diariodominicano.com\/wp-content\/uploads\/2024\/10\/Inauguracion-de-la-exposicion-fotografica-Rep.-Dom.-Submarina-1536x1023.jpg 1536w, https:\/\/diariodominicano.com\/wp-content\/uploads\/2024\/10\/Inauguracion-de-la-exposicion-fotografica-Rep.-Dom.-Submarina-816x544.jpg 816w, https:\/\/diariodominicano.com\/wp-content\/uploads\/2024\/10\/Inauguracion-de-la-exposicion-fotografica-Rep.-Dom.-Submarina.jpg 1800w\" sizes=\"auto, (max-width: 1024px) 100vw, 1024px\" \/><\/figure>\n<\/figure>\n\n\n\n<p>Adem\u00e1s, la exhibici\u00f3n incluye un cortometraje audiovisual que muestra im\u00e1genes capturadas en expediciones submarinas realizadas en otros mares, ofreciendo un contraste entre la exuberancia y la vulnerabilidad de los oc\u00e9anos del mundo. As\u00ed mismo el s\u00e1bado 5 de octubre a las 10:00 AM en la misma Galer\u00eda, se ofrecer\u00e1 una charla educativa sobre los arrecifes de coral en la Rep\u00fablica Dominicana. Esta ser\u00e1 a cargo del Dr. en biolog\u00eda marina Rub\u00e9n Torres, seguida de una visita guiada por el Sr. Jos\u00e9 Alejandro \u00c1lvarez. Para los autores, esta muestra es una oportunidad para sensibilizar al p\u00fablico sobre la necesidad de proteger los ecosistemas marinos, especialmente en un contexto insular como el de la Rep\u00fablica<\/p>\n\n\n\n<figure class=\"wp-block-gallery has-nested-images columns-default is-cropped wp-block-gallery-4 is-layout-flex wp-block-gallery-is-layout-flex\">\n<figure class=\"wp-block-image size-large\"><img loading=\"lazy\" decoding=\"async\" width=\"1024\" height=\"683\" data-id=\"564125\" src=\"https:\/\/diariodominicano.com\/wp-content\/uploads\/2024\/10\/Inauguracion-de-exposicion-fotografica-Rep.-Dom.-Submarina-1024x683.jpg\" alt=\"\" class=\"wp-image-564125\" srcset=\"https:\/\/diariodominicano.com\/wp-content\/uploads\/2024\/10\/Inauguracion-de-exposicion-fotografica-Rep.-Dom.-Submarina-1024x683.jpg 1024w, https:\/\/diariodominicano.com\/wp-content\/uploads\/2024\/10\/Inauguracion-de-exposicion-fotografica-Rep.-Dom.-Submarina-300x200.jpg 300w, https:\/\/diariodominicano.com\/wp-content\/uploads\/2024\/10\/Inauguracion-de-exposicion-fotografica-Rep.-Dom.-Submarina-768x512.jpg 768w, https:\/\/diariodominicano.com\/wp-content\/uploads\/2024\/10\/Inauguracion-de-exposicion-fotografica-Rep.-Dom.-Submarina-1536x1024.jpg 1536w, https:\/\/diariodominicano.com\/wp-content\/uploads\/2024\/10\/Inauguracion-de-exposicion-fotografica-Rep.-Dom.-Submarina-816x544.jpg 816w, https:\/\/diariodominicano.com\/wp-content\/uploads\/2024\/10\/Inauguracion-de-exposicion-fotografica-Rep.-Dom.-Submarina.jpg 1800w\" sizes=\"auto, (max-width: 1024px) 100vw, 1024px\" \/><\/figure>\n<\/figure>\n\n\n\n<p>Dominicana, donde los efectos del cambio clim\u00e1tico, la sobrepesca y la contaminaci\u00f3n son evidentes en la degradaci\u00f3n de los arrecifes y la fauna submarina.<\/p>\n\n\n\n<figure class=\"wp-block-gallery has-nested-images columns-default is-cropped wp-block-gallery-5 is-layout-flex wp-block-gallery-is-layout-flex\">\n<figure class=\"wp-block-image size-large\"><img loading=\"lazy\" decoding=\"async\" width=\"1024\" height=\"682\" data-id=\"564138\" src=\"https:\/\/diariodominicano.com\/wp-content\/uploads\/2024\/10\/Inauguracion-de-la-exposicion-fotografica-1024x682.jpg\" alt=\"\" class=\"wp-image-564138\" srcset=\"https:\/\/diariodominicano.com\/wp-content\/uploads\/2024\/10\/Inauguracion-de-la-exposicion-fotografica-1024x682.jpg 1024w, https:\/\/diariodominicano.com\/wp-content\/uploads\/2024\/10\/Inauguracion-de-la-exposicion-fotografica-300x200.jpg 300w, https:\/\/diariodominicano.com\/wp-content\/uploads\/2024\/10\/Inauguracion-de-la-exposicion-fotografica-768x512.jpg 768w, https:\/\/diariodominicano.com\/wp-content\/uploads\/2024\/10\/Inauguracion-de-la-exposicion-fotografica-1536x1023.jpg 1536w, https:\/\/diariodominicano.com\/wp-content\/uploads\/2024\/10\/Inauguracion-de-la-exposicion-fotografica-816x544.jpg 816w, https:\/\/diariodominicano.com\/wp-content\/uploads\/2024\/10\/Inauguracion-de-la-exposicion-fotografica.jpg 1800w\" sizes=\"auto, (max-width: 1024px) 100vw, 1024px\" \/><\/figure>\n\n\n\n<figure class=\"wp-block-image size-large\"><img loading=\"lazy\" decoding=\"async\" width=\"819\" height=\"1024\" data-id=\"564135\" src=\"https:\/\/diariodominicano.com\/wp-content\/uploads\/2024\/10\/Inauguracion-de-la-exposicion-fotografica-Submarina-819x1024.jpg\" alt=\"\" class=\"wp-image-564135\" srcset=\"https:\/\/diariodominicano.com\/wp-content\/uploads\/2024\/10\/Inauguracion-de-la-exposicion-fotografica-Submarina-819x1024.jpg 819w, https:\/\/diariodominicano.com\/wp-content\/uploads\/2024\/10\/Inauguracion-de-la-exposicion-fotografica-Submarina-240x300.jpg 240w, https:\/\/diariodominicano.com\/wp-content\/uploads\/2024\/10\/Inauguracion-de-la-exposicion-fotografica-Submarina-768x960.jpg 768w, https:\/\/diariodominicano.com\/wp-content\/uploads\/2024\/10\/Inauguracion-de-la-exposicion-fotografica-Submarina-1229x1536.jpg 1229w, https:\/\/diariodominicano.com\/wp-content\/uploads\/2024\/10\/Inauguracion-de-la-exposicion-fotografica-Submarina-816x1020.jpg 816w, https:\/\/diariodominicano.com\/wp-content\/uploads\/2024\/10\/Inauguracion-de-la-exposicion-fotografica-Submarina.jpg 1440w\" sizes=\"auto, (max-width: 819px) 100vw, 819px\" \/><\/figure>\n<\/figure>\n\n\n\n<p>La exposici\u00f3n estar\u00e1 abierta al p\u00fablico hasta el 29 de octubre en horario de 9:00 AM a 7:00 PM de lunes a viernes y los s\u00e1bados de 9:00 a 1:00 PM en la Galer\u00eda de la Alianza Francesa de Santo Domingo. <\/p>\n\n\n\n<p><strong>Erika Santelices<\/strong>\u00a0&lt;erikasantel@gmail.com> <\/p>\n","protected":false},"excerpt":{"rendered":"<p>La Alianza Francesa de Santo Domingo, en colaboraci\u00f3n con la Embajada de Francia en la Rep\u00fablica Dominicana, se complace en anunciar la inauguraci\u00f3n de la exposici\u00f3n fotogr\u00e1fica \u00abRep\u00fablica Dominicana Submarina\u00bb, una muestra que invita a explorar la biodiversidad marina del pa\u00eds, de la mano de los reconocidos fot\u00f3grafos dominicanos Jos\u00e9 Alejandro \u00c1lvarez e Ysabela Coll. [&hellip;]<\/p>\n","protected":false},"author":7,"featured_media":564139,"comment_status":"closed","ping_status":"closed","sticky":false,"template":"","format":"standard","meta":{"footnotes":""},"categories":[25],"tags":[],"class_list":["post-564119","post","type-post","status-publish","format-standard","has-post-thumbnail","hentry","category-gente"],"_links":{"self":[{"href":"https:\/\/diariodominicano.com\/index.php?rest_route=\/wp\/v2\/posts\/564119","targetHints":{"allow":["GET"]}}],"collection":[{"href":"https:\/\/diariodominicano.com\/index.php?rest_route=\/wp\/v2\/posts"}],"about":[{"href":"https:\/\/diariodominicano.com\/index.php?rest_route=\/wp\/v2\/types\/post"}],"author":[{"embeddable":true,"href":"https:\/\/diariodominicano.com\/index.php?rest_route=\/wp\/v2\/users\/7"}],"replies":[{"embeddable":true,"href":"https:\/\/diariodominicano.com\/index.php?rest_route=%2Fwp%2Fv2%2Fcomments&post=564119"}],"version-history":[{"count":2,"href":"https:\/\/diariodominicano.com\/index.php?rest_route=\/wp\/v2\/posts\/564119\/revisions"}],"predecessor-version":[{"id":564145,"href":"https:\/\/diariodominicano.com\/index.php?rest_route=\/wp\/v2\/posts\/564119\/revisions\/564145"}],"wp:featuredmedia":[{"embeddable":true,"href":"https:\/\/diariodominicano.com\/index.php?rest_route=\/wp\/v2\/media\/564139"}],"wp:attachment":[{"href":"https:\/\/diariodominicano.com\/index.php?rest_route=%2Fwp%2Fv2%2Fmedia&parent=564119"}],"wp:term":[{"taxonomy":"category","embeddable":true,"href":"https:\/\/diariodominicano.com\/index.php?rest_route=%2Fwp%2Fv2%2Fcategories&post=564119"},{"taxonomy":"post_tag","embeddable":true,"href":"https:\/\/diariodominicano.com\/index.php?rest_route=%2Fwp%2Fv2%2Ftags&post=564119"}],"curies":[{"name":"wp","href":"https:\/\/api.w.org\/{rel}","templated":true}]}}